{"id":37097,"date":"2018-12-11T19:57:29","date_gmt":"2018-12-11T18:57:29","guid":{"rendered":"http:\/\/www.area-press.eu\/comunicatistampa\/?p=37097"},"modified":"2018-12-11T19:57:29","modified_gmt":"2018-12-11T18:57:29","slug":"torna-lo-spettacolo-uomini-terra-terra-di-giorgio-cardinali","status":"publish","type":"post","link":"https:\/\/www.area-press.eu\/comunicatistampa\/2018\/12\/11\/torna-lo-spettacolo-uomini-terra-terra-di-giorgio-cardinali\/","title":{"rendered":"Torna lo spettacolo &#8220;Uomini Terra Terra&#8221; di Giorgio Cardinali"},"content":{"rendered":"<p><em>Il prossimo 6 aprile 2019 saranno passati 10 anni dal terremoto che ha distrutto l\u2019Aquila, uccidendo 309 persone.<\/em><\/p>\n<p><em>Un \u201cdisastro naturale\u201d! L\u2019hanno scritto e detto giornalisti, scienziati e politici. <\/em><\/p>\n<p><em>Per l\u2019occasione torna dal 18 al 23 dicembre al Teatro Stanze Segrete lo spettacolo \u201cUomini Terra Terra\u201d di e con Giorgio Cardinali, con la regia di\u00a0 Sara Greco Valerio e con le musiche di\u00a0 Mauro Tiberi.<\/em><\/p>\n<p><em>Il terremoto \u00e8 un fenomeno naturale non ancora del tutto prevedibile, ma i rischi che incombevano sulla popolazione sono stati trascurati, mal valutati da autorit\u00e0, tecnici e scienziati portando ad un\u2019ennesima vicenda \u201ctutta italiana\u201d.<\/em><\/p>\n<p><em>\u201cUomini Terra Terra\u201d ricostruisce i fatti e gli umori dei protagonisti nei giorni che hanno preceduto il terremoto distruttivo.<\/em><\/p>\n<p><em>Bertolaso, Boschi, Barberi, De Bernardinis, ecc., depositari sacri della conoscenza, al vertice \u00a0del sistema del sapere che, con la loro comunicazione dolosa, hanno condizionato parte dei cittadini aquilani conducendoli a scelte letali. <\/em><\/p>\n<p><em>Giampaolo Giuliani, lo sciamano eretico che, affermando di poter prevedere il sisma, si \u00e8 contrapposto alle istituzioni scientifiche, andando a minare l\u2019autorevolezza dell\u2019istituzione stessa.<\/em><\/p>\n<p><em>I cittadini\u00a0 che, coinvolti in una sparatoria fra comunicazioni rassicuranti della Commissione Grande Rischi e messaggi allarmistici dello sciamano, assordati dal frastuono dei giornali e televisioni, hanno perso il contatto ancestrale con la Terra, quel \u201ccontatto\u201d con il terremoto che gli aquilani hanno stratificato nella propria cultura.<\/em><\/p>\n<p><em>In quella baraonda \u00e8 \u201cvero\u201d ci\u00f2 che si vede in TV, si legge sui giornali, si ascolta dai comunicati stampa, il resto non esiste. Non c\u2019\u00e8.<\/em><\/p>\n<p><em>Non c\u2019\u00e8 neanche il terremoto! Una faglia in movimento, una spaccatura che divide e separa le vicende degli uomini da quella notte di aprile. <\/em><\/p>\n<p><em>\u201cUomini Terra Terra\u201d significa tenere viva la memoria che non pu\u00f2 e non deve andare perduta, perch\u00e9 quello che \u00e8 successo a causa di un errore dell\u2019uomo, \u00e8 una ferita che attraversa la storia dell\u2019Italia intera, che alluvione dopo sisma, treno dopo ponte, si trova sempre pi\u00f9 in stato comatoso.<\/em><\/p>\n","protected":false},"excerpt":{"rendered":"<p>Il prossimo 6 aprile 2019 saranno passati 10 anni dal terremoto che ha distrutto l\u2019Aquila, uccidendo 309 persone. Un \u201cdisastro naturale\u201d! L\u2019hanno scritto e detto giornalisti, scienziati e politici. Per l\u2019occasione torna dal 18 al 23 dicembre al Teatro Stanze Segrete lo spettacolo \u201cUomini Terra Terra\u201d di e con Giorgio Cardinali, con la regia di\u00a0 [&hellip;]<\/p>\n","protected":false},"author":4059,"featured_media":0,"comment_status":"open","ping_status":"open","sticky":false,"template":"","format":"standard","meta":{"footnotes":""},"categories":[],"tags":[],"class_list":["post-37097","post","type-post","status-publish","format-standard","hentry"],"_links":{"self":[{"href":"https:\/\/www.area-press.eu\/comunicatistampa\/wp-json\/wp\/v2\/posts\/37097","targetHints":{"allow":["GET"]}}],"collection":[{"href":"https:\/\/www.area-press.eu\/comunicatistampa\/wp-json\/wp\/v2\/posts"}],"about":[{"href":"https:\/\/www.area-press.eu\/comunicatistampa\/wp-json\/wp\/v2\/types\/post"}],"author":[{"embeddable":true,"href":"https:\/\/www.area-press.eu\/comunicatistampa\/wp-json\/wp\/v2\/users\/4059"}],"replies":[{"embeddable":true,"href":"https:\/\/www.area-press.eu\/comunicatistampa\/wp-json\/wp\/v2\/comments?post=37097"}],"version-history":[{"count":1,"href":"https:\/\/www.area-press.eu\/comunicatistampa\/wp-json\/wp\/v2\/posts\/37097\/revisions"}],"predecessor-version":[{"id":37098,"href":"https:\/\/www.area-press.eu\/comunicatistampa\/wp-json\/wp\/v2\/posts\/37097\/revisions\/37098"}],"wp:attachment":[{"href":"https:\/\/www.area-press.eu\/comunicatistampa\/wp-json\/wp\/v2\/media?parent=37097"}],"wp:term":[{"taxonomy":"category","embeddable":true,"href":"https:\/\/www.area-press.eu\/comunicatistampa\/wp-json\/wp\/v2\/categories?post=37097"},{"taxonomy":"post_tag","embeddable":true,"href":"https:\/\/www.area-press.eu\/comunicatistampa\/wp-json\/wp\/v2\/tags?post=37097"}],"curies":[{"name":"wp","href":"https:\/\/api.w.org\/{rel}","templated":true}]}}