{"id":37055,"date":"2018-12-11T12:34:12","date_gmt":"2018-12-11T11:34:12","guid":{"rendered":"http:\/\/www.area-press.eu\/comunicatistampa\/?p=37055"},"modified":"2018-12-11T12:34:12","modified_gmt":"2018-12-11T11:34:12","slug":"lhermitage-rende-onore-ad-achille-perilli","status":"publish","type":"post","link":"https:\/\/www.area-press.eu\/comunicatistampa\/2018\/12\/11\/lhermitage-rende-onore-ad-achille-perilli\/","title":{"rendered":"l&#8217;Hermitage rende onore ad Achille Perilli"},"content":{"rendered":"<h3><img loading=\"lazy\" decoding=\"async\" src=\"https:\/\/scontent-mxp1-1.xx.fbcdn.net\/v\/t1.0-9\/47324588_2003939219653733_4949122520629379072_n.jpg?_nc_cat=100&amp;_nc_ht=scontent-mxp1-1.xx&amp;oh=0be975929107bd23ceea2ba9fc430689&amp;oe=5CA28DE9\" alt=\"Abstract Art in Italy. Achille Perilli. Geometrie eretiche\" width=\"960\" height=\"635\" \/><\/h3>\n<h3>Il Museo Hermitage di San Pietroburgo rende onore ad un grande maestro dell\u2019astrattismo italiano con la mostra retrospettiva \u201cAbstract Art in Italy. Achille Perilli. Geometrie Eretiche\u201d che si inaugura marted\u00ec 18 dicembre nella sontuosa cornice del museo russo.<\/h3>\n<blockquote><p>\nLa mostra, realizzata con il patrocinio dell\u2019Ambasciata Italiana a Mosca, \u00e8 organizzata in collaborazione con l\u2019Artista e l\u2019Archivio Perilli ed \u00e8 a cura di Dimitri Ozerkov (direttore del Dipartimento di Arte Contemporanea del Museo Hermitage) e Luca Barsi (direttore della Galleria Accademia di Torino e gi\u00e0 curatore di altre prestigiose mostre internazionali).<br \/>\nIl percorso espositivo presenta un corpus di opere che ripercorre 70 anni di carriera ed \u00e8 articolato in sezioni volte ad indagare la lunga vicenda artistica di Perilli, teorico dell\u2019Irrazionale Geometrico.<br \/>\nTra i dipinti esposti all\u2019Hermitage spiccano alcune opere storiche, come il Paesaggio astratto del 1947 (realizzato dopo il viaggio a Praga con Piero Dorazio ed esposto alla Galleria Art Club nella prima mostra del Gruppo Forma 1, primo movimento d\u2019arte astratta Europeo del secondo dopoguerra) e le grandi opere (3 metri per 2) che Perilli ha realizzato tra la seconda met\u00e0 degli anni \u201860 e l\u2019inizio degli anni \u201880.<br \/>\nLe opere in mostra provengono da prestigiose collezioni pubbliche e private e in alcuni casi sono esposte per la prima volta al pubblico in occasione di questo evento che consacra l\u2019artista romano tra i grandi maestri contemporanei.<br \/>\nLa mostra \u201cAbstract Art in Italy. Achille Perilli. Geometrie Eretiche\u201d \u00e8 corredata da un catalogo, curato da Luca Barsi per il Cigno Edizioni, che, prendendo spunto dalle opere esposte, ripercorre tutta l&#8217;attivit\u00e0 di Perilli scandendola per decenni.<\/p>\n<p><img loading=\"lazy\" decoding=\"async\" src=\"https:\/\/scontent-mxp1-1.xx.fbcdn.net\/v\/t1.0-9\/47577055_2005504812830507_2864464125226909696_n.jpg?_nc_cat=108&amp;_nc_ht=scontent-mxp1-1.xx&amp;oh=c75e8dc13c060428a8fb995dd811a61f&amp;oe=5C9BC176\" alt=\"Perilli - Dedans dehors - Tecnica mista su tela - cm 200x300 - 1983\" width=\"960\" height=\"719\" \/><\/p><\/blockquote>\n<p><img loading=\"lazy\" decoding=\"async\" class=\"alignleft\" src=\"https:\/\/scontent-mxp1-1.xx.fbcdn.net\/v\/t1.0-9\/48365918_2005504919497163_2115742813185376256_n.jpg?_nc_cat=106&amp;_nc_ht=scontent-mxp1-1.xx&amp;oh=ab07f66707d0830e266721ee6cebee76&amp;oe=5C9B7BA6\" alt=\"Achille Perilli\" width=\"191\" height=\"196\" \/>Cenni biografici:<\/p>\n<p>Allievo di Lionello Venturi e Giuseppe Ungaretti, Achille Perilli, nel 1947, firma, insieme a Accardi, Attardi, Consagra, Dorazio, Guerrini, Sanfilippo e Turcato, il Manifesto di Forma Uno.<br \/>\nNel 1948 Perilli soggiorna a Parigi per un breve periodo e ha la possibilit\u00e0 di conoscere direttamente il dadaismo e il surrealismo nelle persone di Tristan Tzara, Anna Hoch, Hans Arp e di partecipare al fianco di Venturi al I Congresso internazionale di critica d&#8217;arte. In una costante ricerca, guidato da curiosit\u00e0 e ironia, Perilli guarda sempre a nuove possibili rotte da poter navigare. \u201cL\u2019esperienza moderna\u201d, rivista fondata con Novelli nel 1957, ne \u00e8 un esempio, un\u2019occasione straordinaria nella quale, oltre alle presenze tutelari di Kandinskij, Klee, Schwitters, Picabia e Gorky, sono coinvolti, fra gli altri, Arp, Ernst, Man Ray, Fontana, Capogrossi, Alechinsky, Kline, Accardi, Soulages, Sonderborg, Twombly. Nel 1959 espone alla V Biennale di San Paolo in Brasile. Nel 1962 e nel 1968 ha una Sala Personale alla XXXI e alla XXXIV Biennale Internazionale d\u2019Arte di Venezia L\u2019esperienza veneziana gli d\u00e0 la possibilit\u00e0 di presentare due momenti cruciali del suo percorso artistico. Nel 1962 la sala \u00e8 completamente consacrata ai \u201cfumetti\u201d mentre nel 1968 sono esposti i risultati delle sue ultime ricerche su \u201cl\u2019irrazionale geometrico\u201d che, da quel momento, segner\u00e0 il suo futuro destino artistico. Fra le opere pi\u00f9 interessanti esposte nel 1968 c\u2019era \u201cLa source\u201d, opera del 1967, recentemente acquisita dal Centre Pompidou. Nel 1964 fonda, con Alfredo Giuliani, Giorgio Manganelli e Gastone Novelli, \u201cGrammatica\u201d, rivista della neoavanguardia artistica e letteraria, con interessi per l\u2019editoria, la pittura, la critica e il teatro, settore, quest\u2019ultimo, nel quale Perilli sperimenta molto coniugando la ricerca musicale pi\u00f9 avanzata di compositori come Luigi Nono, Luciano Berio e Aldo Clementi con il teatro d\u2019avanguardia, in spettacoli andati in scena al Teatro alla Scala di Milano (\u201cMutazioni\u201d, 1965) e al Teatro dell\u2019Opera di Roma (\u201cDies Irae\u201d, 1978).<br \/>\nNel 1988 la Galleria Nazionale d\u2019Arte Moderna di Roma lo celebra con una retrospettiva, a cura di Pia Vivarelli. Negli anni 2000 Perilli continua a lavorare e ad esporre in numerose mostre collettive e personali oltre ad essere presente in importanti collezioni pubbliche e private. Dal 1995 \u00e8 membro dell&#8217;Accademia Nazionale di San Luca. Attualmente, \u00e8 in preparazione il Catalogo generale della pittura e della scultura, a cura di Giuseppe Appella, Silvana Editoriale Milano.<\/p>\n<blockquote><p>\nCoordinate mostra:<\/p>\n<p>Abstract Art in Italy<br \/>\nAchille Perilli<br \/>\nGeometrie eretiche<br \/>\nA cura di Dimitri Ozerkovb e Luca Barsi<\/p>\n<p>19 dicembre 2018 &#8211; 3 febbraio 2019<br \/>\nMuseo Hermitage, San Pietroburgo<\/p>\n<p>Inaugurazione marted\u00ec 18 dicembre ore 14:00<\/p>\n<p>Ingresso: compreso nel biglietto di ingresso al Museo Hermitage<\/p>\n<p>Con il patrocinio di<br \/>\nAmbasciata Italiana a Mosca<\/p>\n<p>Organizzazione generale<br \/>\nGalleria Accademia \u2013 Torino<\/p>\n<p>In collaborazione con<br \/>\nArchivio Perilli &#8211; Roma<br \/>\nMuseo Hermitage \u2013 San Pietroburgo<\/p>\n<p>Catalogo<br \/>\nIl Cigno Edizioni &#8211; Roma<\/p>\n<p>Organization Partners<br \/>\n<a href=\"https:\/\/www.art-investment.it\/tag\/achille-perilli\/\" target=\"_blank\" rel=\"noopener\">Art Investment<\/a> \u2013 Milano<br \/>\n<a href=\"mailto:morgana.consulting@gmail.com\" target=\"_blank\" rel=\"noopener\">morgana.consulting@gmail.com<\/a><br \/>\nGiuseppe Morgana<\/p>\n<p>Per informazioni<br \/>\nTel. +39 335 8024539<\/p>\n<p>WEB<br \/>\n<a href=\"http:\/\/www.hermitagemuseum.org\/wps\/portal\/hermitage\/\" target=\"_blank\" rel=\"noopener\">www.hermitagemuseum.org<\/a><br \/>\nwww.achilleperilli.com<br \/>\nwww.galleriaaccademiatorino.it<\/p>\n<p>Comunicazione online<br \/>\nFrattura Scomposta Contemporary Art Magazine<br \/>\ninfo@fratturascomposta.it<\/p>\n<p><img loading=\"lazy\" decoding=\"async\" src=\"https:\/\/scontent-mxp1-1.xx.fbcdn.net\/v\/t1.0-9\/48275755_2005504859497169_6459765730991669248_n.jpg?_nc_cat=109&amp;_nc_ht=scontent-mxp1-1.xx&amp;oh=75b47257213b50f38a5aa4ab5cf28a99&amp;oe=5C912B7B\" alt=\"Perilli - Il teatro dell'arsura - Tecnica mista su tela - cm 200x200 - 2011\" width=\"700\" height=\"700\" \/><\/p><\/blockquote>\n","protected":false},"excerpt":{"rendered":"<p>Il Museo Hermitage di San Pietroburgo rende onore ad un grande maestro dell\u2019astrattismo italiano con la mostra retrospettiva \u201cAbstract Art in Italy. Achille Perilli. Geometrie Eretiche\u201d che si inaugura marted\u00ec 18 dicembre nella sontuosa cornice del museo russo.<br \/>\nLa mostra, realizzata con il patrocinio dell\u2019Ambasciata Italiana a Mosca, \u00e8 organizzata in collaborazione con l\u2019Artista e l\u2019Archivio Perilli ed \u00e8 a cura di Dimitri Ozerkove Luca Barsi.<\/p>\n","protected":false},"author":3586,"featured_media":0,"comment_status":"open","ping_status":"open","sticky":false,"template":"","format":"standard","meta":{"footnotes":""},"categories":[],"tags":[],"class_list":["post-37055","post","type-post","status-publish","format-standard","hentry"],"_links":{"self":[{"href":"https:\/\/www.area-press.eu\/comunicatistampa\/wp-json\/wp\/v2\/posts\/37055","targetHints":{"allow":["GET"]}}],"collection":[{"href":"https:\/\/www.area-press.eu\/comunicatistampa\/wp-json\/wp\/v2\/posts"}],"about":[{"href":"https:\/\/www.area-press.eu\/comunicatistampa\/wp-json\/wp\/v2\/types\/post"}],"author":[{"embeddable":true,"href":"https:\/\/www.area-press.eu\/comunicatistampa\/wp-json\/wp\/v2\/users\/3586"}],"replies":[{"embeddable":true,"href":"https:\/\/www.area-press.eu\/comunicatistampa\/wp-json\/wp\/v2\/comments?post=37055"}],"version-history":[{"count":2,"href":"https:\/\/www.area-press.eu\/comunicatistampa\/wp-json\/wp\/v2\/posts\/37055\/revisions"}],"predecessor-version":[{"id":37059,"href":"https:\/\/www.area-press.eu\/comunicatistampa\/wp-json\/wp\/v2\/posts\/37055\/revisions\/37059"}],"wp:attachment":[{"href":"https:\/\/www.area-press.eu\/comunicatistampa\/wp-json\/wp\/v2\/media?parent=37055"}],"wp:term":[{"taxonomy":"category","embeddable":true,"href":"https:\/\/www.area-press.eu\/comunicatistampa\/wp-json\/wp\/v2\/categories?post=37055"},{"taxonomy":"post_tag","embeddable":true,"href":"https:\/\/www.area-press.eu\/comunicatistampa\/wp-json\/wp\/v2\/tags?post=37055"}],"curies":[{"name":"wp","href":"https:\/\/api.w.org\/{rel}","templated":true}]}}