{"id":37053,"date":"2018-12-11T12:34:12","date_gmt":"2018-12-11T11:34:12","guid":{"rendered":"http:\/\/www.area-press.eu\/comunicatistampa\/?p=37053"},"modified":"2020-08-09T23:49:21","modified_gmt":"2020-08-09T21:49:21","slug":"francesco-curci-non-lasciarmi-il-regalo-di-natale-2018","status":"publish","type":"post","link":"https:\/\/www.area-press.eu\/comunicatistampa\/2018\/12\/11\/francesco-curci-non-lasciarmi-il-regalo-di-natale-2018\/","title":{"rendered":"Francesco Curci \u2013 Non lasciarmi, il regalo di Natale 2018"},"content":{"rendered":"<p>Si intitola <i>Non lasciarmi<\/i> il brano inedito che Francesco Curci regala al pubblico per questo Natale 2018, disponibile in digital download e streaming dall\u20198 dicembre. Una canzone tenuta nel cassetto per molto tempo, di cui l\u2019artista firma musica e testo, che racconta il dolore spesso provocato dal distacco da una persona che abbiamo amato, distacco \u00abnon solo fisico\u00bb, ma anche \u00abemotivo\u00bb, perch\u00e9 \u00able relazioni iniziano e finiscono, ci si separa, ci si allontana, ma i ricordi restano indelebili dentro di noi, belli o brutti che siano\u00bb.<\/p>\n<p>Quale miglior occasione se non il Natale per lanciare un brano come questo: \u00abIl Natale non \u00e8 solo un momento di gioia, di euforia, ma anche di bilanci, di resa dei conti\u00bb ha dichiarato l\u2019artista.<\/p>\n<p>Una ballata tenera e nostalgica, a tratti struggente, che si muove su sonorit\u00e0 r\u2019n\u2019b\/soul ed un sound anni \u201960 classico ma contemporaneo.<\/p>\n<p>\u00ab\u00c8 stato un modo per ingannare l\u2019attesa dei nuovi progetti che vedranno la luce il prossimo anno, una decisione presa in accordo con la mia casa discografica, un regalo per chi ha la pazienza di aspettarmi\u00bb.<\/p>\n<p>Non un nuovo singolo, dunque, che uscir\u00e0 invece il prossimo anno, ma un progetto a s\u00e9, un omaggio, che accompagner\u00e0 le vacanze natalizie di tutti coloro che vorranno inondare i propri cuori d\u2019amore. Impossibile non innamorarsene!<\/p>\n<p>Cantautore e scrittore, Francesco Curci si affaccia al mondo della musica sin da bambino. Studia canto e pianoforte e partecipa e numerose kermesse nazionali. Nel 2013 vince il Premio della Critica \u201cMiglior brano radiofonico\u201d al Festival Estivo di Piombino con il brano <i>Capirai<\/i>, che resta stabile per un mese nella top ten della <i>Absolute Beginners Radio Airplay Chat<\/i>, la classifica dei brani pi\u00f9 trasmessi dalle emittenti radiofoniche degli artisti emergenti italiani. Pubblica il romanzo <i>La vita tra le dita<\/i> e nel 2014 vince il Premio Letterario Internazionale citt\u00e0 di Arona G.V.O.Z. con il racconto <i>Volare<\/i>. A gennaio 2018 pubblica il suo nuovo singolo, <i>La gente che piace<\/i>, e nell\u2019estate firma un contratto di esclusiva discografica ed editoriale con Show in Action, con cui \u00e8 attualmente a lavoro sul suo album di debutto. \u00c8 laureato in Lettere Moderne e specializzato in Informazione, Editoria e Giornalismo.<\/p>\n<p><b>Ascolta \u201cNon Lasciarmi\u201d su Spotify:<br \/>\n<\/b><a href=\"https:\/\/open.spotify.com\/album\/1TJNhJICnyU53wqCejhsEr#upsell\"><b>https:\/\/open.spotify.com\/album\/1TJNhJICnyU53wqCejhsEr#upsell<\/b><\/a><\/p>\n<p><b>Ascolta \u201cNon Lasciarmi\u201d su Apple Music<br \/>\n<\/b><a href=\"https:\/\/itunes.apple.com\/it\/album\/non-lasciarmi-single\/1445174897?app=music&amp;ign-mpt=uo%253D4\"><b>https:\/\/itunes.apple.com\/it\/album\/non-lasciarmi-single\/1445174897?app=music&amp;ign-mpt=uo%3D4<\/b><b><\/b><\/a><\/p>\n<p><b>Riferimenti social<br \/>\n<\/b><b>FB: <\/b><a href=\"https:\/\/www.facebook.com\/francescocurciofficial\"><b>https:\/\/www.facebook.com\/francescocurciofficial<\/b><\/a><br \/>\n<b>IG: <\/b><b>https:\/\/www.instagram.com\/francescocurciofficial\/<\/b><\/p>\n<p><b>Tendenze social<br \/>\n<\/b>#francescocurci #nonlasciarmi<\/p>\n<p><b>Label e Management<br \/>\n<\/b>Show in Action<br \/>\nPiazza Borgo Pila 40-52, Corte Lambruschini Torre B,<br \/>\n16129 Genova<br \/>\nwww.showinaction.it<br \/>\ninfo@showinaction.it<br \/>\nGeneral Manager: Anna Maria Grassi<\/p>\n","protected":false},"excerpt":{"rendered":"<p>Si intitola Non lasciarmi il brano inedito che Francesco Curci regala al pubblico per questo Natale 2018, disponibile in digital download e streaming dall\u20198 dicembre. Una canzone tenuta nel cassetto per molto tempo, di cui l\u2019artista firma musica e testo, che racconta il dolore spesso provocato dal distacco da una persona che abbiamo amato, distacco [&hellip;]<\/p>\n","protected":false},"author":331,"featured_media":0,"comment_status":"open","ping_status":"open","sticky":false,"template":"","format":"standard","meta":{"footnotes":""},"categories":[29],"tags":[],"class_list":["post-37053","post","type-post","status-publish","format-standard","hentry","category-comunicati"],"_links":{"self":[{"href":"https:\/\/www.area-press.eu\/comunicatistampa\/wp-json\/wp\/v2\/posts\/37053","targetHints":{"allow":["GET"]}}],"collection":[{"href":"https:\/\/www.area-press.eu\/comunicatistampa\/wp-json\/wp\/v2\/posts"}],"about":[{"href":"https:\/\/www.area-press.eu\/comunicatistampa\/wp-json\/wp\/v2\/types\/post"}],"author":[{"embeddable":true,"href":"https:\/\/www.area-press.eu\/comunicatistampa\/wp-json\/wp\/v2\/users\/331"}],"replies":[{"embeddable":true,"href":"https:\/\/www.area-press.eu\/comunicatistampa\/wp-json\/wp\/v2\/comments?post=37053"}],"version-history":[{"count":1,"href":"https:\/\/www.area-press.eu\/comunicatistampa\/wp-json\/wp\/v2\/posts\/37053\/revisions"}],"predecessor-version":[{"id":37054,"href":"https:\/\/www.area-press.eu\/comunicatistampa\/wp-json\/wp\/v2\/posts\/37053\/revisions\/37054"}],"wp:attachment":[{"href":"https:\/\/www.area-press.eu\/comunicatistampa\/wp-json\/wp\/v2\/media?parent=37053"}],"wp:term":[{"taxonomy":"category","embeddable":true,"href":"https:\/\/www.area-press.eu\/comunicatistampa\/wp-json\/wp\/v2\/categories?post=37053"},{"taxonomy":"post_tag","embeddable":true,"href":"https:\/\/www.area-press.eu\/comunicatistampa\/wp-json\/wp\/v2\/tags?post=37053"}],"curies":[{"name":"wp","href":"https:\/\/api.w.org\/{rel}","templated":true}]}}