{"id":37018,"date":"2018-12-08T12:40:52","date_gmt":"2018-12-08T11:40:52","guid":{"rendered":"http:\/\/www.area-press.eu\/comunicatistampa\/?p=37018"},"modified":"2018-12-08T12:40:52","modified_gmt":"2018-12-08T11:40:52","slug":"cenone-2019-a-bologna-centro-indimenticabile","status":"publish","type":"post","link":"https:\/\/www.area-press.eu\/comunicatistampa\/2018\/12\/08\/cenone-2019-a-bologna-centro-indimenticabile\/","title":{"rendered":"Cenone 2019 a Bologna centro indimenticabile!"},"content":{"rendered":"<p><img loading=\"lazy\" decoding=\"async\" class=\"alignright size-medium wp-image-120990\" src=\"https:\/\/www.comunicati-stampa.com\/img\/2018\/12\/Capodanno-Bologna-2019-Qubo-300x300.jpg\" alt=\"\" width=\"300\" height=\"300\">Quando arrivano le vacanze di Natale \u00e8 bello andare a sciare, \u00e8 bello andare al caldo, \u00e8 bello uscire dalla solita routine ma per Capodanno no!<br \/><strong>Capodanno va trascorso in citt\u00e0<\/strong>, va trascorso con gli amici, va trascorso con e tra <strong>gangsters e pupe<\/strong>!<br \/>Un <strong><a href=\"https:\/\/www.capodanno.bologna.it\/\">Capodanno Bologna<\/a> 2019<\/strong> indimenticabile solo <strong>Qub\u00f2<\/strong> potr\u00e0 offrirtelo in pieno centro. Un locale raffinato e nello stesso tempo un locale dal divertimento sfrenato, un luogo dove lasciarti alle spalle senza rimpianti il 2018 per proiettarti con gioia divertendoti nel 2019.<br \/><em><strong>The Great Gasby<\/strong><\/em> \u00e8 uno dei migliori libri della letteratura americana e soprattutto un tema di Capodanno collaudato.<br \/>L&#8217;epoca del jazz, dei gangsters e delle pupe, dei mitragliatori, del sigaro, dei cappelli a tesa larga Borsalino e delle pagliette, delle cicatrici, del proibizionismo e degli eccessi, delle grandi bevute, del charleston, delle piume e dei boa, delle giarrettiere, dei lustrini e dei gessati, &#8230;<br \/>Un dopoguerra dove si voleva dimenticare con un&#8217;epoca di &#8220;eccessi&#8221; e di divertimenti sfrenati.<br \/>Le atmosfere create nei testi delle canzoni di <strong>Fred Buscaglione<\/strong>.<br \/>Qub\u00f2 ti far\u00e0 sprofondare in questo magico periodo facendoti assaporare solo i PRO!<\/p>\n<p><strong>Qub\u00f2<\/strong><br \/>vicolo Sampieri, 3 &#8211; Bologna<br \/>Telefono 3664383580 \/\/ 3348275990<br \/><a href=\"https:\/\/www.capodanno.bologna.it\/\">www.capodanno.bologna.it<\/a><\/p>\n","protected":false},"excerpt":{"rendered":"<p>Quando arrivano le vacanze di Natale \u00e8 bello andare a sciare, \u00e8 bello andare al caldo, \u00e8 bello uscire dalla solita routine ma per Capodanno no!Capodanno va trascorso in citt\u00e0, va trascorso con gli amici, va trascorso con e tra gangsters e pupe!Un Capodanno Bologna 2019 indimenticabile solo Qub\u00f2 potr\u00e0 offrirtelo in pieno centro. Un [&hellip;]<\/p>\n","protected":false},"author":58,"featured_media":0,"comment_status":"open","ping_status":"open","sticky":false,"template":"","format":"standard","meta":{"footnotes":""},"categories":[],"tags":[],"class_list":["post-37018","post","type-post","status-publish","format-standard","hentry"],"_links":{"self":[{"href":"https:\/\/www.area-press.eu\/comunicatistampa\/wp-json\/wp\/v2\/posts\/37018","targetHints":{"allow":["GET"]}}],"collection":[{"href":"https:\/\/www.area-press.eu\/comunicatistampa\/wp-json\/wp\/v2\/posts"}],"about":[{"href":"https:\/\/www.area-press.eu\/comunicatistampa\/wp-json\/wp\/v2\/types\/post"}],"author":[{"embeddable":true,"href":"https:\/\/www.area-press.eu\/comunicatistampa\/wp-json\/wp\/v2\/users\/58"}],"replies":[{"embeddable":true,"href":"https:\/\/www.area-press.eu\/comunicatistampa\/wp-json\/wp\/v2\/comments?post=37018"}],"version-history":[{"count":1,"href":"https:\/\/www.area-press.eu\/comunicatistampa\/wp-json\/wp\/v2\/posts\/37018\/revisions"}],"predecessor-version":[{"id":37019,"href":"https:\/\/www.area-press.eu\/comunicatistampa\/wp-json\/wp\/v2\/posts\/37018\/revisions\/37019"}],"wp:attachment":[{"href":"https:\/\/www.area-press.eu\/comunicatistampa\/wp-json\/wp\/v2\/media?parent=37018"}],"wp:term":[{"taxonomy":"category","embeddable":true,"href":"https:\/\/www.area-press.eu\/comunicatistampa\/wp-json\/wp\/v2\/categories?post=37018"},{"taxonomy":"post_tag","embeddable":true,"href":"https:\/\/www.area-press.eu\/comunicatistampa\/wp-json\/wp\/v2\/tags?post=37018"}],"curies":[{"name":"wp","href":"https:\/\/api.w.org\/{rel}","templated":true}]}}