{"id":36972,"date":"2018-12-08T12:40:04","date_gmt":"2018-12-08T11:40:04","guid":{"rendered":"http:\/\/www.area-press.eu\/comunicatistampa\/?p=36972"},"modified":"2018-12-08T12:40:04","modified_gmt":"2018-12-08T11:40:04","slug":"alessandro-benetton-limpegno-di-cortina-per-una-grande-edizione-dei-mondiali-di-sci-2021","status":"publish","type":"post","link":"https:\/\/www.area-press.eu\/comunicatistampa\/2018\/12\/08\/alessandro-benetton-limpegno-di-cortina-per-una-grande-edizione-dei-mondiali-di-sci-2021\/","title":{"rendered":"Alessandro Benetton: l\u2019impegno di Cortina per una grande edizione dei Mondiali di Sci 2021"},"content":{"rendered":"<p><em><strong>Ad &#8220;Affari Italiani&#8221; il Presidente di Fondazione Cortina 2021 <a title=\"Alessandro Benetton presenta Cortina 2021\" href=\"http:\/\/www.affaritaliani.it\/coffee\/video\/economia\/benetton-olimpiadi-2026-siamo-ottimisti-572458.html\">Alessandro Benetton<\/a> fa il punto sull&#8217;organizzazione dei Mondiali di Sci nella localit\u00e0 ampezzana e commenta la candidatura di Milano-Cortina per le Olimpiadi Invernali 2026. <\/strong><\/em><\/p>\n<p><a title=\"Alessandro Benetton, intervista mondiali di sci cortina 2021\" href=\"http:\/\/www.affaritaliani.it\/coffee\/video\/economia\/benetton-olimpiadi-2026-siamo-ottimisti-572458.html\"><img decoding=\"async\" src=\"https:\/\/www.topmanagers.it\/SharingFolder\/TopManager\/it\/ManagerProfilePhoto\/Photo\/benetton-topmanager.jpg\" alt=\"Alessandro Benetton\" \/><\/a><\/p>\n<h2>Alessandro Benetton presenta i Campionati del Mondo di Sci 2021: l&#8217;impegno di Cortina<\/h2>\n<p><em>&#8220;A Milano per testimoniare la nostra vicinanza come fondazione alla progettualit\u00e0 delle Olimpiadi del 2026&#8221;<\/em>: il Presidente di Fondazione Cortina 2021 <strong>Alessandro Benetton<\/strong> parla ad &#8220;Affari Italiani&#8221; dell&#8217;incontro organizzato lo scorso 15 novembre alla Triennale per presentare i Campionati del Mondo di Sci del 2021. Inevitabilmente per\u00f2 lo sguardo \u00e8 rivolto anche ai Giochi Olimpici Invernali del 2026 e alla candidatura di Milano-Cortina. Alessandro Benetton ha fatto il punto sull&#8217;organizzazione dei Mondiali 2021 di Cortina. Qualche numero: undici giorni di gare maschili e femminili di discesa, super G, gigante, slalom e, per la prima volta, di parallelo individuale, che porteranno nella localit\u00e0 ampezzana oltre 600 atleti da 70 nazioni, pronti ad aggiudicarsi gli 11 titoli mondiali in palio. Si prevede l&#8217;arrivo di 6.000 persone tra addetti ai lavori, volontari, tecnici, preparatori atletici, skimen e dirigenti e di 150 mila spettatori: <em>&#8220;Sar\u00e0 un&#8217;occasione per Cortina, il Veneto e sicuramente per tutta l&#8217;Italia. Abbiamo voluto impostare un lavoro basato sulla sostenibilit\u00e0, sui giovani, sul futuro e sul coinvolgimento del territorio. Anche alla luce di quello che \u00e8 recentemente successo con il maltempo, la sostenibilit\u00e0 \u00e8 davvero il driver strategico per costruire il domani&#8221;<\/em>.<\/p>\n<h2>Alessandro Benetton: &#8220;Cortina 2021? Riusciremo a sorprendere tutti&#8221;<\/h2>\n<p>La sostenibilit\u00e0 \u00e8 la parola d&#8217;ordine di Cortina 2021, come ha dichiarato <strong><a title=\"Alessandro Benetton, intervista affari italiani Cortina 2021\" href=\"http:\/\/www.affaritaliani.it\/coffee\/video\/economia\/benetton-olimpiadi-2026-siamo-ottimisti-572458.html\">Alessandro Benetton<\/a><\/strong> nell&#8217;incontro alla Triennale: <em>&#8220;A questo criterio ci siamo attenuti anche per realizzare le nuove piste che testeremo nelle prossime settimane e per disegnare il nuovo arrivo di Rumerlo che dar\u00e0 vita ad un nuovo paesaggio. Riusciremo a sorprendere tutti, la nostra eredit\u00e0 sar\u00e0 fondamentale per la tappa successiva che mi auguro saranno le Olimpiadi&#8221;<\/em>. Il Presidente, intervistato da &#8220;Affari Italiani&#8221;, si \u00e8 focalizzato sul valore della Fondazione che guida da giugno 2017: <em>&#8220;Pronti per un appuntamento importante. Da imprenditore vedo con favore la piattaforma che abbiamo impostato di coinvolgimento di stakeholders e rapporto col territorio. Ho sempre pensato che il mio ruolo fosse quello di immaginare una piccola impresa a tempo che si preoccupasse di lasciare un territorio con degli interventi sostenibili e nuove infrastrutture&#8221;<\/em>. <strong>Alessandro Benetton <\/strong>si \u00e8 espresso infine anche sulla candidatura per le Olimpiadi Invernali 2021: <em>&#8220;Potrebbero essere il coronamento di un sogno che pu\u00f2 dimostrare che il grande evento pu\u00f2 fare la differenza. Bisogna essere ottimisti&#8221;<\/em>.<\/p>\n","protected":false},"excerpt":{"rendered":"<p>Ad &#8220;Affari Italiani&#8221; il Presidente di Fondazione Cortina 2021 Alessandro Benetton fa il punto sull&#8217;organizzazione dei Mondiali di Sci nella localit\u00e0 ampezzana e commenta la candidatura di Milano-Cortina per le Olimpiadi Invernali 2026. Alessandro Benetton presenta i Campionati del Mondo di Sci 2021: l&#8217;impegno di Cortina &#8220;A Milano per testimoniare la nostra vicinanza come fondazione [&hellip;]<\/p>\n","protected":false},"author":4799,"featured_media":0,"comment_status":"open","ping_status":"open","sticky":false,"template":"","format":"standard","meta":{"footnotes":""},"categories":[],"tags":[],"class_list":["post-36972","post","type-post","status-publish","format-standard","hentry"],"_links":{"self":[{"href":"https:\/\/www.area-press.eu\/comunicatistampa\/wp-json\/wp\/v2\/posts\/36972","targetHints":{"allow":["GET"]}}],"collection":[{"href":"https:\/\/www.area-press.eu\/comunicatistampa\/wp-json\/wp\/v2\/posts"}],"about":[{"href":"https:\/\/www.area-press.eu\/comunicatistampa\/wp-json\/wp\/v2\/types\/post"}],"author":[{"embeddable":true,"href":"https:\/\/www.area-press.eu\/comunicatistampa\/wp-json\/wp\/v2\/users\/4799"}],"replies":[{"embeddable":true,"href":"https:\/\/www.area-press.eu\/comunicatistampa\/wp-json\/wp\/v2\/comments?post=36972"}],"version-history":[{"count":1,"href":"https:\/\/www.area-press.eu\/comunicatistampa\/wp-json\/wp\/v2\/posts\/36972\/revisions"}],"predecessor-version":[{"id":36973,"href":"https:\/\/www.area-press.eu\/comunicatistampa\/wp-json\/wp\/v2\/posts\/36972\/revisions\/36973"}],"wp:attachment":[{"href":"https:\/\/www.area-press.eu\/comunicatistampa\/wp-json\/wp\/v2\/media?parent=36972"}],"wp:term":[{"taxonomy":"category","embeddable":true,"href":"https:\/\/www.area-press.eu\/comunicatistampa\/wp-json\/wp\/v2\/categories?post=36972"},{"taxonomy":"post_tag","embeddable":true,"href":"https:\/\/www.area-press.eu\/comunicatistampa\/wp-json\/wp\/v2\/tags?post=36972"}],"curies":[{"name":"wp","href":"https:\/\/api.w.org\/{rel}","templated":true}]}}