{"id":36886,"date":"2018-12-03T18:05:42","date_gmt":"2018-12-03T17:05:42","guid":{"rendered":"http:\/\/www.area-press.eu\/comunicatistampa\/?p=36886"},"modified":"2018-12-03T18:06:33","modified_gmt":"2018-12-03T17:06:33","slug":"che-cose-il-gres-porcellanato-studio-ungheria","status":"publish","type":"post","link":"https:\/\/www.area-press.eu\/comunicatistampa\/2018\/12\/03\/che-cose-il-gres-porcellanato-studio-ungheria\/","title":{"rendered":"Che cos&#8217;\u00e8 il Gres Porcellanato? | Studio Ungheria"},"content":{"rendered":"<h2>Le innumerevoli qualit\u00e0 del Gres Porcellanato e come viene usato<\/h2>\n<p>Il <strong>Gres porcellanato \u00e8 uno dei materiali pi\u00f9 diffusi nell&#8217;edilizia moderna<\/strong>. Usato spesso nelle case in costruzione. Dalle alte qualit\u00e0 tecniche, \u00e8 senza dubbio la scelta migliore per un pavimento esteticamente bello, duraturo e che necessita di poco mantenimento.\u00a0Vediamo pi\u00f9 nel dettaglio<strong> cos&#8217;\u00e8 il gres porcellanato<\/strong> e le sue qualit\u00e0.<\/p>\n<h3>Il gres porcellanato \u00e8 una particolare ceramica compatta.<\/h3>\n<p>Questo tipo di <strong>ceramica \u00e8 composta da due parti<\/strong>. il supporto che conferisce la particolare resistenza che rende il <strong>gres cos\u00ec amato e diffuso<\/strong>. La seconda ha una funzione estetica, ed \u00e8 costituita dalla parte smaltata. Questi due elementi formano un <strong>pezzo unico, compatto e omogeneo, al fine di unire i due grandi aspetti che lo caratterizzano: la resistenza e la bellezza<\/strong>.<\/p>\n<p>Tra le sue qualit\u00e0 meccaniche, si possono citare:<\/p>\n<ol>\n<li>resistenza all&#8217;abrasione; al calpestio; all&#8217;usura, al tempo, all&#8217;azione degli agenti atmosferici<\/li>\n<li>compattezza,<\/li>\n<li>versatilit\u00e0,<\/li>\n<li>impermeabilit\u00e0<\/li>\n<li>grande impatto estetico.<\/li>\n<\/ol>\n<p>Per queste caratteristiche, viene impiegato per qualsiasi tipo di ambiente, prevalentemente in quelli soggetti a un elevato calpestio come gli ambienti pubblici. Nell&#8217;ambito domestico \u00e8 prevalentemente utilizzato per gli esterni e per i bagni, proprio perch\u00e9 ha una forte impermeabilit\u00e0: l&#8217;umidit\u00e0 non dannegger\u00e0 la ceramica, neanche dopo un lungo periodo di tempo. Gli agenti atmosferici come gli sbalzi stagionali, non provocheranno danni al gres porcellanato, garantendo un pavimento resistente e lungo e che necessita di poca manutenzione.<\/p>\n<p>Il gres porcellanato ha anche una grande valenza estetica. Difatti, grazie alle nuove tecnologie, \u00e8 possibile riprodurre diversi tipo di superficie, simulando al 100% altri tipi di materiale, come il legno o il cotto. Soddisfer\u00e0 cos\u00ec le esigenze e i gusti degli abitanti della casa.<\/p>\n<p>Per le sue alte prestazioni, lo abbiamo scelto per il rivestimento dei bagni nel nostro progetto di tre comparti di Parco Durantini.<\/p>\n<p><a href=\"http:\/\/www.studioungheria.it\/\" target=\"_blank\" rel=\"noopener\">Studio Ungheria &#8211; case in costruzione Roma<\/a><\/p>\n","protected":false},"excerpt":{"rendered":"<p>Le innumerevoli qualit\u00e0 del Gres Porcellanato e come viene usato Il Gres porcellanato \u00e8 uno dei materiali pi\u00f9 diffusi nell&#8217;edilizia moderna. Usato spesso nelle case in costruzione. Dalle alte qualit\u00e0 tecniche, \u00e8 senza dubbio la scelta migliore per un pavimento esteticamente bello, duraturo e che necessita di poco mantenimento.\u00a0Vediamo pi\u00f9 nel dettaglio cos&#8217;\u00e8 il gres [&hellip;]<\/p>\n","protected":false},"author":5407,"featured_media":0,"comment_status":"open","ping_status":"open","sticky":false,"template":"","format":"standard","meta":{"footnotes":""},"categories":[],"tags":[],"class_list":["post-36886","post","type-post","status-publish","format-standard","hentry"],"_links":{"self":[{"href":"https:\/\/www.area-press.eu\/comunicatistampa\/wp-json\/wp\/v2\/posts\/36886","targetHints":{"allow":["GET"]}}],"collection":[{"href":"https:\/\/www.area-press.eu\/comunicatistampa\/wp-json\/wp\/v2\/posts"}],"about":[{"href":"https:\/\/www.area-press.eu\/comunicatistampa\/wp-json\/wp\/v2\/types\/post"}],"author":[{"embeddable":true,"href":"https:\/\/www.area-press.eu\/comunicatistampa\/wp-json\/wp\/v2\/users\/5407"}],"replies":[{"embeddable":true,"href":"https:\/\/www.area-press.eu\/comunicatistampa\/wp-json\/wp\/v2\/comments?post=36886"}],"version-history":[{"count":1,"href":"https:\/\/www.area-press.eu\/comunicatistampa\/wp-json\/wp\/v2\/posts\/36886\/revisions"}],"predecessor-version":[{"id":36887,"href":"https:\/\/www.area-press.eu\/comunicatistampa\/wp-json\/wp\/v2\/posts\/36886\/revisions\/36887"}],"wp:attachment":[{"href":"https:\/\/www.area-press.eu\/comunicatistampa\/wp-json\/wp\/v2\/media?parent=36886"}],"wp:term":[{"taxonomy":"category","embeddable":true,"href":"https:\/\/www.area-press.eu\/comunicatistampa\/wp-json\/wp\/v2\/categories?post=36886"},{"taxonomy":"post_tag","embeddable":true,"href":"https:\/\/www.area-press.eu\/comunicatistampa\/wp-json\/wp\/v2\/tags?post=36886"}],"curies":[{"name":"wp","href":"https:\/\/api.w.org\/{rel}","templated":true}]}}