{"id":36882,"date":"2018-12-03T18:05:42","date_gmt":"2018-12-03T17:05:42","guid":{"rendered":"http:\/\/www.area-press.eu\/comunicatistampa\/?p=36882"},"modified":"2018-12-03T18:06:33","modified_gmt":"2018-12-03T17:06:33","slug":"tanti-appuntamenti-per-i-bambini-e-non-solo-per-festeggiare-la-ristrutturazione-del-centro-vialarga-di-bologna-e-aspettare-insieme-il-natale","status":"publish","type":"post","link":"https:\/\/www.area-press.eu\/comunicatistampa\/2018\/12\/03\/tanti-appuntamenti-per-i-bambini-e-non-solo-per-festeggiare-la-ristrutturazione-del-centro-vialarga-di-bologna-e-aspettare-insieme-il-natale\/","title":{"rendered":"TANTI APPUNTAMENTI PER I BAMBINI E NON SOLO, PER FESTEGGIARE LA RISTRUTTURAZIONE DEL CENTRO VIALARGA DI BOLOGNA  E ASPETTARE INSIEME IL NATALE"},"content":{"rendered":"<p>Una incisiva opera di restyling interessa quest\u2019anno il Centro Vialarga, grazie ad importanti interventi che rinnovano il volto della galleria. Illuminazione, pavimentazione, rivestimenti, sono stati modificati per raggiungere un unico obiettivo: creare spazi pi\u00f9 vivibili, per offrire alle famiglie, ai bambini, agli anziani che frequentano il centro &#8211; non solo per i propri acquisti ma anche e soprattutto per trascorrere al meglio il proprio tempo libero &#8211; un luogo piacevole, moderno, sicuro, con un\u2019atmosfera che sancisce la volont\u00e0 di porre il cittadino al centro dell\u2019attenzione.<\/p>\n<p>Le opere sono realizzate utilizzando le tecnologie e i materiali pi\u00f9 all\u2019avanguardia, capaci di garantire anche il minimo impatto ambientale.<\/p>\n<p><strong>\u00a0<\/strong>Un rinnovamento da festeggiare con tutta la comunit\u00e0, attraverso un ricco programma di appuntamenti.<\/p>\n<p><strong>Si parte sabato 8 dicembre con un ospite speciale. Alle 17.00 arriva infatti VITTORIO BRUMOTTI<\/strong>,\u00a0conduttore televisivo\u00a0gi\u00e0 campione di\u00a0bike trial, entrato 10 volte nel\u00a0Guinness dei Primati\u00a0grazie ad incredibili imprese sportive. Molti hanno avuto modo di conoscerlo ed apprezzarlo per il suo impegno sociale come inviato di <em>Striscia la notizia<\/em>, grazie ai suoi servizi contro la criminalit\u00e0.<\/p>\n<p>Sempre sabato 8 <strong>parte un concorso a premi<\/strong> che nei giorni 8, 9, 15 e 16 dicembre consente di vincere buoni acquisto da 5 a 100 euro e di partecipare all\u2019estrazione finale di una bici elettrica.<\/p>\n<p><strong>La giornata di domenica 9 dicembre sar\u00e0 invece dedicata ai pi\u00f9 piccoli, che dalle 11.00 alle 19.00 <\/strong>potranno incontrare i <strong>GEMELLINI YO &amp; YO<\/strong>, protagonisti delle serie televisiva animata incentrata sulle coinvolgenti avventure del timido Yo e della sua socievole e impulsiva sorellina.<\/p>\n<p><strong>Sabato 15 dicembre <\/strong>dalle 15.00 alle 18.00 \u00e8 in programma l\u2019evento dedicato invece ai pi\u00f9 grandini: arrivano<strong> MAGGIE E BIANCA FASHION FRIENDS, <\/strong>le due diverse ma legatissime allieve della prestigiosa scuola di moda Milano Fashion Academy, protagoniste della fortunata serie televisiva; Maggie e Bianca saranno a Vialarga per incontrare i fan, firmare autografi e scattare foto.<\/p>\n<p>Si entra in pieno nel clima natalizio <strong>domenica 16 dicembre<\/strong>: nel pomeriggio viene proposto ai bambini un laboratorio per scrivere le letterine insieme agli Elfi di Babbo Natale.<\/p>\n<p><strong>\u00a0<\/strong>La festa e l\u2019incontro con Babbo Natale sono fissati per Sabato 22 dicembre, ma sar\u00e0 possibile scattare una foto con l\u2019amatissimo babbo anche domenica 23 dicembre.<\/p>\n<p><strong>Domenica 23 alle 17.30 si terr\u00e0 anche l\u2019estrazione finale del concorso a premi: <\/strong>la bici elettrica (primo premio) e della bici donna a 6 velocit\u00e0 (secondo e terzo premio).<\/p>\n<p>Premi ecologici attraverso i quali il centro Vialarga vuole lanciare un messaggio e un segnale a favore della sostenibilit\u00e0 e del rispetto per l\u2019ambiente.<\/p>\n<p><strong>\u00a0<\/strong><strong>GLI INTERVENTI STRUTTURALI CHE HANNO <\/strong><strong>RINNOVATO VIALARGA<\/strong><strong>:\u00a0\u00a0<\/strong><strong>OLTRE L\u2019ESTETICA, L\u2019EFFICIENZA, IL RISPARMIO ENERGETICO, <\/strong><strong>LA VIVIBILIT\u00c0, IL RISPETTO DELL\u2019AMBIENTE<\/strong><\/p>\n<p>La galleria del Centro Commerciale Vialarga \u00e8 sempre di pi\u00f9 un luogo di passeggio, di svago, di aggregazione, raffinato e di grande impatto, anche grazie ad opere realizzate per far sentire tutti i visitatori a proprio agio, rilassati. I colori, la luce, le linee, i movimenti, gli arredi, sono scelti per trasmettere relax e benessere, mentre la scelta di tecnologie e materiali all\u2019avanguardia garantisce un basso impatto ambientale, nell\u2019ottica del risparmio energetico.<\/p>\n<p><em>Gli interventi pi\u00f9 significativi:<\/em><\/p>\n<p><strong>Pavimento nuovo<\/strong> in gres porcellanato beige con inserti grigi con l\u2019utilizzo di materiali di elevata qualit\u00e0, che garantiscono pi\u00f9 igiene e pi\u00f9 sicurezza (sistema anti scivolo)<\/p>\n<p><strong>Bagni nuovi<\/strong> colore grigio e sistemi idrici per il risparmio dell\u2019acqua<\/p>\n<p><strong>Le pareti interne in alluminio\u00a0di colore cangiante<\/strong> perlato, tonalit\u00e0 dal giallo al verde<\/p>\n<p><strong>Rivestimento esterno in pannelli di alluminio colorato<\/strong>, con lo stesso colore degli interni<\/p>\n<p><strong>Nuovo impianto di climatizzazione<\/strong> in tutta la galleria<\/p>\n<p><strong>Nuove luci al led<\/strong> per ambienti\u00a0interni ed esterni\u00a0per favorire il\u00a0risparmio energetico e l\u2019aumento dell&#8217;efficienza luminosa<\/p>\n<p>Una <strong>comunicazione pi\u00f9 dinamica ed efficace<\/strong>, grazie all\u2019utilizzo delle pi\u00f9 moderne tecnologie: i nuovi <strong>video\u00a0totem<\/strong> informano i clienti in modo immediato e accattivante.<\/p>\n<p>Il Centro Commerciale Vialarga ha scelto quindi di rafforzare la sua presenza sul territorio nel quale opera da anni, con la ferma volont\u00e0 di continuare ad essere una attivit\u00e0 a servizio della comunit\u00e0, una attivit\u00e0 commerciale che ha a cuore il benessere dei cittadini e si impegna per contribuire ad esso.<\/p>\n","protected":false},"excerpt":{"rendered":"<p>Una incisiva opera di restyling interessa quest\u2019anno il Centro Vialarga, grazie ad importanti interventi che rinnovano il volto della galleria. Illuminazione, pavimentazione, rivestimenti, sono stati modificati per raggiungere un unico obiettivo: creare spazi pi\u00f9 vivibili, per offrire alle famiglie, ai bambini, agli anziani che frequentano il centro &#8211; non solo per i propri acquisti ma [&hellip;]<\/p>\n","protected":false},"author":3395,"featured_media":0,"comment_status":"open","ping_status":"open","sticky":false,"template":"","format":"standard","meta":{"footnotes":""},"categories":[],"tags":[],"class_list":["post-36882","post","type-post","status-publish","format-standard","hentry"],"_links":{"self":[{"href":"https:\/\/www.area-press.eu\/comunicatistampa\/wp-json\/wp\/v2\/posts\/36882","targetHints":{"allow":["GET"]}}],"collection":[{"href":"https:\/\/www.area-press.eu\/comunicatistampa\/wp-json\/wp\/v2\/posts"}],"about":[{"href":"https:\/\/www.area-press.eu\/comunicatistampa\/wp-json\/wp\/v2\/types\/post"}],"author":[{"embeddable":true,"href":"https:\/\/www.area-press.eu\/comunicatistampa\/wp-json\/wp\/v2\/users\/3395"}],"replies":[{"embeddable":true,"href":"https:\/\/www.area-press.eu\/comunicatistampa\/wp-json\/wp\/v2\/comments?post=36882"}],"version-history":[{"count":1,"href":"https:\/\/www.area-press.eu\/comunicatistampa\/wp-json\/wp\/v2\/posts\/36882\/revisions"}],"predecessor-version":[{"id":36883,"href":"https:\/\/www.area-press.eu\/comunicatistampa\/wp-json\/wp\/v2\/posts\/36882\/revisions\/36883"}],"wp:attachment":[{"href":"https:\/\/www.area-press.eu\/comunicatistampa\/wp-json\/wp\/v2\/media?parent=36882"}],"wp:term":[{"taxonomy":"category","embeddable":true,"href":"https:\/\/www.area-press.eu\/comunicatistampa\/wp-json\/wp\/v2\/categories?post=36882"},{"taxonomy":"post_tag","embeddable":true,"href":"https:\/\/www.area-press.eu\/comunicatistampa\/wp-json\/wp\/v2\/tags?post=36882"}],"curies":[{"name":"wp","href":"https:\/\/api.w.org\/{rel}","templated":true}]}}