{"id":36834,"date":"2018-12-03T18:25:23","date_gmt":"2018-12-03T17:25:23","guid":{"rendered":"http:\/\/www.area-press.eu\/comunicatistampa\/?p=36834"},"modified":"2020-08-09T23:49:23","modified_gmt":"2020-08-09T21:49:23","slug":"canton-sono-solo-e-il-terzo-tassello-del-progetto-discografico-1-3-uno-su-tre","status":"publish","type":"post","link":"https:\/\/www.area-press.eu\/comunicatistampa\/2018\/12\/03\/canton-sono-solo-e-il-terzo-tassello-del-progetto-discografico-1-3-uno-su-tre\/","title":{"rendered":"CANTON \u201cSONO SOLO\u201d \u00e8 il terzo tassello del progetto discografico \u201c1\/3 (uno su tre)\u201d."},"content":{"rendered":"<p style=\"text-align: center\"><a href=\"https:\/\/www.articlemarket.it\/wp-content\/uploads\/2018\/11\/canton_sono_solo_cover.jpg___th_320_0.jpg\"><img loading=\"lazy\" decoding=\"async\" class=\"alignnone size-medium wp-image-63435\" src=\"https:\/\/www.articlemarket.it\/wp-content\/uploads\/2018\/11\/canton_sono_solo_cover.jpg___th_320_0-300x300.jpg\" alt=\"\" width=\"300\" height=\"300\" \/><\/a><\/p>\n<p><i><span style=\"font-weight: 400\">Dopo il successo riscontrato dai singoli \u201cAncora estate\u201d e \u201cVoglia di te\u201d, arriva in radio dal 25 settembre il brano che svela il lato pi\u00f9 oscuro e misterioso della band divenuta celebre negli anni \u201980.<\/span><\/i><\/p>\n<p><span style=\"font-weight: 400\">\u201cSono Solo\u201d \u00e8 la canzone pi\u00f9 intensa e magnetica dell\u2019album \u201cUno su tre\u201d, sia a livello musicale, dove a far da protagonista sono le atmosfere sonore intime e conturbanti che abbracciano un pop\/rock che fa da centro nevralgico del pezzo; sia a livello di contenuti. <\/span><i><span style=\"font-weight: 400\">Leit motiv<\/span><\/i><span style=\"font-weight: 400\"> della storia \u00e8 infatti il concetto di solitudine derivato dall\u2019impossibilit\u00e0 di costruire un senso di quello che si \u00e8 al di fuori di una relazione platonica che, pur non esistendo concretamente, rappresenta l\u2019unica fonte di gioia a cui aggrapparsi.<\/span><\/p>\n<p>&nbsp;<\/p>\n<p style=\"text-align: center\"><b>GUARDA IL VIDEO SU YOUTUBE:<\/b><\/p>\n<p><iframe loading=\"lazy\" title=\"Canton - Sono Solo (Official video)\" width=\"500\" height=\"281\" src=\"https:\/\/www.youtube.com\/embed\/iQep7ivIEbI?feature=oembed\" frameborder=\"0\" allow=\"accelerometer; autoplay; clipboard-write; encrypted-media; gyroscope; picture-in-picture; web-share\" referrerpolicy=\"strict-origin-when-cross-origin\" allowfullscreen><\/iframe><\/p>\n<p>&nbsp;<\/p>\n<p><i><span style=\"font-weight: 400\">\u201cLa musica dei Canton di oggi \u00e8 la musica di Canton nel 2018<\/span><\/i><span style=\"font-weight: 400\">. <\/span><i><span style=\"font-weight: 400\">Non ci piace il revival n\u00e9 la nostalgia, non ci piace dire \u201c<\/span><\/i><span style=\"font-weight: 400\">Quelli erano bei tempi\u201d<\/span><i><span style=\"font-weight: 400\">, preferiamo continuare a evolverci e portare ai nostri tempi il nostro stile di sempre: l\u2019elettronica rimane la grande nostra passione, ma oggi c\u2019\u00e8 molto pi\u00f9 spazio per le ballate e per esperimenti e sconfinamenti pi\u00f9 ampi in atmosfere rock o funky\u201d.<\/span><\/i> <b>Canton<\/b><\/p>\n<p>&nbsp;<\/p>\n<p><b>Etichetta: CUORINFIAMME<\/b><\/p>\n<p><b>Radio date: 25 Settembre 2018<\/b><\/p>\n<p>&nbsp;<\/p>\n<p><b>BIO<\/b><\/p>\n<p><b>I CANTON<\/b><span style=\"font-weight: 400\"> sono presenti nella colonna sonora degli italiani sin da quel 1984 che li ha visti sul <\/span><b>palco del Festival di Sanremo<\/b><span style=\"font-weight: 400\"> con il 4\u00b0 posto di <\/span><b><i>\u201cSonnambulismo\u201d:<\/i><\/b><span style=\"font-weight: 400\">\u00a0Un grandissimo risultato in un periodo in cui le canzoni di Sanremo monopolizzavano l\u2019airplay radiofonico e i jukebox per tutto l\u2019anno. Dopo \u201cSonnambulismo\u201d \u00e8 stata la volta di\u00a0<\/span><b><i>\u201cPlease don\u2019t stay&#8221;,<\/i><\/b><span style=\"font-weight: 400\"> pubblicata in tutta Europa. Con questo pezzo i ragazzi partecipano al Festivalbar \u201985.\u00a0Grazie a\u00a0<\/span><i><span style=\"font-weight: 400\">\u201cPlease don\u2019t Stay <\/span><\/i><span style=\"font-weight: 400\">il gruppo conosce <\/span><b>Pete Waterman<\/b><span style=\"font-weight: 400\">, produttore di Dead or Alive, <\/span><a href=\"blank\"><span style=\"font-weight: 400\">Bananarama<\/span><\/a><span style=\"font-weight: 400\">,\u00a0<\/span><a href=\"blank\"><span style=\"font-weight: 400\">Rick Astley<\/span><\/a><span style=\"font-weight: 400\">,\u00a0<\/span><span style=\"font-weight: 400\">Donna Summer<\/span><span style=\"font-weight: 400\">, Kylie Minugue,\u00a0<\/span><span style=\"font-weight: 400\">Elton John<\/span><span style=\"font-weight: 400\">\u00a0e moltissimi altri artisti internazionali del gotha e del pop elettronico del tempo. Con lui incisero\u00a0<\/span><i><span style=\"font-weight: 400\">\u201cStay With Me\u201d<\/span><\/i><span style=\"font-weight: 400\">, distribuita in Europa e Nord America. Poi <\/span><b>l\u2019interruzione forzata del 1986<\/b><span style=\"font-weight: 400\"> (l\u2019etichetta cessa le produzioni, lasciandoli vincolati a un contratto pluriennale), i progetti collaterali e infine il \u2018letargo\u2019&#8230;\u00a0Ma ogni letargo finisce con un risveglio. E cos\u00ec <\/span><b>nel 2010 <\/b><span style=\"font-weight: 400\">i CANTON si \u2018stiracchiano\u2019 con un omaggio al loro primo successo,<\/span><b> \u201cSonnambulismo 2010\u201d:<\/b><span style=\"font-weight: 400\"> e subito <\/span><b>viene ristabilito il contatto fra la band e il pubblico che non li aveva scordati.<\/b><\/p>\n<p><span style=\"font-weight: 400\">Il futuro per i Canton ha il titolo di <\/span><b><i>\u201cCi saremo\u201d<\/i><\/b><b>,<\/b><span style=\"font-weight: 400\"> un album di debutto atteso da tanti anni che riporta la musica del trio al presente, senza rimpianti e con ottimismo.\u00a0I sei singoli estratti da\u00a0<\/span><i><span style=\"font-weight: 400\">\u201cCi saremo\u201d<\/span><\/i><span style=\"font-weight: 400\">\u00a0sono tutti entrati nelle classifiche di airplay di musica indipendente, e i relativi videoclip hanno superato il milione e mezzo di visualizzazioni online.<\/span><\/p>\n<p><span style=\"font-weight: 400\">Nel 2018 \u00e8 la volta di un nuovo progetto: <\/span><b>il secondo album\u00a0<\/b><b><i>&#8220;1\/3 &#8211; Uno su tre&#8221;<\/i><\/b><b>,<\/b><span style=\"font-weight: 400\">\u00a0che prevede la pubblicazione un singolo ogni tre\u00a0mesi. Il disco\u00a0ha gi\u00e0 visto l\u2019uscita di due singoli i cui riscontri insegnano che, a\u00a0questi eterni ragazzi del poprock,\u00a0non sono mai venuti a mancare quella passione, quel coraggio e quella determinazione che sono alla base del fare musica e del saper creare un reale rapporto col pubblico.<\/span><\/p>\n<p><span style=\"font-weight: 400\">I primi due singoli lanciati sono stati <\/span><b>\u201cAncora Estate\u201d<\/b><span style=\"font-weight: 400\">\u00a0(con oltre\u00a0<\/span><span style=\"font-weight: 400\">880.000 visualizzazioni<\/span><span style=\"font-weight: 400\">, <\/span><span style=\"font-weight: 400\">25\u00b0 posizione<\/span><span style=\"font-weight: 400\">\u00a0nella IndieMusicLike, ma soprattutto\u00a0<\/span><span style=\"font-weight: 400\">1\u00b0 posizione<\/span><span style=\"font-weight: 400\"> nella Classifica Emergenti), e <\/span><b>\u201cVoglia di te\u201d<\/b><span style=\"font-weight: 400\">\u00a0(quasi\u00a0<\/span><span style=\"font-weight: 400\">1.300.000 visualizzazioni<\/span><span style=\"font-weight: 400\">, ancora una\u00a0<\/span><span style=\"font-weight: 400\">1\u00b0 posizione<\/span><span style=\"font-weight: 400\"> nella Classifica Indipendenti Emergenti e la\u00a0<\/span><span style=\"font-weight: 400\">19\u00b0<\/span><span style=\"font-weight: 400\">\u00a0nella Classifica Indipendenti generale). Ora \u00e8 arrivato il turno di <\/span><b>\u201cSono solo\u201d. <\/b><\/p>\n<p style=\"text-align: center\"><span style=\"font-weight: 400\"><br \/>\n<\/span><b>Contatti<\/b><\/p>\n<p style=\"text-align: center\"><b>Sito Web<\/b> <span style=\"font-weight: 400\">www.canton-music.com<\/span><\/p>\n<p style=\"text-align: center\"><b>Facebook<\/b> <span style=\"font-weight: 400\">Facebook.com\/officialcanton<\/span><\/p>\n<p style=\"text-align: center\"><b>Canale YouTube <\/b><span style=\"font-weight: 400\">www.youtube.com\/cantonofficial<\/span><\/p>\n<p style=\"text-align: center\"><b>Instagram <\/b><span style=\"font-weight: 400\">canton_official<\/span><\/p>\n","protected":false},"excerpt":{"rendered":"<p>Dopo il successo riscontrato dai singoli \u201cAncora estate\u201d e \u201cVoglia di te\u201d, arriva in radio dal 25 settembre il brano che svela il lato pi\u00f9 oscuro e misterioso della band divenuta celebre negli anni \u201980. \u201cSono Solo\u201d \u00e8 la canzone pi\u00f9 intensa e magnetica dell\u2019album \u201cUno su tre\u201d, sia a livello musicale, dove a far [&hellip;]<\/p>\n","protected":false},"author":4383,"featured_media":0,"comment_status":"open","ping_status":"open","sticky":false,"template":"","format":"standard","meta":{"footnotes":""},"categories":[29],"tags":[],"class_list":["post-36834","post","type-post","status-publish","format-standard","hentry","category-comunicati"],"_links":{"self":[{"href":"https:\/\/www.area-press.eu\/comunicatistampa\/wp-json\/wp\/v2\/posts\/36834","targetHints":{"allow":["GET"]}}],"collection":[{"href":"https:\/\/www.area-press.eu\/comunicatistampa\/wp-json\/wp\/v2\/posts"}],"about":[{"href":"https:\/\/www.area-press.eu\/comunicatistampa\/wp-json\/wp\/v2\/types\/post"}],"author":[{"embeddable":true,"href":"https:\/\/www.area-press.eu\/comunicatistampa\/wp-json\/wp\/v2\/users\/4383"}],"replies":[{"embeddable":true,"href":"https:\/\/www.area-press.eu\/comunicatistampa\/wp-json\/wp\/v2\/comments?post=36834"}],"version-history":[{"count":3,"href":"https:\/\/www.area-press.eu\/comunicatistampa\/wp-json\/wp\/v2\/posts\/36834\/revisions"}],"predecessor-version":[{"id":36837,"href":"https:\/\/www.area-press.eu\/comunicatistampa\/wp-json\/wp\/v2\/posts\/36834\/revisions\/36837"}],"wp:attachment":[{"href":"https:\/\/www.area-press.eu\/comunicatistampa\/wp-json\/wp\/v2\/media?parent=36834"}],"wp:term":[{"taxonomy":"category","embeddable":true,"href":"https:\/\/www.area-press.eu\/comunicatistampa\/wp-json\/wp\/v2\/categories?post=36834"},{"taxonomy":"post_tag","embeddable":true,"href":"https:\/\/www.area-press.eu\/comunicatistampa\/wp-json\/wp\/v2\/tags?post=36834"}],"curies":[{"name":"wp","href":"https:\/\/api.w.org\/{rel}","templated":true}]}}