{"id":36731,"date":"2018-11-27T22:58:18","date_gmt":"2018-11-27T21:58:18","guid":{"rendered":"http:\/\/www.area-press.eu\/comunicatistampa\/?p=36731"},"modified":"2018-11-27T22:58:18","modified_gmt":"2018-11-27T21:58:18","slug":"francesco-cara-romeo-nominato-head-of-transformation-in-euler-hermes-mmea","status":"publish","type":"post","link":"https:\/\/www.area-press.eu\/comunicatistampa\/2018\/11\/27\/francesco-cara-romeo-nominato-head-of-transformation-in-euler-hermes-mmea\/","title":{"rendered":"Francesco Cara Romeo nominato \u201cHead of Transformation\u201d in Euler Hermes MMEA"},"content":{"rendered":"<p><strong>Francesco Cara Romeo<\/strong>, 47 anni, \u00e8 stato nominato responsabile della nuova funzione \u201cTransformation\u201d di <strong>Euler Hermes <\/strong>per la Regione Paesi Mediterranei, Medio Oriente e Africa (MMEA). Nel suo nuovo ruolo, Cara Romeo risponder\u00e0 direttamente a Luca Burrafato, Capo della Regione Euler Hermes MMEA e avr\u00e0 sotto la sua responsabilit\u00e0 lo sviluppo della strategia digitale del gruppo nella regione.<\/p>\n<p>&nbsp;<\/p>\n<p>Francesco Cara Romeo si \u00e8 laureato in Fisica presso l\u2019Universit\u00e0 degli Studi La Sapienza. Dopo un\u2019esperienza di sette anni in <strong>Accenture<\/strong>, nel 2006 diventa partner nella societ\u00e0 di consulenza <strong>Double Consulting<\/strong>. Nel 2013 ha poi raggiunto <strong>Aviva Italia<\/strong>, nella quale ha ricoperto il ruolo di \u201cHead of Transformation\u201d guidando il cambiamento aziendale attraverso la semplificazione dei processi e l\u2019introduzione di nuovi strumenti per l\u2019automazione delle attivit\u00e0.<\/p>\n<p><strong>\u00a0<\/strong><\/p>\n<p><strong>Luca Burrafato<\/strong>, Capo della Regione MMEA, ha commentato: \u201cLa creazione della nuova funzione dedicata al cambiamento e trasformazione nella regione MMEA si inserisce all\u2019interno dell\u2019ambizioso piano strategico 2019-2021 che pone al centro l\u2019innovazione digitale (Data Powered). L\u2019ulteriore sviluppo del Data Lab Euler Hermes attraverso i nuovi strumenti legati all\u2019intelligenza artificiale ci permetter\u00e0 di trasformare e reinventare il nostro business, garantendo una crescita sostenibile nel lungo periodo e una maggiore soddisfazione del cliente.\u201d<\/p>\n","protected":false},"excerpt":{"rendered":"<p>Francesco Cara Romeo, 47 anni, \u00e8 stato nominato responsabile della nuova funzione \u201cTransformation\u201d di Euler Hermes per la Regione Paesi Mediterranei, Medio Oriente e Africa (MMEA). Nel suo nuovo ruolo, Cara Romeo risponder\u00e0 direttamente a Luca Burrafato, Capo della Regione Euler Hermes MMEA e avr\u00e0 sotto la sua responsabilit\u00e0 lo sviluppo della strategia digitale del [&hellip;]<\/p>\n","protected":false},"author":5202,"featured_media":0,"comment_status":"open","ping_status":"open","sticky":false,"template":"","format":"standard","meta":{"footnotes":""},"categories":[],"tags":[],"class_list":["post-36731","post","type-post","status-publish","format-standard","hentry"],"_links":{"self":[{"href":"https:\/\/www.area-press.eu\/comunicatistampa\/wp-json\/wp\/v2\/posts\/36731","targetHints":{"allow":["GET"]}}],"collection":[{"href":"https:\/\/www.area-press.eu\/comunicatistampa\/wp-json\/wp\/v2\/posts"}],"about":[{"href":"https:\/\/www.area-press.eu\/comunicatistampa\/wp-json\/wp\/v2\/types\/post"}],"author":[{"embeddable":true,"href":"https:\/\/www.area-press.eu\/comunicatistampa\/wp-json\/wp\/v2\/users\/5202"}],"replies":[{"embeddable":true,"href":"https:\/\/www.area-press.eu\/comunicatistampa\/wp-json\/wp\/v2\/comments?post=36731"}],"version-history":[{"count":1,"href":"https:\/\/www.area-press.eu\/comunicatistampa\/wp-json\/wp\/v2\/posts\/36731\/revisions"}],"predecessor-version":[{"id":36732,"href":"https:\/\/www.area-press.eu\/comunicatistampa\/wp-json\/wp\/v2\/posts\/36731\/revisions\/36732"}],"wp:attachment":[{"href":"https:\/\/www.area-press.eu\/comunicatistampa\/wp-json\/wp\/v2\/media?parent=36731"}],"wp:term":[{"taxonomy":"category","embeddable":true,"href":"https:\/\/www.area-press.eu\/comunicatistampa\/wp-json\/wp\/v2\/categories?post=36731"},{"taxonomy":"post_tag","embeddable":true,"href":"https:\/\/www.area-press.eu\/comunicatistampa\/wp-json\/wp\/v2\/tags?post=36731"}],"curies":[{"name":"wp","href":"https:\/\/api.w.org\/{rel}","templated":true}]}}