{"id":36726,"date":"2018-11-27T22:58:18","date_gmt":"2018-11-27T21:58:18","guid":{"rendered":"http:\/\/www.area-press.eu\/comunicatistampa\/?p=36726"},"modified":"2018-11-27T22:58:18","modified_gmt":"2018-11-27T21:58:18","slug":"linsegnamento-dei-diritti-umani-nelle-scuole-del-portogallo","status":"publish","type":"post","link":"https:\/\/www.area-press.eu\/comunicatistampa\/2018\/11\/27\/linsegnamento-dei-diritti-umani-nelle-scuole-del-portogallo\/","title":{"rendered":"L\u2019insegnamento dei Diritti Umani nelle scuole del Portogallo"},"content":{"rendered":"<p>Nata in Portogallo e cresciuta in Brasile, Claudia Fernandes ha vissuto tra persone di diverse culture, questo \u00e8 ci\u00f2 che ha conferito una forma alla sua visione della vita. Sua madre la incoraggi\u00f2 a fare volontariato, Claudia svilupp\u00f2 una passione per il servizio agli altri. Ha studiato e lavorato in sette nazioni diverse, il che ha ulteriormente ampliato la sua capacit\u00e0 di accettare punti di vista differenti. Dopo l\u2019educazione universitaria in Portogallo, si \u00e8 trasferita negli Stati Uniti.<\/p>\n<p>Vivendo in America, cap\u00ec che l\u2019educazione ai diritti umani era necessaria quando sua figlia, che allora aveva di sei anni, fu vittima di bullismo a scuola. L&#8217;insegnante non solo non fece nulla, ma addirittura contribu\u00ec ad esso. Dopo aver scoperto \u201cGiovent\u00f9 per i Diritti Umani\u201d, Claudia cre\u00f2 la fondazione \u201cIncubator di Young Leaders for Human Rights\u201d insieme a suo figlio, allo scopo di sviluppare una leadership etica, responsabile e solidale. &#8220;I diritti umani sono potere&#8221;, dice Claudia. &#8220;Non \u00e8 solo importante conoscere i diritti umani, ma anche insegnarli agli altri&#8221;.<\/p>\n<p>Dopo che lei e suo figlio parteciparono al Summit Internazionale sui Diritti Umani del 2016 a New York, si sent\u00ec ispirata a fare qualcosa di pi\u00f9 con Giovent\u00f9 per i Diritti Umani. Torn\u00f2 in Portogallo e avvi\u00f2 un progetto sui diritti umani in collaborazione con il governo locale dell&#8217;area di Porto. Lo scopo era promuovere l&#8217;uguaglianza e la non violenza nelle scuole. Il progetto includeva seminari scolastici e eventi sui diritti umani.<\/p>\n<p>Ora ha il via libera per formare gli insegnanti, in modo che possano continuare l\u2019insegnamento dei diritti umani con i loro studenti. &#8220;Se riesci a insegnare abbastanza bene ai bambini, puoi cambiare il futuro&#8221;, conclude Claudia.<\/p>\n<p>\u201cGiovent\u00f9 per i Diritti Umani\u201d \u00e8 un programma sostenuto dalla Chiesa di Scientology, fondata da L. Ron Hubbard. \u00c8 attiva a livello internazionale organizzando convegni (il pi\u00f9 recente a New York nel Palazzo di Vetro della Nazioni Unite) e lezioni sui Diritti Umani nelle scuole elementari, medie e superiori, allo scopo di diffondere la conoscenza della Dichiarazione Universale dei Diritti dell\u2019Uomo approvata dall\u2019ONU nel 1948.<\/p>\n<p>Il fondatore della Chiesa di Scientology, L. Ron Hubbard, ha affermato: \u201cI Diritti Umani devono essere resi una realt\u00e0, non un sogno idealistico&#8221;.<\/p>\n","protected":false},"excerpt":{"rendered":"<p>Nata in Portogallo e cresciuta in Brasile, Claudia Fernandes ha vissuto tra persone di diverse culture, questo \u00e8 ci\u00f2 che ha conferito una forma alla sua visione della vita. Sua madre la incoraggi\u00f2 a fare volontariato, Claudia svilupp\u00f2 una passione per il servizio agli altri. Ha studiato e lavorato in sette nazioni diverse, il che [&hellip;]<\/p>\n","protected":false},"author":5052,"featured_media":0,"comment_status":"open","ping_status":"open","sticky":false,"template":"","format":"standard","meta":{"footnotes":""},"categories":[],"tags":[],"class_list":["post-36726","post","type-post","status-publish","format-standard","hentry"],"_links":{"self":[{"href":"https:\/\/www.area-press.eu\/comunicatistampa\/wp-json\/wp\/v2\/posts\/36726","targetHints":{"allow":["GET"]}}],"collection":[{"href":"https:\/\/www.area-press.eu\/comunicatistampa\/wp-json\/wp\/v2\/posts"}],"about":[{"href":"https:\/\/www.area-press.eu\/comunicatistampa\/wp-json\/wp\/v2\/types\/post"}],"author":[{"embeddable":true,"href":"https:\/\/www.area-press.eu\/comunicatistampa\/wp-json\/wp\/v2\/users\/5052"}],"replies":[{"embeddable":true,"href":"https:\/\/www.area-press.eu\/comunicatistampa\/wp-json\/wp\/v2\/comments?post=36726"}],"version-history":[{"count":1,"href":"https:\/\/www.area-press.eu\/comunicatistampa\/wp-json\/wp\/v2\/posts\/36726\/revisions"}],"predecessor-version":[{"id":36727,"href":"https:\/\/www.area-press.eu\/comunicatistampa\/wp-json\/wp\/v2\/posts\/36726\/revisions\/36727"}],"wp:attachment":[{"href":"https:\/\/www.area-press.eu\/comunicatistampa\/wp-json\/wp\/v2\/media?parent=36726"}],"wp:term":[{"taxonomy":"category","embeddable":true,"href":"https:\/\/www.area-press.eu\/comunicatistampa\/wp-json\/wp\/v2\/categories?post=36726"},{"taxonomy":"post_tag","embeddable":true,"href":"https:\/\/www.area-press.eu\/comunicatistampa\/wp-json\/wp\/v2\/tags?post=36726"}],"curies":[{"name":"wp","href":"https:\/\/api.w.org\/{rel}","templated":true}]}}