{"id":366,"date":"2015-07-20T14:19:15","date_gmt":"2015-07-20T12:19:15","guid":{"rendered":"http:\/\/www.area-press.eu\/comunicatistampa\/?p=366"},"modified":"2015-07-20T14:19:15","modified_gmt":"2015-07-20T12:19:15","slug":"impianti-antifurto-integrati-con-hd-tech-srl","status":"publish","type":"post","link":"https:\/\/www.area-press.eu\/comunicatistampa\/2015\/07\/20\/impianti-antifurto-integrati-con-hd-tech-srl\/","title":{"rendered":"Impianti antifurto integrati con HD Tech Srl"},"content":{"rendered":"<p><strong>Avreste mai pensato di integrare l\u2019impianto antifurto con gli altri servizi della vostra casa?<\/strong><\/p>\n<p>In effetti, l\u2019antifurto \u00e8 un sistema intelligente, realizzato per garantire la massima affidabilit\u00e0 anche in assenza di energia elettrica e pertanto pu\u00f2 essere utilizzato come regista dell\u2019impianto domotico.<br \/>\nPer aumentare la sicurezza dell&#8217;abitazione, l\u2019integrazione deve essere nativa, considerare le esigenze specifiche e lo stile di vita dei residenti.<\/p>\n<p><strong>Normalmente accade che l\u2019intrusione avvenga prima dell\u2019arrivo del proprietario e delle Forze dell\u2019Ordine.<\/strong><br \/>\n<strong>Occorre pertanto rallentare l\u2019azione di chi cerca di introdursi all\u2019interno dell\u2019edificio.<\/strong><\/p>\n<p>Pensiamo ad una casa con giardino.<br \/>\nAttraverso l\u2019integrazione di tutti gli impianti disponibili con l\u2019<a href=\"http:\/\/www.hdtechsrl.it\/Web\/19\/Impianti-antifurto-e-antintrusione.aspx\" target=\"_blank\">impianto antifurto<\/a>, \u00e8 possibile accendere l\u2019impianto di irrigazione ed abbassare tutte le tapparelle non appena il sensore perimetrale disposto lungo il confine della propriet\u00e0 rileva un tentativo di infrazione.<br \/>\nContemporaneamente, va prevista l\u2019accensione di tutte le luci esterne e di alcune interne.<br \/>\nIl ladro sar\u00e0 cos\u00ec reso ben visibile e probabilmente si dissuader\u00e0 nel proseguire il suo tentativo di intrusione nel dubbio che l\u2019abitazione sia o meno presidiata.<\/p>\n<p><strong>Per informazioni e contatti:<\/strong><a href=\"http:\/\/www.hdtechsrl.it\/Web\/23\/Contatti.aspx\" target=\"_blank\"> www.hdtechsrl.it<\/a><\/p>\n","protected":false},"excerpt":{"rendered":"<p>Avreste mai pensato di integrare l\u2019impianto antifurto con gli altri servizi della vostra casa? In effetti, l\u2019antifurto \u00e8 un sistema intelligente, realizzato per garantire la massima affidabilit\u00e0 anche in assenza di energia elettrica e pertanto pu\u00f2 essere utilizzato come regista dell\u2019impianto domotico. Per aumentare la sicurezza dell&#8217;abitazione, l\u2019integrazione deve essere nativa, considerare le esigenze specifiche [&hellip;]<\/p>\n","protected":false},"author":38,"featured_media":0,"comment_status":"open","ping_status":"open","sticky":false,"template":"","format":"standard","meta":{"footnotes":""},"categories":[5],"tags":[537,536],"class_list":["post-366","post","type-post","status-publish","format-standard","hentry","category-aziendali","tag-hd-tech-srl","tag-impianti-antifurto-parma"],"_links":{"self":[{"href":"https:\/\/www.area-press.eu\/comunicatistampa\/wp-json\/wp\/v2\/posts\/366","targetHints":{"allow":["GET"]}}],"collection":[{"href":"https:\/\/www.area-press.eu\/comunicatistampa\/wp-json\/wp\/v2\/posts"}],"about":[{"href":"https:\/\/www.area-press.eu\/comunicatistampa\/wp-json\/wp\/v2\/types\/post"}],"author":[{"embeddable":true,"href":"https:\/\/www.area-press.eu\/comunicatistampa\/wp-json\/wp\/v2\/users\/38"}],"replies":[{"embeddable":true,"href":"https:\/\/www.area-press.eu\/comunicatistampa\/wp-json\/wp\/v2\/comments?post=366"}],"version-history":[{"count":3,"href":"https:\/\/www.area-press.eu\/comunicatistampa\/wp-json\/wp\/v2\/posts\/366\/revisions"}],"predecessor-version":[{"id":369,"href":"https:\/\/www.area-press.eu\/comunicatistampa\/wp-json\/wp\/v2\/posts\/366\/revisions\/369"}],"wp:attachment":[{"href":"https:\/\/www.area-press.eu\/comunicatistampa\/wp-json\/wp\/v2\/media?parent=366"}],"wp:term":[{"taxonomy":"category","embeddable":true,"href":"https:\/\/www.area-press.eu\/comunicatistampa\/wp-json\/wp\/v2\/categories?post=366"},{"taxonomy":"post_tag","embeddable":true,"href":"https:\/\/www.area-press.eu\/comunicatistampa\/wp-json\/wp\/v2\/tags?post=366"}],"curies":[{"name":"wp","href":"https:\/\/api.w.org\/{rel}","templated":true}]}}