{"id":36554,"date":"2018-11-19T19:12:03","date_gmt":"2018-11-19T18:12:03","guid":{"rendered":"http:\/\/www.area-press.eu\/comunicatistampa\/?p=36554"},"modified":"2020-08-09T23:36:45","modified_gmt":"2020-08-09T21:36:45","slug":"rita-zingariello-amsterdam-dallalbum-il-canto-dellape-arriva-il-nuovo-singolo","status":"publish","type":"post","link":"https:\/\/www.area-press.eu\/comunicatistampa\/2018\/11\/19\/rita-zingariello-amsterdam-dallalbum-il-canto-dellape-arriva-il-nuovo-singolo\/","title":{"rendered":"RITA ZINGARIELLO \u201cAMSTERDAM\u201d dall\u2019album \u201cIl canto dell\u2019ape\u201d arriva il nuovo singolo"},"content":{"rendered":"<p><img loading=\"lazy\" decoding=\"async\" class=\"aligncenter size-medium wp-image-284620\" src=\"https:\/\/www.joyfreepress.com\/wp-content\/uploads\/2018\/10\/COVER-Nuova-4-converted-300x300.jpg\" alt=\"\" width=\"300\" height=\"300\" \/><\/p>\n<p><i><span style=\"font-weight: 400\">La malinconia agrodolce del brano accompagna la chiusura dell\u2019estate in una cerniera temporale fra tempo passato e tempo presente. <\/span><\/i><\/p>\n<p><span style=\"font-weight: 400\">Il testo della nuova canzone di Rita Zingariello nasce da un viaggio prenotato per caso ad Amsterdam con la volont\u00e0 di <\/span><b>ricongiungere una parte di s\u00e9 col mondo.<\/b><\/p>\n<p><span style=\"font-weight: 400\">\u00c8 estate e le strade sanno di legno e di mare in un luogo che sembra slegato dal tempo. La canzone rimanda dai primi ascolti alla piacevole invasione di colore negli occhi. La leggerezza e la semplicit\u00e0 volute nell\u2019arrangiamento sono arricchite da una nota malinconica richiamata dagli archi a met\u00e0 brano, quasi a voler sottolineare una pi\u00f9 profonda volont\u00e0 di trasformare i pesi del passato in ricchezza del presente\u201d. <\/span><\/p>\n<p>&nbsp;<\/p>\n<p style=\"text-align: center\"><strong>GUARDA IL VIDEO SU YOUTUBE:<\/strong><\/p>\n<p><iframe loading=\"lazy\" title=\"Rita Zingariello - Amsterdam\" width=\"500\" height=\"281\" src=\"https:\/\/www.youtube.com\/embed\/gajzozHbisU?feature=oembed\" frameborder=\"0\" allow=\"accelerometer; autoplay; clipboard-write; encrypted-media; gyroscope; picture-in-picture; web-share\" referrerpolicy=\"strict-origin-when-cross-origin\" allowfullscreen><\/iframe><\/p>\n<p>&nbsp;<\/p>\n<p><b>Il singolo \u00e8 il terzo estratto dall\u2019album \u201cIl canto dell\u2019ape<\/b><span style=\"font-weight: 400\">\u201d, un lavoro in cui la cantautrice prende consapevolezza di s\u00e9 e diventa forte l\u2019esigenza di raccontare l\u2019epidermico piacere di fuggire l\u2019ombra.<\/span><\/p>\n<p><img loading=\"lazy\" decoding=\"async\" class=\"aligncenter size-medium wp-image-285701\" src=\"https:\/\/www.joyfreepress.com\/wp-content\/uploads\/2018\/09\/COPERTINA-DEF-FONT-300x300.jpg\" alt=\"\" width=\"300\" height=\"300\" \/><\/p>\n<p><i><span style=\"font-weight: 400\">\u00abIl disco \u00e8 stato pensato a casa mia, dove spesso scrivo in solitudine per riordinare pensieri. E\u2019 un\u2019azione che, oltre a farmi stare bene, \u00e8 diventata la mia unica e migliore psicoterapia. <\/span><\/i><\/p>\n<p><i><span style=\"font-weight: 400\">Con questo disco ho svelato a me stessa dove sono arrivata e come ci sono arrivata. <\/span><\/i><\/p>\n<p><i><span style=\"font-weight: 400\">Le canzoni sono nate con pi\u00f9 penne, una chitarra e un pianoforte. Ho riempito fogli di parole e scarabocchi. \u00a0<\/span><\/i><\/p>\n<p><i><span style=\"font-weight: 400\">Ai fogli che non sono finiti accartocciati \u00e8 toccato di finire catalogati in uno schedario verde mela ad anelli, da cui ho poi scelto le undici tracce di questo album. <\/span><\/i><\/p>\n<p><i><span style=\"font-weight: 400\">Quando sono stata convinta di liberare in volo le canzoni ho incontrato Vincenzo Cristallo, chitarrista amico, con cui ho condiviso l\u2019avventura dei live del mio album precedente, \u201cPossibili percorsi\u201d e a cui ho deciso di affidare gli arrangiamenti di questo ultimo disco. <\/span><\/i><\/p>\n<p><i><span style=\"font-weight: 400\">Le atmosfere e le influenze che hanno ispirato l\u2019album sono tante e diverse tra loro, dal pop d\u2019autore all\u2019indie-rock, dalla musica dub al bluegrass, con sonorit\u00e0 vintage e moderne insieme, dove la costante \u00e8 l\u2019uso di strumenti acustici (protagonista assoluta la chitarra), uniti ad un utilizzo minimale dell\u2019elettronica. <\/span><\/i><\/p>\n<p><i><span style=\"font-weight: 400\">La voce \u201cpulita\u201d e la semplicit\u00e0 dei testi, ci hanno condotto attraverso un viaggio fatto di verit\u00e0 e rinascite, di intimit\u00e0 e istintivit\u00e0, dove parole e melodie si sono contaminate con l\u2019aria internazionale degli arrangiamenti. <\/span><\/i><\/p>\n<p><i><span style=\"font-weight: 400\">Il vestito finale dell\u2019album lo abbiamo confezionato nello Stones Lab Studio, dove la disponibilit\u00e0 e la professionalit\u00e0 di Leo Zagariello, che ha curato la ripresa del suono e di Angelo Nigro, che si \u00e8 occupato delle programmazioni e della post-produzione del disco, hanno materializzato le nostre idee iniziali.<\/span><\/i><\/p>\n<p><i><span style=\"font-weight: 400\">Il risultato \u00e8 un progetto moderno, rivisitato in un\u2019ottica crossover, in cui tanti sono i generi che si fondono con un\u2019idea di partenza semplice ma al tempo stesso forte e di carattere\u00bb. <\/span><\/i><b>Rita Zingariello<\/b><\/p>\n<p>&nbsp;<\/p>\n<p><span style=\"font-weight: 400\">Dal 21 settembre sar\u00e0 disponibile <\/span><b>in tutti gli store digitali<\/b><span style=\"font-weight: 400\"> uno speciale singolo contenente anche <\/span><b>il brano \u201cPatria\u201d, versione in musica della poesia di G. Pascoli<\/b><span style=\"font-weight: 400\"> che \u00e8 valsa alla cantante la <\/span><b>vittoria della prima edizione del premio Pascoli in Musica<\/b><span style=\"font-weight: 400\">, tenutosi a San Mauro Pascoli lo scorso 8 agosto, grazie ai voti della giuria coordinata da Giordano Sangiorgi, patron del Mei, il Meeting delle etichette indipendenti.<\/span><\/p>\n<p>&nbsp;<\/p>\n<p><b>DICONO DI LEI<\/b><\/p>\n<p><span style=\"font-weight: 400\">\u201c<\/span><i><span style=\"font-weight: 400\">Rita Zingariello \u00e8 brava (\u2026), in quest\u2019album la sua voce, limpida e straordinariamente pulita, ha un risalto del tutto speciale.<\/span><\/i><span style=\"font-weight: 400\">\u201d <\/span><b>Francesca Incudine &#8211; Blow Up<\/b><\/p>\n<p><i><span style=\"font-weight: 400\">\u201cDodici brani di pop d\u2019autore, leggeri e ben concepiti, garbati e accattivanti, incredibilmente scevri da zuccherose leziosit\u00e0. Deliziosamente fresco\u201d. <\/span><\/i><b>Rockerilla <\/b><\/p>\n<p><span style=\"font-weight: 400\">\u201c<\/span><i><span style=\"font-weight: 400\">(\u2026) Una<\/span><\/i><i><span style=\"font-weight: 400\"> bella scrittura artigianale italiana, quella d\u2019autore, (\u2026) un lavoro di grandissimo spessore lirico e con una produzione assai interessante, che danza con naturalezza tra le pagine classiche ma anche tra le contaminazioni francesi, argentine, spagnole, da un bluegrass di slide guitar alle fisarmoniche da tango. Il pop made in Italy \u00e8 anche e soprattutto questo, con scritture dalla forma canzone non sfacciatamente didattica e con un piglio assai personale e ricco di tantissima libert\u00e0 espressiva\u201d. <\/span><\/i><b>LoudVision<\/b><\/p>\n<p><span style=\"font-weight: 400\">\u201c<\/span><i><span style=\"font-weight: 400\">Il progetto musicale della cantautrice pugliese ti cattura fin dalle prime note, e non si pu\u00f2 che restare affascinati dalla dolcezza, dalla grazia, dalla semplicit\u00e0 e dalla gentilezza, con cui la voce di Rita Zingariello, cristallina e sincera, cattura sogni (\u2026) facendoli rivivere nei testi delle sue canzoni<\/span><\/i><span style=\"font-weight: 400\">\u201d. <\/span><b>Peppe Saverino &#8211; MusicMap<\/b><\/p>\n<p>&nbsp;<\/p>\n<p><b>Etichetta: Volume!<\/b><\/p>\n<p><b>Radio date: 18 settembre 2018<\/b><\/p>\n<p><b>Pubblicazione album: 6 aprile 2018<\/b><\/p>\n<p>&nbsp;<\/p>\n<p><b>BIO<\/b><\/p>\n<p><b>Rita Zingariello<\/b><span style=\"font-weight: 400\"> nasce a Gravina in Puglia a cavallo tra il segno della Vergine e quello della Bilancia.<\/span><\/p>\n<p><span style=\"font-weight: 400\">Sin da bambina studia pianoforte, per poi avvicinarsi al canto, materia nella quale si diploma nel 2005. L\u2019attrazione esercitata dalla musica ha reso piuttosto immediata la personale scelta di iniziare a comporre. Nel 2008 il suo\u00a0primo EP da cantautrice \u201c\u00c8 alba\u201d\u00a0segner\u00e0 l&#8217;inizio di un\u2019intensa attivit\u00e0 di live. Nel 2012\u00a0vince il Contest \u201cMusica \u00e8\u201d\u00a0e nello stesso anno \u00e8 tra i\u00a0vincitori di Sanremo rock e Castrocaro.<\/span><\/p>\n<p><span style=\"font-weight: 400\">Negli anni seguenti sperimenta nuove collaborazioni avvicinandosi alla\u00a0musica jazz\u00a0con un progetto inedito, \u201cIncondizionatamente\u201d, con Daniele e Tommaso Scannapieco, Ettore Carucci e Giovanni Scasciamacchia, che ottiene numerosi consensi.<\/span><\/p>\n<p><span style=\"font-weight: 400\">Nel 2014 arriva il suo\u00a0secondo lavoro discografico, \u201cPossibili percorsi\u201d,\u00a0con la produzione artistica di Phil Mer, pubblicato da \u201cDigressione music\u201d. <\/span><\/p>\n<p><span style=\"font-weight: 400\">Nel 2015 e 2016 \u00e8 tra i finalisti e vincitori di\u00a0vari Festival in Italia: Frequenze Mediterranee, Biella Festival, Festival della Canzone Friulana, Voci per la libert\u00e0 per Amnesty International, UP, Festival dell\u2019Alta Murgia, Red Bull Tour. Apre, tra gli altri, i concerti di: Gino Paoli e Danilo Rea (2013), Paola Turci (2015), Mario Venuti e PFM (2016).\u00a0<\/span><\/p>\n<p><span style=\"font-weight: 400\">Nel 2017 diventa protagonista di un\u00a0tour dedicato ai maggiori successi di Mogol, dove \u00e8 lo stesso autore a volerla al suo fianco sul palco, come interprete e cantautrice.<\/span><\/p>\n<p><span style=\"font-weight: 400\">Nello stesso anno comincia a lavorare al suo nuovo disco\u00a0\u201cIl canto dell\u2019ape\u201d\u00a0e con l\u2019amico chitarrista Vincenzo Cristallo avvia una stretta collaborazione sugli arrangiamenti.<\/span><\/p>\n<p><span style=\"font-weight: 400\">Sceglie di produrre personalmente il disco attraverso quella che si riveler\u00e0 essere una delle campagne di\u00a0crowdfounding\u00a0di maggior successo registrate sulla piattaforma di\u00a0Musicraiser,\u00a0con oltre 200 sostenitori e un obiettivo pi\u00f9 che raddoppiato.<\/span><\/p>\n<p><b>Il 6 aprile 2018 esce \u201cIl canto dell\u2019ape\u201d<\/b><span style=\"font-weight: 400\"> che riscuote subito un enorme successo tra pubblico, critica e numerose radio. Il 4 maggio al teatro Forma di Bari, con tutto esaurito, Rita presenta l\u2019album accompagnata dai 16 musicisti che con lei hanno registrato le 12 tracks del disco. Da maggio 2018 ad oggi \u00e8 impegnata in un intenso tour di presentazione del disco in tutta Italia. Nel frattempo, riceve menzioni al <\/span><b>Premio InediTo, Salone del Libro di Torino e al Premio Peppino Impastato. <\/b><\/p>\n<p>&nbsp;<\/p>\n<p><b>Contatti social<\/b><\/p>\n<p><span style=\"font-weight: 400\">Sito <\/span><a href=\"http:\/\/www.ritazingariello.com\"><span style=\"font-weight: 400\">www.ritazingariello.com<\/span><\/a><\/p>\n<p><span style=\"font-weight: 400\">Facebook <\/span><a href=\"http:\/\/www.facebook.com\/rzrita\/\"><span style=\"font-weight: 400\">www.facebook.com\/rzrita\/<\/span><\/a><\/p>\n<p><span style=\"font-weight: 400\">Instagram <\/span><a href=\"http:\/\/www.instagram.com\/ritazingariello\/\"><span style=\"font-weight: 400\">www.instagram.com\/ritazingariello\/<\/span><\/a><\/p>\n<p><span style=\"font-weight: 400\">Twitter twitter.com\/rzingariello<\/span><\/p>\n<p><span style=\"font-weight: 400\">Canale Youtube <\/span><span style=\"font-weight: 400\">YouTube.com\/c\/RZingariello<\/span><\/p>\n","protected":false},"excerpt":{"rendered":"<p>La malinconia agrodolce del brano accompagna la chiusura dell\u2019estate in una cerniera temporale fra tempo passato e tempo presente. Il testo della nuova canzone di Rita Zingariello nasce da un viaggio prenotato per caso ad Amsterdam con la volont\u00e0 di ricongiungere una parte di s\u00e9 col mondo. \u00c8 estate e le strade sanno di legno [&hellip;]<\/p>\n","protected":false},"author":4383,"featured_media":0,"comment_status":"open","ping_status":"open","sticky":false,"template":"","format":"standard","meta":{"footnotes":""},"categories":[12],"tags":[],"class_list":["post-36554","post","type-post","status-publish","format-standard","hentry","category-musica"],"_links":{"self":[{"href":"https:\/\/www.area-press.eu\/comunicatistampa\/wp-json\/wp\/v2\/posts\/36554","targetHints":{"allow":["GET"]}}],"collection":[{"href":"https:\/\/www.area-press.eu\/comunicatistampa\/wp-json\/wp\/v2\/posts"}],"about":[{"href":"https:\/\/www.area-press.eu\/comunicatistampa\/wp-json\/wp\/v2\/types\/post"}],"author":[{"embeddable":true,"href":"https:\/\/www.area-press.eu\/comunicatistampa\/wp-json\/wp\/v2\/users\/4383"}],"replies":[{"embeddable":true,"href":"https:\/\/www.area-press.eu\/comunicatistampa\/wp-json\/wp\/v2\/comments?post=36554"}],"version-history":[{"count":1,"href":"https:\/\/www.area-press.eu\/comunicatistampa\/wp-json\/wp\/v2\/posts\/36554\/revisions"}],"predecessor-version":[{"id":36556,"href":"https:\/\/www.area-press.eu\/comunicatistampa\/wp-json\/wp\/v2\/posts\/36554\/revisions\/36556"}],"wp:attachment":[{"href":"https:\/\/www.area-press.eu\/comunicatistampa\/wp-json\/wp\/v2\/media?parent=36554"}],"wp:term":[{"taxonomy":"category","embeddable":true,"href":"https:\/\/www.area-press.eu\/comunicatistampa\/wp-json\/wp\/v2\/categories?post=36554"},{"taxonomy":"post_tag","embeddable":true,"href":"https:\/\/www.area-press.eu\/comunicatistampa\/wp-json\/wp\/v2\/tags?post=36554"}],"curies":[{"name":"wp","href":"https:\/\/api.w.org\/{rel}","templated":true}]}}