{"id":36516,"date":"2018-11-19T19:12:02","date_gmt":"2018-11-19T18:12:02","guid":{"rendered":"http:\/\/www.area-press.eu\/comunicatistampa\/?p=36516"},"modified":"2020-08-09T23:36:46","modified_gmt":"2020-08-09T21:36:46","slug":"marco-negri-doroty-e-il-primo-singolo-del-cantautore-mantovano","status":"publish","type":"post","link":"https:\/\/www.area-press.eu\/comunicatistampa\/2018\/11\/19\/marco-negri-doroty-e-il-primo-singolo-del-cantautore-mantovano\/","title":{"rendered":"MARCO NEGRI \u201cDOROTY\u201d \u00e8 il primo singolo del cantautore mantovano"},"content":{"rendered":"<p><img loading=\"lazy\" decoding=\"async\" class=\"alignnone size-medium aligncenter\" src=\"http:\/\/89.46.66.58:8181\/Data\/Images\/RadioData_5ab53241-df63-4a3e-93c6-b74dc5b98fa8.jpg\" width=\"206\" height=\"206\" \/><\/p>\n<p><i><span style=\"font-weight: 400\">Un vestito sonoro trionfante cela un brano ricco di mistero, avvolto in un vortice di percussioni e ritmi pop che non tralasciano intrecci di chitarre acustiche e distorte mai invadenti.<\/span><\/i><\/p>\n<p>&nbsp;<\/p>\n<p><span style=\"font-weight: 400\">\u201cDoroty\u201d \u00e8 stata scritta da Marco Negri 4 anni fa, nel pieno di un\u2019estate che trasudava ricordi e zanzare, umidit\u00e0 e sensi di colpa mai sopiti.<\/span><\/p>\n<p><b>Doroty<\/b><span style=\"font-weight: 400\">, la protagonista\u00a0<\/span><span style=\"font-weight: 400\">\u00a0e tiene in scacco tutti quelli che la stanno a guardare ammirati. <\/span><b>Una mela troppo alta da afferrare<\/b><span style=\"font-weight: 400\">; una donna che ti fa sentire piccolo. <\/span><\/p>\n<p>&nbsp;<\/p>\n<p><span style=\"font-weight: 400\">Il singolo parte con un profluvio di sintetizzatori e tastiere, mentre entra in scena un suono di slot machine e chitarre acustiche che danno il tempo alla voce tranquilla ma decisa del cantate. Ben presto la melodia si adagia su un tappeto di tastiere volanti che fanno capolino al primo ritornello. La batteria sintetica prende slancio per poi esplodere nel ritornello che riporta in superficie cori, chitarre e vigorosi handclaps.<\/span><\/p>\n<p><span style=\"font-weight: 400\">Il lavoro in studio che ha dato vita a \u201cDoroty\u201d \u00e8 partito intorno al 2015 presso l\u2019attrezzatissimo <\/span><b>Digitubestudio del Maestro Carlo Cantini<\/b><span style=\"font-weight: 400\">, che ha messo in bella copia tutte le elucubrazioni testuali e musicali dell\u2019artista.<\/span><\/p>\n<p><span style=\"font-weight: 400\">Marco Negri si \u00e8 visto impegnato nelle registrazioni delle voci, dei cori, e ha contribuito assieme a Cantini alla stesura degli arrangiamenti.<\/span><\/p>\n<p><b>Andy Einaud<\/b><span style=\"font-weight: 400\"> alla batteria ha conferito risalto ritmico al pezzo, mentre <\/span><b>Fiorenzo Deleg\u00e0<\/b><span style=\"font-weight: 400\"> al basso ha cesellato note su note con sapiente maestria. Le chitarre sono del giovane parmense <\/span><b>Emanuele Magr\u00ec<\/b><span style=\"font-weight: 400\"> e i sintetizzatori e le varie tastiere sono state arrangiate dallo stesso <\/span><b>Carlo Cantini.<\/b><\/p>\n<p>&nbsp;<\/p>\n<p><b>Guarda il video su YouTube<\/b><\/p>\n<p><iframe loading=\"lazy\" title=\"Marco Negri Doroty\" width=\"500\" height=\"281\" src=\"https:\/\/www.youtube.com\/embed\/xan0g8wLC3Y?feature=oembed\" frameborder=\"0\" allow=\"accelerometer; autoplay; clipboard-write; encrypted-media; gyroscope; picture-in-picture; web-share\" referrerpolicy=\"strict-origin-when-cross-origin\" allowfullscreen><\/iframe><\/p>\n<p><b>Etichetta: Kirma Records<\/b><\/p>\n<p>&nbsp;<\/p>\n<p><b>BIO<\/b><\/p>\n<p>&nbsp;<\/p>\n<p><b>Marco Negri<\/b><span style=\"font-weight: 400\"> nasce a <\/span><b>Mantova <\/b><span style=\"font-weight: 400\">nel 1979 da due professori di educazione fisica.<\/span><\/p>\n<p><span style=\"font-weight: 400\">La sua infanzia \u00e8 colorata dalle note di Bryan Ferri, dei Pooh e dei Beatles perch\u00e9 il padre, nel tempo libero, ama ascoltare la musica. E cos\u00ec Marco cresce a giradischi e mangiacassette e dentro di lui si fa sempre pi\u00f9 chiara la consapevolezza di non essere tagliato per l\u2019ambiente della palestra. \u00a0\u00a0\u00a0\u00a0\u00a0\u00a0\u00a0\u00a0\u00a0\u00a0\u00a0\u00a0\u00a0\u00a0\u00a0\u00a0\u00a0\u00a0\u00a0\u00a0\u00a0\u00a0\u00a0\u00a0\u00a0\u00a0\u00a0\u00a0\u00a0\u00a0\u00a0\u00a0\u00a0\u00a0\u00a0\u00a0\u00a0\u00a0\u00a0\u00a0\u00a0\u00a0\u00a0\u00a0\u00a0\u00a0\u00a0\u00a0\u00a0\u00a0\u00a0\u00a0\u00a0\u00a0\u00a0\u00a0\u00a0\u00a0\u00a0\u00a0\u00a0\u00a0\u00a0\u00a0\u00a0\u00a0\u00a0\u00a0\u00a0\u00a0\u00a0<\/span><\/p>\n<p><span style=\"font-weight: 400\">Da adolescente prende lezioni di batteria, poi canto e chitarra ma \u00e8 solo dopo qualche anno che avverte la necessit\u00e0 di scrivere pezzi propri, pezzi ermetici e un po\u2019 troppo schierati che rimarranno chiusi in un cassetto. \u00a0\u00a0\u00a0\u00a0\u00a0\u00a0\u00a0\u00a0\u00a0\u00a0\u00a0\u00a0\u00a0\u00a0\u00a0\u00a0\u00a0\u00a0\u00a0\u00a0\u00a0\u00a0\u00a0\u00a0\u00a0\u00a0\u00a0\u00a0\u00a0\u00a0\u00a0\u00a0\u00a0\u00a0\u00a0\u00a0\u00a0\u00a0\u00a0\u00a0\u00a0\u00a0\u00a0\u00a0\u00a0\u00a0\u00a0\u00a0\u00a0\u00a0\u00a0\u00a0\u00a0\u00a0\u00a0\u00a0\u00a0\u00a0\u00a0\u00a0\u00a0\u00a0\u00a0\u00a0\u00a0\u00a0\u00a0\u00a0\u00a0\u00a0\u00a0\u00a0\u00a0\u00a0\u00a0\u00a0\u00a0\u00a0\u00a0\u00a0\u00a0\u00a0\u00a0\u00a0\u00a0\u00a0\u00a0\u00a0\u00a0\u00a0\u00a0\u00a0\u00a0\u00a0\u00a0\u00a0\u00a0\u00a0\u00a0\u00a0\u00a0\u00a0\u00a0\u00a0\u00a0\u00a0\u00a0\u00a0\u00a0\u00a0\u00a0\u00a0\u00a0\u00a0\u00a0\u00a0\u00a0\u00a0\u00a0\u00a0\u00a0\u00a0\u00a0\u00a0\u00a0\u00a0\u00a0\u00a0\u00a0\u00a0\u00a0\u00a0\u00a0\u00a0\u00a0\u00a0\u00a0\u00a0\u00a0\u00a0\u00a0\u00a0\u00a0\u00a0\u00a0\u00a0\u00a0\u00a0\u00a0\u00a0\u00a0\u00a0\u00a0\u00a0\u00a0\u00a0\u00a0\u00a0\u00a0\u00a0\u00a0\u00a0\u00a0\u00a0\u00a0\u00a0\u00a0\u00a0\u00a0\u00a0\u00a0\u00a0\u00a0\u00a0\u00a0\u00a0\u00a0\u00a0\u00a0\u00a0\u00a0\u00a0\u00a0\u00a0\u00a0\u00a0\u00a0\u00a0\u00a0\u00a0\u00a0\u00a0\u00a0\u00a0\u00a0\u00a0\u00a0\u00a0\u00a0\u00a0\u00a0\u00a0\u00a0\u00a0\u00a0\u00a0\u00a0\u00a0\u00a0\u00a0\u00a0\u00a0\u00a0\u00a0\u00a0\u00a0\u00a0\u00a0\u00a0\u00a0\u00a0\u00a0\u00a0\u00a0\u00a0\u00a0\u00a0\u00a0\u00a0\u00a0\u00a0\u00a0\u00a0\u00a0\u00a0\u00a0\u00a0\u00a0\u00a0\u00a0\u00a0\u00a0\u00a0\u00a0\u00a0\u00a0\u00a0\u00a0\u00a0\u00a0\u00a0\u00a0\u00a0\u00a0\u00a0\u00a0\u00a0\u00a0\u00a0\u00a0\u00a0\u00a0\u00a0\u00a0\u00a0\u00a0\u00a0\u00a0\u00a0\u00a0\u00a0\u00a0\u00a0\u00a0\u00a0\u00a0\u00a0\u00a0\u00a0\u00a0\u00a0\u00a0\u00a0\u00a0\u00a0\u00a0\u00a0\u00a0\u00a0\u00a0\u00a0\u00a0\u00a0\u00a0\u00a0\u00a0\u00a0\u00a0\u00a0\u00a0\u00a0\u00a0\u00a0\u00a0\u00a0\u00a0\u00a0\u00a0\u00a0\u00a0\u00a0\u00a0\u00a0\u00a0\u00a0\u00a0\u00a0\u00a0\u00a0\u00a0\u00a0\u00a0\u00a0\u00a0\u00a0\u00a0\u00a0\u00a0\u00a0\u00a0\u00a0\u00a0\u00a0\u00a0\u00a0\u00a0\u00a0\u00a0\u00a0\u00a0\u00a0\u00a0\u00a0\u00a0\u00a0\u00a0\u00a0\u00a0\u00a0\u00a0\u00a0\u00a0\u00a0\u00a0\u00a0\u00a0\u00a0\u00a0\u00a0\u00a0\u00a0\u00a0\u00a0\u00a0\u00a0A 28 anni comincia ad esibirsi, senza troppa fortuna, nei locali della gonzaghesca cittadina insieme ad amici con i quali condivide la passione per la musica. Marco \u00e8 ignaro di ci\u00f2 che sta per succedere e nel 2012 partecipa al talent show <\/span><b>\u201cX Factor\u201d<\/b><span style=\"font-weight: 400\"> ottenendo consenso dal pubblico per la simpatia e la disarmante schiettezza. \u00a0\u00a0\u00a0\u00a0\u00a0\u00a0\u00a0\u00a0\u00a0\u00a0\u00a0\u00a0\u00a0\u00a0\u00a0\u00a0\u00a0\u00a0\u00a0\u00a0\u00a0\u00a0\u00a0\u00a0\u00a0\u00a0\u00a0\u00a0\u00a0\u00a0\u00a0\u00a0\u00a0\u00a0\u00a0\u00a0\u00a0\u00a0\u00a0\u00a0\u00a0\u00a0\u00a0\u00a0\u00a0\u00a0\u00a0\u00a0\u00a0\u00a0\u00a0\u00a0\u00a0\u00a0\u00a0\u00a0\u00a0\u00a0\u00a0\u00a0\u00a0\u00a0\u00a0\u00a0\u00a0\u00a0\u00a0\u00a0\u00a0\u00a0\u00a0\u00a0\u00a0\u00a0\u00a0\u00a0\u00a0\u00a0\u00a0\u00a0\u00a0\u00a0\u00a0\u00a0\u00a0\u00a0\u00a0\u00a0\u00a0\u00a0\u00a0\u00a0\u00a0\u00a0\u00a0\u00a0\u00a0\u00a0\u00a0\u00a0\u00a0\u00a0\u00a0\u00a0\u00a0\u00a0\u00a0\u00a0\u00a0\u00a0\u00a0\u00a0\u00a0\u00a0\u00a0\u00a0\u00a0\u00a0\u00a0\u00a0\u00a0\u00a0\u00a0\u00a0\u00a0\u00a0\u00a0\u00a0\u00a0\u00a0\u00a0\u00a0\u00a0\u00a0\u00a0\u00a0\u00a0\u00a0\u00a0\u00a0\u00a0\u00a0\u00a0\u00a0\u00a0\u00a0\u00a0\u00a0\u00a0\u00a0\u00a0\u00a0\u00a0\u00a0\u00a0\u00a0\u00a0\u00a0\u00a0\u00a0\u00a0\u00a0\u00a0\u00a0\u00a0\u00a0\u00a0\u00a0\u00a0\u00a0\u00a0\u00a0\u00a0\u00a0<\/span><\/p>\n<p><span style=\"font-weight: 400\">La \u00a0vera svolta arriva nel 2015 e , supportato da una presenza amica, incontra l\u2019arrangiatore Carlo Cantini. Marco e Carlo danno alla luce <\/span><b>\u201cIl mondo secondo Marco\u201d,<\/b><span style=\"font-weight: 400\"> un album (di prossima uscita) in cui il narratore condivide con gli ascoltatori, vicissitudini pi\u00f9 o meno personali condite da atmosfere pop, folk, british. <\/span><b>Il primo singolo estratto \u00e8 \u201cDoroty\u201d.<\/b><\/p>\n<p>&nbsp;<\/p>\n<p><b>Contatti e social<\/b><\/p>\n<p>&nbsp;<\/p>\n<p><b>SOUNDCLOUD <\/b><a href=\"https:\/\/soundcloud.com\/user-318596039\/dorotyVIDEO\"><b>soundcloud.com\/user-318596039\/dorotyVIDEO<\/b><\/a><\/p>\n<p><b>FACEBOOK <\/b><a href=\"https:\/\/l.facebook.com\/l.php?u=https%3A%2F%2Ffb.me%2FMARCONEGRIOFFICIAL&amp;h=AT2SZlLKMtG_vrGNqqmtHqXF3n8MFwyChRfwJk2XSgEMvH-AnX9GkG-84ZNQCmgewvK8J0rApOdj-RRcE7VWmNMS9QAM1-8aoNS7Byzrz6yKKDE5mfhxpjPIG2sA8n1WdM5qWhCioAAQHNmvHxA\"><b>fb.me\/MARCONEGRIOFFICIAL<\/b><\/a><\/p>\n<p>&nbsp;<\/p>\n","protected":false},"excerpt":{"rendered":"<p>Un vestito sonoro trionfante cela un brano ricco di mistero, avvolto in un vortice di percussioni e ritmi pop che non tralasciano intrecci di chitarre acustiche e distorte mai invadenti. &nbsp; \u201cDoroty\u201d \u00e8 stata scritta da Marco Negri 4 anni fa, nel pieno di un\u2019estate che trasudava ricordi e zanzare, umidit\u00e0 e sensi di colpa [&hellip;]<\/p>\n","protected":false},"author":4383,"featured_media":0,"comment_status":"open","ping_status":"open","sticky":false,"template":"","format":"standard","meta":{"footnotes":""},"categories":[12],"tags":[],"class_list":["post-36516","post","type-post","status-publish","format-standard","hentry","category-musica"],"_links":{"self":[{"href":"https:\/\/www.area-press.eu\/comunicatistampa\/wp-json\/wp\/v2\/posts\/36516","targetHints":{"allow":["GET"]}}],"collection":[{"href":"https:\/\/www.area-press.eu\/comunicatistampa\/wp-json\/wp\/v2\/posts"}],"about":[{"href":"https:\/\/www.area-press.eu\/comunicatistampa\/wp-json\/wp\/v2\/types\/post"}],"author":[{"embeddable":true,"href":"https:\/\/www.area-press.eu\/comunicatistampa\/wp-json\/wp\/v2\/users\/4383"}],"replies":[{"embeddable":true,"href":"https:\/\/www.area-press.eu\/comunicatistampa\/wp-json\/wp\/v2\/comments?post=36516"}],"version-history":[{"count":1,"href":"https:\/\/www.area-press.eu\/comunicatistampa\/wp-json\/wp\/v2\/posts\/36516\/revisions"}],"predecessor-version":[{"id":36518,"href":"https:\/\/www.area-press.eu\/comunicatistampa\/wp-json\/wp\/v2\/posts\/36516\/revisions\/36518"}],"wp:attachment":[{"href":"https:\/\/www.area-press.eu\/comunicatistampa\/wp-json\/wp\/v2\/media?parent=36516"}],"wp:term":[{"taxonomy":"category","embeddable":true,"href":"https:\/\/www.area-press.eu\/comunicatistampa\/wp-json\/wp\/v2\/categories?post=36516"},{"taxonomy":"post_tag","embeddable":true,"href":"https:\/\/www.area-press.eu\/comunicatistampa\/wp-json\/wp\/v2\/tags?post=36516"}],"curies":[{"name":"wp","href":"https:\/\/api.w.org\/{rel}","templated":true}]}}