{"id":36513,"date":"2018-11-19T19:12:02","date_gmt":"2018-11-19T18:12:02","guid":{"rendered":"http:\/\/www.area-press.eu\/comunicatistampa\/?p=36513"},"modified":"2020-08-09T23:49:27","modified_gmt":"2020-08-09T21:49:27","slug":"furia-addio-barbie-dallalbum-cantastorie-arriva-il-brano-che-celebra-luniverso-femminile","status":"publish","type":"post","link":"https:\/\/www.area-press.eu\/comunicatistampa\/2018\/11\/19\/furia-addio-barbie-dallalbum-cantastorie-arriva-il-brano-che-celebra-luniverso-femminile\/","title":{"rendered":"FURIA \u201cADDIO BARBIE\u201d dall\u2019album \u201cCantastorie\u201d arriva il brano che celebra l\u2019universo femminile"},"content":{"rendered":"<p><img loading=\"lazy\" decoding=\"async\" class=\"alignnone aligncenter\" src=\"https:\/\/www.fullsong.it\/wp-content\/uploads\/2018\/03\/FURIA-COVER-CD-internet-copia.jpg\" width=\"355\" height=\"386\" \/><\/p>\n<p><i><span style=\"font-weight: 400\">La cantautrice milanese scatta una lucida e vivida istantanea che ritrae in musica la fase di passaggio da bambina a donna che appartiene al gentil sesso.<\/span><\/i><\/p>\n<p>&nbsp;<\/p>\n<p><span style=\"font-weight: 400\">\u201cAddio Barbie\u201d \u00e8 la canzone dedicata agli ormoni. Quelli femminili. \u00c8 il passaggio dall\u2019essere bambina all\u2019essere donna, con tutto ci\u00f2 che ne consegue. Bene e male, amori e dolori. Il sound \u00e8 una ripresa del calipso proprio per sottolineare le trasformazioni del corpo femminile. Barbie \u00e8 solo un pretesto che d\u00e0 l\u2019attacco al pezzo&#8230;\u00e8 in fondo la bambola pi\u00f9 famosa del mondo.<\/span><\/p>\n<p>&nbsp;<\/p>\n<p><b>GUARDA IL VIDEO SU YOUTUBE:<\/b><\/p>\n<p><iframe loading=\"lazy\" title=\"ADDIO BARBIE - FURIA\" width=\"500\" height=\"281\" src=\"https:\/\/www.youtube.com\/embed\/w4hwvHu9R4M?feature=oembed\" frameborder=\"0\" allow=\"accelerometer; autoplay; clipboard-write; encrypted-media; gyroscope; picture-in-picture; web-share\" referrerpolicy=\"strict-origin-when-cross-origin\" allowfullscreen><\/iframe><\/p>\n<p>&nbsp;<\/p>\n<p><span style=\"font-weight: 400\">Illustrazione di copertina di Paolo Barbieri<\/span><\/p>\n<p>&nbsp;<\/p>\n<p><b>\u201cCantastorie\u201d \u00e8 l\u2019opera prima di Furia<\/b><span style=\"font-weight: 400\">, composta da tredici brani. Il viaggio dell\u2019artista \u00e8 un contenitore di storie vere narrate come cronache poetiche, alcune di un passato glorioso, altre di ferite antiche che ancora si aprono nel presente: di bambini e donne di ogni strato sociale, traditi nella loro essenza e negli affetti da chi si fidavano. Ma sono anche riflessioni sulla frattura necessaria e naturale che si \u00e8 formata nei rapporti tra uomo e donna, e di come il ribaltamento dei ruoli e del potere nella coppia porti a conseguenze non sempre prevedibili. E la mutevole posizione della donna di oggi, tra ironia, sogni e speranze.<\/span><\/p>\n<p>&nbsp;<\/p>\n<p><span style=\"font-weight: 400\">Furia \u00e8 una moderna <\/span><b>cantastorie<\/b><span style=\"font-weight: 400\"> che supporta le sue parole e la sua musica con narrazioni visive che sono spaccati di realt\u00e0 in cui lei \u00e8 la voce narrante, un Io che osserva da vicino l\u2019accaduto, restituendoci una cronaca poetica dei fatti, delle gesta e dei sentimenti della generazione di oggi e del passato.<\/span><\/p>\n<p><span style=\"font-weight: 400\">La possibilit\u00e0 di creare un messaggio di speranza \u00e8 rappresentata dalla presenza a fianco di Furia, del <\/span><b>Maestro Luigi Albertelli<\/b><span style=\"font-weight: 400\"> in veste di produttore e manager, che vuole gettare un seme di speranza nella produzione musicale italiana ed internazionale. Una condivisione e un incontro tra la giovane cantautrice e il paroliere di lungo corso, con storie nuove, per raccontare che sull\u2019autostrada dell\u2019omologazione c\u2019\u00e8 sempre un\u2019uscita in direzione della libert\u00e0. <\/span><\/p>\n<p>&nbsp;<\/p>\n<p><b>Dicono di lei<\/b><\/p>\n<p>&nbsp;<\/p>\n<p><i><span style=\"font-weight: 400\">\u201c<\/span><\/i><span style=\"font-weight: 400\">Cantastorie <\/span><i><span style=\"font-weight: 400\">racchiude tutta la sensibilit\u00e0 e le sfaccettature di Furia, un&#8217;artista che meriterebbe di entrare nella scena mainstream con la dirompenza dimostrata<\/span><\/i><span style=\"font-weight: 400\">\u201d<\/span><i><span style=\"font-weight: 400\">.<\/span><\/i> <b>(Gilberto Ongaro \u2013 MUSIC MAP)<\/b><\/p>\n<p>&nbsp;<\/p>\n<p><span style=\"font-weight: 400\">\u201c[Il disco] <\/span><i><span style=\"font-weight: 400\">\u00e8 un concentrato di bellissimo pop digitale che veste i panni di quel sapore un poco alla Alberto Camerini e un poco alla Decibel del tempo andato<\/span><\/i><span style=\"font-weight: 400\">.\u201d<\/span><b> (LOUDVISION)<\/b><\/p>\n<p>&nbsp;<\/p>\n<p><span style=\"font-weight: 400\">\u201c<\/span><i><span style=\"font-weight: 400\">Un lavoro deciso e proiettato sulle nuove frontiere del pop italiano, quello elettronico, quello futuristico\u2026 ma quello che attinge a piene mani da un passato glorioso di melodie popolari<\/span><\/i><b><i>.<\/i><\/b><b>\u201d (Alessandro Riva \u2013 MUSIC LETTER)<\/b><\/p>\n<p>&nbsp;<\/p>\n<p><span style=\"font-weight: 400\">\u201c<\/span><i><span style=\"font-weight: 400\">Un esordio molto interessante che analizza le contraddizioni di questa societ\u00e0 moderna con ironia, sagacia, ma anche la giusta rabbia necessaria per far nascere una profonda riflessione sulla situazione attuale<\/span><\/i><span style=\"font-weight: 400\">.\u201d <\/span><b>(Vanni Versini \u2013 ONDA MUSICALE)<\/b><\/p>\n<p>&nbsp;<\/p>\n<p><b>Pubblicazione album: 9 marzo 2018<\/b><\/p>\n<p><b>Radio date: 24 agosto 2018<\/b><\/p>\n<p>&nbsp;<\/p>\n<p><b>Produzione\/Etichetta: Luigi Albertelli<\/b><\/p>\n<p>&nbsp;<\/p>\n<p><b>BIO<\/b><\/p>\n<p>&nbsp;<\/p>\n<p><span style=\"font-weight: 400\">Furia, nome d\u2019arte di Tania Furia, nasce a <\/span><b>Milano<\/b><span style=\"font-weight: 400\">. Dal 2010 inizia la sua carriera artistica avvicinandosi prima alla musica jazz poi alle cover di musica pop italiana e straniera. Si esibisce in diversi locali, festival e teatri italiani. Nel 2011 partecipa alle selezioni di <\/span><b>X Factor 5<\/b><span style=\"font-weight: 400\">. Viene eliminata agli Home Visit. Questa la gavetta di Furia, simile a tante ragazze che vogliono inserirsi nel mondo della musica italiana. Ma finalmente nel 2015, proprio in un teatro, avviene l\u2019incontro con uno dei pi\u00f9 grandi autori che ha segnato la musica italiana, il <\/span><b>Maestro Luigi Albertelli<\/b><span style=\"font-weight: 400\">, che diventa suo <\/span><b>produttore e manager<\/b><span style=\"font-weight: 400\">. Con lui nasce uno splendido sodalizio artistico che porta Furia a far emergere le sue qualit\u00e0 di autrice. Insieme decidono di usare come nome d\u2019arte solo il cognome, Furia. Che caratterizza perfettamente il suo carattere. Ed inoltre, il destino vuole che sia anche il titolo di uno dei successi del Maestro, Furia il cavallo del west. Grazie all\u2019insegnamento di Albertelli si scopre e diventa una vera cantautrice completa. Ma Furia in effetti \u00e8 una cantastorie, le tematiche dei suoi testi sono la cronaca di storie vere e della situazione socio-culturale italiana attuale. Prendendo spunto dalla tradizione dei cantastorie che si avvalevano di cartelloni su cui veniva disegnata la storia che narravano, Furia utilizza installazioni video che l\u2019accompagnano nella sua esibizione vocale. Indossa una divisa alla <\/span><b>Corto Maltese<\/b><span style=\"font-weight: 400\">, personaggio famoso del fumetto italiano, da lei amato e scelto per rappresentare la sua idea di donna: <\/span><b>l\u2019antieroina<\/b><span style=\"font-weight: 400\">. Questa la sua originalit\u00e0 che la contraddistingue rendendola unica nel panorama musicale italiano<\/span><b>. L\u2019album dal titolo \u201cCantastorie\u201d pubblicato<\/b> <b>nella primavera 2018<\/b><span style=\"font-weight: 400\">, \u00e8 composto da undici brani inediti. Il singolo di lancio \u00e8 il brano \u201cTu sei mio\u201d. Seguono \u201cGiulietta\u201d, \u201cFreelance\u201d e \u201cRobot\u201d. <\/span><\/p>\n<p><span style=\"font-weight: 400\">Dal maggio 2017 \u00e8 in scena con lo <\/span><b>spettacolo itinerante \u201cE lasciami gridare\u201d<\/b> <b>di e con Luigi Albertelli<\/b><span style=\"font-weight: 400\">, dove interpreta i <\/span><b>grandi successi dei 50 anni di carriera del Maestro.<\/b><\/p>\n<p><span style=\"font-weight: 400\">Nell\u2019Ottobre 2017 \u00e8 ospite a TV2000 nel programma in diretta \u201cBel tempo si spera\u201d con Luigi Albertelli. In questa occasione presenta in anteprima il suo progetto. A fine agosto 2018 viene lanciato il nuovo singolo \u201cAddio Barbie\u201d.<\/span><\/p>\n<p>&nbsp;<\/p>\n<p><b>Contatti e social<\/b><\/p>\n<p>&nbsp;<\/p>\n<p><b>CANALE YOUTUBE<\/b><\/p>\n<p><a href=\"http:\/\/www.youtube.com\/channel\/UCDVNG4Z2aOwExbStANKvAgg\"><span style=\"font-weight: 400\">www.youtube.com\/channel\/UCDVNG4Z2aOwExbStANKvAgg<\/span><\/a><\/p>\n<p>&nbsp;<\/p>\n<p><b>FACEBOOK<\/b><\/p>\n<p><a href=\"http:\/\/www.facebook.com\/IoSonoFuria\/?ref=bookmarks\"><span style=\"font-weight: 400\">www.facebook.com\/IoSonoFuria\/?ref=bookmarks<\/span><\/a><\/p>\n<p>&nbsp;<\/p>\n<p><b>INSTAGRAM <\/b><\/p>\n<p><span style=\"font-weight: 400\">Furiainmilan<\/span><\/p>\n","protected":false},"excerpt":{"rendered":"<p>La cantautrice milanese scatta una lucida e vivida istantanea che ritrae in musica la fase di passaggio da bambina a donna che appartiene al gentil sesso. &nbsp; \u201cAddio Barbie\u201d \u00e8 la canzone dedicata agli ormoni. Quelli femminili. \u00c8 il passaggio dall\u2019essere bambina all\u2019essere donna, con tutto ci\u00f2 che ne consegue. Bene e male, amori e [&hellip;]<\/p>\n","protected":false},"author":4383,"featured_media":0,"comment_status":"open","ping_status":"open","sticky":false,"template":"","format":"standard","meta":{"footnotes":""},"categories":[12],"tags":[],"class_list":["post-36513","post","type-post","status-publish","format-standard","hentry","category-musica"],"_links":{"self":[{"href":"https:\/\/www.area-press.eu\/comunicatistampa\/wp-json\/wp\/v2\/posts\/36513","targetHints":{"allow":["GET"]}}],"collection":[{"href":"https:\/\/www.area-press.eu\/comunicatistampa\/wp-json\/wp\/v2\/posts"}],"about":[{"href":"https:\/\/www.area-press.eu\/comunicatistampa\/wp-json\/wp\/v2\/types\/post"}],"author":[{"embeddable":true,"href":"https:\/\/www.area-press.eu\/comunicatistampa\/wp-json\/wp\/v2\/users\/4383"}],"replies":[{"embeddable":true,"href":"https:\/\/www.area-press.eu\/comunicatistampa\/wp-json\/wp\/v2\/comments?post=36513"}],"version-history":[{"count":1,"href":"https:\/\/www.area-press.eu\/comunicatistampa\/wp-json\/wp\/v2\/posts\/36513\/revisions"}],"predecessor-version":[{"id":36515,"href":"https:\/\/www.area-press.eu\/comunicatistampa\/wp-json\/wp\/v2\/posts\/36513\/revisions\/36515"}],"wp:attachment":[{"href":"https:\/\/www.area-press.eu\/comunicatistampa\/wp-json\/wp\/v2\/media?parent=36513"}],"wp:term":[{"taxonomy":"category","embeddable":true,"href":"https:\/\/www.area-press.eu\/comunicatistampa\/wp-json\/wp\/v2\/categories?post=36513"},{"taxonomy":"post_tag","embeddable":true,"href":"https:\/\/www.area-press.eu\/comunicatistampa\/wp-json\/wp\/v2\/tags?post=36513"}],"curies":[{"name":"wp","href":"https:\/\/api.w.org\/{rel}","templated":true}]}}