{"id":36467,"date":"2018-11-16T01:59:47","date_gmt":"2018-11-16T00:59:47","guid":{"rendered":"http:\/\/www.area-press.eu\/comunicatistampa\/?p=36467"},"modified":"2018-11-16T01:59:47","modified_gmt":"2018-11-16T00:59:47","slug":"evento-gratuito-digital-marketing-pmi-milano-15-novembre-2018","status":"publish","type":"post","link":"https:\/\/www.area-press.eu\/comunicatistampa\/2018\/11\/16\/evento-gratuito-digital-marketing-pmi-milano-15-novembre-2018\/","title":{"rendered":"Evento Gratuito Digital Marketing PMI | Milano 15 novembre 2018"},"content":{"rendered":"<p style=\"text-align: center\"><strong>MIRKO CUNEO<\/strong><\/p>\n<p style=\"text-align: center\"><strong>PRESENTA<\/strong><\/p>\n<p style=\"text-align: center\"><strong>DIGITAL MARKETING PMI <\/strong><\/p>\n<p style=\"text-align: center\">EVENTO GRATUITO A CUI SARANNO PRESENTI ALCUNI DEGLI ESPERTI DEL BUSINESS ON-LINE<\/p>\n<p>Milano, mercoled\u00ec 14 novembre 2018<\/p>\n<p>Oggetto: Evento Digital Marketing PMI &#8211; Milano, gioved\u00ec 15 novembre 2018<\/p>\n<p>&nbsp;<\/p>\n<p>Il mercato odierno \u00e8 altamente competitivo perci\u00f2 \u00e8 fondamentale per le Piccole e Medie Imprese (PMI) portare le proprie attivit\u00e0 sul web per continuare ad essere leader nel proprio settore di appartenenza. Innovazione e digitalizzazione rappresentano i temi caldi della nostra epoca e saranno sempre pi\u00f9 presenti in futuro. Per questo \u00e8 necessario sapere da dove partire e conoscere gli strumenti e le strategie utili al processo di trasformazione digitale.<\/p>\n<p>Questo il tema principale dell\u2019evento gratuito <strong>Digital Marketing PMI<\/strong> che si terr\u00e0 <strong>gioved\u00ec 15 novembre 2018<\/strong> al <strong>Talent Garden di via Merano, 16 a Milano<\/strong>. Una tra le location milanesi appositamente dedicate alle community tecnologiche, agli eventi digitali e alle idee innovative. La serata, che si svolger\u00e0 <strong>dalle 18:30 alle 21:30<\/strong>, sar\u00e0 ad accesso gratuito per chiunque e vedr\u00e0 come protagonista <strong>Mirko Cuneo<\/strong>, CEO di Nextre Engineering, una societ\u00e0 di sviluppo software, web marketing e consulenza strategica. Mirko Cuneo presenter\u00e0 il suo nuovo libro <em>Come portare la PMI sul web<\/em>, dedicato a coloro che vogliono migliorare le proprie strategie e spingersi verso la digitalizzazione.<\/p>\n<p>Inoltre, saranno presenti alcuni degli esperti del business on-line che racconteranno come sono riusciti a far crescere le loro attivit\u00e0 grazie al web. Tra gli ospiti ci saranno: <strong>Filippo Poletti<\/strong>, <strong>Ignazio Rocco di Torrepadula<\/strong>, <strong>Giuseppe Tringali<\/strong>, <strong>Luca Vanin<\/strong>, <strong>Gerardo Capozzi<\/strong> e <strong>Alberto Giusti<\/strong>.<\/p>\n<p>Questo non \u00e8 un evento come tutti gli altri ma una vera opportunit\u00e0 per condividere qualsiasi tipo di dubbio sul marketing on-line e sugli strumenti digitali e ricevere una <strong>consulenza diretta e specifica rispetto alla vostra attivit\u00e0<\/strong>.<\/p>\n<p>\u00c8 adesso il momento giusto per mettersi in gioco prima di rimanere troppo indietro, per acquisire nuove competenze e per dimostrare le vostre capacit\u00e0. Non dovete per forza farcela da soli.<\/p>\n<p>Il 15 novembre andate a condividere le vostre esperienze con chi ci \u00e8 gi\u00e0 passato e sa ci\u00f2 di cui potreste avere bisogno. Condividete i segreti degli esperti per generare ogni giorno nuovi clienti e per far crescere il vostro business.<\/p>\n<p>Link dell\u2019evento: <a href=\"https:\/\/eventopmidigitale.it\/\">https:\/\/eventopmidigitale.it\/<\/a><\/p>\n<p>Link dell\u2019evento su Facebook: <a href=\"https:\/\/www.facebook.com\/events\/295809504599663\/\">https:\/\/www.facebook.com\/events\/295809504599663\/<\/a><\/p>\n","protected":false},"excerpt":{"rendered":"<p>MIRKO CUNEO PRESENTA DIGITAL MARKETING PMI EVENTO GRATUITO A CUI SARANNO PRESENTI ALCUNI DEGLI ESPERTI DEL BUSINESS ON-LINE Milano, mercoled\u00ec 14 novembre 2018 Oggetto: Evento Digital Marketing PMI &#8211; Milano, gioved\u00ec 15 novembre 2018 &nbsp; Il mercato odierno \u00e8 altamente competitivo perci\u00f2 \u00e8 fondamentale per le Piccole e Medie Imprese (PMI) portare le proprie attivit\u00e0 [&hellip;]<\/p>\n","protected":false},"author":5465,"featured_media":0,"comment_status":"open","ping_status":"open","sticky":false,"template":"","format":"standard","meta":{"footnotes":""},"categories":[8],"tags":[],"class_list":["post-36467","post","type-post","status-publish","format-standard","hentry","category-eventi"],"_links":{"self":[{"href":"https:\/\/www.area-press.eu\/comunicatistampa\/wp-json\/wp\/v2\/posts\/36467","targetHints":{"allow":["GET"]}}],"collection":[{"href":"https:\/\/www.area-press.eu\/comunicatistampa\/wp-json\/wp\/v2\/posts"}],"about":[{"href":"https:\/\/www.area-press.eu\/comunicatistampa\/wp-json\/wp\/v2\/types\/post"}],"author":[{"embeddable":true,"href":"https:\/\/www.area-press.eu\/comunicatistampa\/wp-json\/wp\/v2\/users\/5465"}],"replies":[{"embeddable":true,"href":"https:\/\/www.area-press.eu\/comunicatistampa\/wp-json\/wp\/v2\/comments?post=36467"}],"version-history":[{"count":1,"href":"https:\/\/www.area-press.eu\/comunicatistampa\/wp-json\/wp\/v2\/posts\/36467\/revisions"}],"predecessor-version":[{"id":36468,"href":"https:\/\/www.area-press.eu\/comunicatistampa\/wp-json\/wp\/v2\/posts\/36467\/revisions\/36468"}],"wp:attachment":[{"href":"https:\/\/www.area-press.eu\/comunicatistampa\/wp-json\/wp\/v2\/media?parent=36467"}],"wp:term":[{"taxonomy":"category","embeddable":true,"href":"https:\/\/www.area-press.eu\/comunicatistampa\/wp-json\/wp\/v2\/categories?post=36467"},{"taxonomy":"post_tag","embeddable":true,"href":"https:\/\/www.area-press.eu\/comunicatistampa\/wp-json\/wp\/v2\/tags?post=36467"}],"curies":[{"name":"wp","href":"https:\/\/api.w.org\/{rel}","templated":true}]}}