{"id":36459,"date":"2018-11-16T01:59:47","date_gmt":"2018-11-16T00:59:47","guid":{"rendered":"http:\/\/www.area-press.eu\/comunicatistampa\/?p=36459"},"modified":"2018-11-16T01:59:47","modified_gmt":"2018-11-16T00:59:47","slug":"e-uscito-il-libretto-illustrato-di-barbino-il-menestrello-apocalittico","status":"publish","type":"post","link":"https:\/\/www.area-press.eu\/comunicatistampa\/2018\/11\/16\/e-uscito-il-libretto-illustrato-di-barbino-il-menestrello-apocalittico\/","title":{"rendered":"E&#8217; uscito Il Libretto Illustrato di Barbino il Menestrello Apocalittico"},"content":{"rendered":"<p><img decoding=\"async\" class=\"aligncenter\" src=\"https:\/\/www.youcanprint.it\/schedelibri\/9788827851296.jpg\" \/><\/p>\n<p>Mentre il mondo \u00e8 sull&#8217;orlo del baratro, annunciamo che \u00e8 uscito in libreria &#8220;Il Libretto Illustrato&#8221; di Barbino il Menestrello Apocalittico.<\/p>\n<p>Barbino ci accompagna in un mondo post-apocalittico canticchiando le sue canzoncine apparentemente innocue, unite tra loro da un filo rosso di pensieri e ricordi sull&#8217;epoca precedente la catastrofe. Non esistendo pi\u00f9 tab\u00f9, ideologie, regole economiche e dogmi religiosi, Barbino pu\u00f2 tenere un discorso coerente, ironico e dissacrante, sulla fine dell&#8217;umanit\u00e0. Ogni brano \u00e8 accompagnato da disegnini colorati, come nei racconti illustrati di una volta. Le illustrazioni sono state realizzate per l&#8217;occasione dallo stesso Barbino. Anche se lo stile grafico pu\u00f2 apparire ingenuo, si precisa che Il Libretto Illustrato non \u00e8 stato fatto per i bambini.<br \/>\nIl libro pu\u00f2 essere ordinato in tutte le pi\u00f9 importanti librerie online (IBS, Feltrinelli, Mondadori, Amazon, ecc) e in diverse librerie fisiche.<br \/>\nCodice ISBN: 9788827851296<\/p>\n<p>Il Libretto Illustrato contiene i testi del disco omonimo di Barbino il Menestrello Apocalittico. Il disco, uscito nell&#8217;estate del 2018, \u00e8 un concept album sulla fine dell&#8217;umanit\u00e0 per ukulele elettrico e armonica a bocca (q.b.) ed \u00e8 disponibile in tutti gli store di musica digitale (Spotify, ITunes, Amazon Music, YouTube, Google Play, Bandcamp, ecc)<\/p>\n<p>Il Libretto Illustrato pu\u00f2 essere usato durante i concertini di Barbino, che si svolgono in locali alternativi o per la strada, come fosse un libretto d&#8217;opera, oppure un messale, a seconda dei gusti.<\/p>\n<p><strong>Per ulteriori informazioni:\u00a0<a href=\"https:\/\/fanlink.to\/barbino\" target=\"_black\" rel=\"nofollow\">https:\/\/fanlink.to\/barbino<\/a><\/strong><\/p>\n","protected":false},"excerpt":{"rendered":"<p>Mentre il mondo \u00e8 sull&#8217;orlo del baratro, annunciamo che \u00e8 uscito in libreria &#8220;Il Libretto Illustrato&#8221; di Barbino il Menestrello Apocalittico. Barbino ci accompagna in un mondo post-apocalittico canticchiando le sue canzoncine apparentemente innocue, unite tra loro da un filo rosso di pensieri e ricordi sull&#8217;epoca precedente la catastrofe. Non esistendo pi\u00f9 tab\u00f9, ideologie, regole [&hellip;]<\/p>\n","protected":false},"author":5464,"featured_media":0,"comment_status":"open","ping_status":"open","sticky":false,"template":"","format":"standard","meta":{"footnotes":""},"categories":[3],"tags":[9776],"class_list":["post-36459","post","type-post","status-publish","format-standard","hentry","category-arte-e-cultura","tag-musica-emergente"],"_links":{"self":[{"href":"https:\/\/www.area-press.eu\/comunicatistampa\/wp-json\/wp\/v2\/posts\/36459","targetHints":{"allow":["GET"]}}],"collection":[{"href":"https:\/\/www.area-press.eu\/comunicatistampa\/wp-json\/wp\/v2\/posts"}],"about":[{"href":"https:\/\/www.area-press.eu\/comunicatistampa\/wp-json\/wp\/v2\/types\/post"}],"author":[{"embeddable":true,"href":"https:\/\/www.area-press.eu\/comunicatistampa\/wp-json\/wp\/v2\/users\/5464"}],"replies":[{"embeddable":true,"href":"https:\/\/www.area-press.eu\/comunicatistampa\/wp-json\/wp\/v2\/comments?post=36459"}],"version-history":[{"count":2,"href":"https:\/\/www.area-press.eu\/comunicatistampa\/wp-json\/wp\/v2\/posts\/36459\/revisions"}],"predecessor-version":[{"id":36462,"href":"https:\/\/www.area-press.eu\/comunicatistampa\/wp-json\/wp\/v2\/posts\/36459\/revisions\/36462"}],"wp:attachment":[{"href":"https:\/\/www.area-press.eu\/comunicatistampa\/wp-json\/wp\/v2\/media?parent=36459"}],"wp:term":[{"taxonomy":"category","embeddable":true,"href":"https:\/\/www.area-press.eu\/comunicatistampa\/wp-json\/wp\/v2\/categories?post=36459"},{"taxonomy":"post_tag","embeddable":true,"href":"https:\/\/www.area-press.eu\/comunicatistampa\/wp-json\/wp\/v2\/tags?post=36459"}],"curies":[{"name":"wp","href":"https:\/\/api.w.org\/{rel}","templated":true}]}}