{"id":36431,"date":"2018-11-16T01:59:46","date_gmt":"2018-11-16T00:59:46","guid":{"rendered":"http:\/\/www.area-press.eu\/comunicatistampa\/?p=36431"},"modified":"2018-11-16T01:59:46","modified_gmt":"2018-11-16T00:59:46","slug":"mercato-porte-e-finestre-da-cresme-e-cna-caute-previsioni-di-crescita","status":"publish","type":"post","link":"https:\/\/www.area-press.eu\/comunicatistampa\/2018\/11\/16\/mercato-porte-e-finestre-da-cresme-e-cna-caute-previsioni-di-crescita\/","title":{"rendered":"Mercato porte e finestre: da Cresme e CNA caute previsioni di crescita"},"content":{"rendered":"<p>Bench\u00e9 i livelli di crescita degli anni pre-crisi (2007-2008) rimangano ancora molto lontani, quello dei serramenti e <a href=\"http:\/\/www.infissimodesti.it\"><strong><u>infissi in legno<\/u><\/strong><\/a> in Italia \u00e8 un mercato in ripresa negli ultimi due anni, seppur in maniera contenuta. Ma quale sar\u00e0 lo scenario nei prossimi anni? A dircelo \u00e8 il secondo <em>Rapporto congiunturale e previsionale <\/em>dell\u2019istituto di ricerca economico-sociale Cresme in collaborazione con CNA, che delinea un quadro positivo anche per il periodo 2018-2021.<\/p>\n<p>Cominciamo dalle finestre: le stime prevedono una crescita media annua importante per il prossimo quadriennio sia per il settore residenziale che quello non residenziale, rispettivamente del 1,4% e del 1,6%. Saranno quasi 5,55 milioni le unit\u00e0 in media nei prossimi anni, di cui 5,34 milioni solo per l\u2019edilizia residenziale.<\/p>\n<p>Ancora pi\u00f9 accentuata sar\u00e0 la crescita per il settore merceologico delle porte, per le quali l\u2019istituto Cresme prevede un incremento del 4,2% per il 2018-2021. In termini numerici, saranno in media 2,87 milioni le unit\u00e0 installate in edifici di nuova costruzione ed in quelli esistenti, delle quali la quasi totalit\u00e0 saranno impiegate nell\u2019edilizia residenziale (2,76 milioni), ed appena lo 0,11% nell\u2019edilizia non residenziale (alberghi, scuole, ospedali ecc).<\/p>\n<p>Quella del prossimo quadriennio sar\u00e0 dunque una crescita prudente ma comunque costante per il settore dei serramenti, a conferma della bravura e della professionalit\u00e0 delle imprese italiane che operano in questo settore, come ad esempio Modesti Srl, specializzata da oltre quarant\u2019anni nella progettazione e produzione di serramenti di elevata qualit\u00e0, infissi e finestre in legno, in legno-alluminio, <a href=\"http:\/\/www.infissimodesti.it\/realizzazioni\"><strong><u>portoni blindati<\/u><\/strong><\/a> e molto altro.<\/p>\n","protected":false},"excerpt":{"rendered":"<p>Bench\u00e9 i livelli di crescita degli anni pre-crisi (2007-2008) rimangano ancora molto lontani, quello dei serramenti e infissi in legno in Italia \u00e8 un mercato in ripresa negli ultimi due anni, seppur in maniera contenuta. Ma quale sar\u00e0 lo scenario nei prossimi anni? A dircelo \u00e8 il secondo Rapporto congiunturale e previsionale dell\u2019istituto di ricerca [&hellip;]<\/p>\n","protected":false},"author":5108,"featured_media":0,"comment_status":"open","ping_status":"open","sticky":false,"template":"","format":"standard","meta":{"footnotes":""},"categories":[7],"tags":[19030,19031],"class_list":["post-36431","post","type-post","status-publish","format-standard","hentry","category-economia-e-finanza","tag-finestre-in-legno","tag-portoni-blindati"],"_links":{"self":[{"href":"https:\/\/www.area-press.eu\/comunicatistampa\/wp-json\/wp\/v2\/posts\/36431","targetHints":{"allow":["GET"]}}],"collection":[{"href":"https:\/\/www.area-press.eu\/comunicatistampa\/wp-json\/wp\/v2\/posts"}],"about":[{"href":"https:\/\/www.area-press.eu\/comunicatistampa\/wp-json\/wp\/v2\/types\/post"}],"author":[{"embeddable":true,"href":"https:\/\/www.area-press.eu\/comunicatistampa\/wp-json\/wp\/v2\/users\/5108"}],"replies":[{"embeddable":true,"href":"https:\/\/www.area-press.eu\/comunicatistampa\/wp-json\/wp\/v2\/comments?post=36431"}],"version-history":[{"count":1,"href":"https:\/\/www.area-press.eu\/comunicatistampa\/wp-json\/wp\/v2\/posts\/36431\/revisions"}],"predecessor-version":[{"id":36432,"href":"https:\/\/www.area-press.eu\/comunicatistampa\/wp-json\/wp\/v2\/posts\/36431\/revisions\/36432"}],"wp:attachment":[{"href":"https:\/\/www.area-press.eu\/comunicatistampa\/wp-json\/wp\/v2\/media?parent=36431"}],"wp:term":[{"taxonomy":"category","embeddable":true,"href":"https:\/\/www.area-press.eu\/comunicatistampa\/wp-json\/wp\/v2\/categories?post=36431"},{"taxonomy":"post_tag","embeddable":true,"href":"https:\/\/www.area-press.eu\/comunicatistampa\/wp-json\/wp\/v2\/tags?post=36431"}],"curies":[{"name":"wp","href":"https:\/\/api.w.org\/{rel}","templated":true}]}}