{"id":36371,"date":"2018-11-13T22:53:32","date_gmt":"2018-11-13T21:53:32","guid":{"rendered":"http:\/\/www.area-press.eu\/comunicatistampa\/?p=36371"},"modified":"2018-11-13T22:53:32","modified_gmt":"2018-11-13T21:53:32","slug":"il-calendario-filosofico-un-cuore-che-batte-forte-tutto-bolognese","status":"publish","type":"post","link":"https:\/\/www.area-press.eu\/comunicatistampa\/2018\/11\/13\/il-calendario-filosofico-un-cuore-che-batte-forte-tutto-bolognese\/","title":{"rendered":"Il Calendario Filosofico: un cuore che batte forte, tutto bolognese"},"content":{"rendered":"<h3><i class=\"\">Il Calendario Filosofico, con sede a Bologna, ha festeggiato il suo milionesimo follower su Facebook. I progetti per il futuro? Aiutare la diffusione dei progetti delle ONLUS nazionali.<\/i><\/h3>\n<div class=\"\"><span class=\"\"><b class=\"\">Bologna, 13 Novembre 201<\/b><strong>8<\/strong>. Un piccolo calendario giornaliero da tavolo, semplice nella grafica, ma che ogni giorno ti fa riflettere, ti motiva e ti riempie di coraggio con una citazione di personaggi noti e meno noti. Questo \u00e8 Il Calendario Filosofico, nato da un\u2019idea di Massimo Monti e Sofia Cioni e con sede a Bologna.\u00a0<\/span><\/div>\n<div class=\"\"><span class=\"\">Quando nel 2012 Massimo inizi\u00f2 questa avventura non avrebbe mai immaginato di raggiungere una diffusione cos\u00ec elevata. All\u2019epoca si trattava di poche copie, regalate ad amici e parenti, un assaggio di \u201cfilosofia quotidiana\u201d per portare buonumore e motivazione anche nei giorni pi\u00f9 difficili.<\/span><\/div>\n<div class=\"\"><span class=\"\">\u00a0<\/span><\/div>\n<div class=\"\"><span class=\"\">Arriv\u00f2 poi Sofia, la quale abbracci\u00f2 con entusiasmo il progetto e ne aliment\u00f2 la diffusione distribuendolo nei bar, per farlo conoscere a pi\u00f9 persone, e con \u201cbanchetto\u201d alle fiere della provincia.<\/span><\/div>\n<div class=\"\"><span class=\"\">\u201cUn mio amico mi sugger\u00ec di aprire una pagina Facebook per fare conoscere Il Calendario Filosofico anche a chi non era di Bologna. Dal giugno 2014, tutti i giorni condividiamo sulla nostra pagina Facebook quella che \u00e8 la frase del giorno del nostro Calendario Filosofico\u201d.\u00a0<\/span><\/div>\n<div class=\"\"><span class=\"\">\u00a0<\/span><\/div>\n<div class=\"\"><span class=\"\">In quattro anni Massimo e Sofia sono arrivati ad avere un e-commerce con un catalogo molto ampio e punti vendita su tutto il territorio nazionale.\u00a0<\/span><\/div>\n<div class=\"\"><span class=\"\">\u201cIn quattro anni il mercato \u00e8 molto cambiato. Siamo stati i primi a proporre un calendario giornaliero da tavolo di questo tipo. Poi, come \u00e8 giusto che sia, sono arrivati i concorrenti e di conseguenza abbiamo realizzato calendari di diverso formato, di diverse tipologie, come Il Calendario delle Donne e Il Calendario Filosofico in Inglese. E da quest\u2019anno abbiamo in catalogo anche l\u2019Agenda de Il Calendario Filosofico\u201d aggiunge Massimo.<\/span><\/div>\n<div class=\"\"><span class=\"\">\u00a0<\/span><\/div>\n<div class=\"\"><span class=\"\">\u201c<a href=\"https:\/\/www.facebook.com\/ilcalendariofilosofico\">Lo scorso 27 ottobre abbiamo raggiunto il milionesimo like su Facebook<\/a>. Non potevamo crederci!! Non siamo cantanti, n\u00e9 attori, n\u00e9 VIP. Ma siamo riusciti a raccogliere un milione di persone attorno ad un progetto che parla di filosofia, seppur quotidiana, e che sostanzialmente esiste per \u201cfare del bene\u201d prosegue Sofia entusiasta.\u00a0<\/span><\/div>\n<div class=\"\"><span class=\"\">\u201cOgni giorno riceviamo richieste da parte di web agencies che si occupano di marketing, le quali vorrebbero pagarci, e anche molto, per utilizzare la nostra banca dati su Facebook. Insomma\u2026siamo diventati degli <i class=\"\">influencer!<\/i>!\u201d\u00a0 spiega Sofia scoppiando in una sonora risata.<\/span><\/div>\n<div class=\"\"><span class=\"\">\u201cMa questo non \u00e8 nel nostro DNA\u201d sottolinea Massimo. \u201cCi siamo quindi chiesti cosa potevamo fare di bello e di buono con questo nostro essere degli <i class=\"\">influencer\u201d\u00a0<\/i><\/span><\/div>\n<div><img loading=\"lazy\" decoding=\"async\" class=\"alignnone\" title=\"Massimo Monti Sofia Cioni Il Calendario Filosofico\" src=\"https:\/\/scontent-mxp1-1.xx.fbcdn.net\/v\/t1.0-9\/46124006_926743620868670_611625608060862464_n.jpg?_nc_cat=111&amp;_nc_ht=scontent-mxp1-1.xx&amp;oh=24acbc96a9d0db12a4dcc13457d25e77&amp;oe=5C6BCE1F\" alt=\"Massimo Monti e Sofia Cioni de Il Calendario Filosofico festeggiano il milionesimo follower su Facebook\" width=\"960\" height=\"720\" \/><\/div>\n<div class=\"\"><span class=\"\"><i class=\"\">\u00a0<\/i><\/span><\/div>\n<div class=\"\"><span class=\"\">E l\u2019idea \u00e8 arrivata grazie ad una richiesta della sezione bolognese di AIL, Associazione Italiana contro le Leucemie-linfomi e mieloma ONLUS ed Antoniano ONLUS.\u00a0<\/span><\/div>\n<div class=\"\"><span class=\"\">\u201cCollaborare questo tipo di organizzazioni \u00e8 sempre stato un nostro desiderio, ma non ci siamo mai sentiti all\u2019altezza. Il fatto che ci abbiano cercato e abbiano pensato a noi ci ha riempito di orgoglio\u201d afferma Massimo con commozione.<\/span><\/div>\n<div class=\"\"><span class=\"\">\u201cAbbiamo con piacere aderito alla proposta di queste due ONLUS bolognesi, fornendo loro dei calendari per la raccolta fondi natalizia. Ma non solo. Si tratta di progetti che in pochi conoscono bene. L\u2019entusiasmo dei volontari e il bene generato da queste iniziative verr\u00e0 da noi documentato e diffuso attraverso i nostri social. In futuro ci piacerebbe potere collaborare anche con ONLUS attive su tutto il territorio nazionale\u201d afferma Sofia.<\/span><\/div>\n<div><\/div>\n<div class=\"\"><span class=\"\">Una scelta questa che va controcorrente rispetto a quella che per molti \u00e8 la logica dell\u2019essere degli influencer, ossia guadagnare denaro utilizzando i propri follower sui social.\u00a0<\/span><\/div>\n<div class=\"\"><span class=\"\">Massimo conclude: \u201cPer rimanere in stile \u201cIl Calendario Filosofico\u201d vorrei citare una frase da uno dei film di Harry Potter: \u201cArriva il momento in cui bisogna scegliere tra ci\u00f2 che \u00e8 facile e ci\u00f2 che \u00e8 giusto\u201d. E la nostra scelta, sebben pi\u00f9 difficile, \u00e8 sicuramente quella giusta\u201d<\/span><\/div>\n","protected":false},"excerpt":{"rendered":"<p>Il Calendario Filosofico, con sede a Bologna, ha festeggiato il suo milionesimo follower su Facebook. I progetti per il futuro? Aiutare la diffusione dei progetti delle ONLUS nazionali. Bologna, 13 Novembre 2018. Un piccolo calendario giornaliero da tavolo, semplice nella grafica, ma che ogni giorno ti fa riflettere, ti motiva e ti riempie di coraggio [&hellip;]<\/p>\n","protected":false},"author":5460,"featured_media":0,"comment_status":"open","ping_status":"open","sticky":false,"template":"","format":"standard","meta":{"footnotes":""},"categories":[29],"tags":[21695],"class_list":["post-36371","post","type-post","status-publish","format-standard","hentry","category-comunicati","tag-il-calendario-filosofico"],"_links":{"self":[{"href":"https:\/\/www.area-press.eu\/comunicatistampa\/wp-json\/wp\/v2\/posts\/36371","targetHints":{"allow":["GET"]}}],"collection":[{"href":"https:\/\/www.area-press.eu\/comunicatistampa\/wp-json\/wp\/v2\/posts"}],"about":[{"href":"https:\/\/www.area-press.eu\/comunicatistampa\/wp-json\/wp\/v2\/types\/post"}],"author":[{"embeddable":true,"href":"https:\/\/www.area-press.eu\/comunicatistampa\/wp-json\/wp\/v2\/users\/5460"}],"replies":[{"embeddable":true,"href":"https:\/\/www.area-press.eu\/comunicatistampa\/wp-json\/wp\/v2\/comments?post=36371"}],"version-history":[{"count":5,"href":"https:\/\/www.area-press.eu\/comunicatistampa\/wp-json\/wp\/v2\/posts\/36371\/revisions"}],"predecessor-version":[{"id":36384,"href":"https:\/\/www.area-press.eu\/comunicatistampa\/wp-json\/wp\/v2\/posts\/36371\/revisions\/36384"}],"wp:attachment":[{"href":"https:\/\/www.area-press.eu\/comunicatistampa\/wp-json\/wp\/v2\/media?parent=36371"}],"wp:term":[{"taxonomy":"category","embeddable":true,"href":"https:\/\/www.area-press.eu\/comunicatistampa\/wp-json\/wp\/v2\/categories?post=36371"},{"taxonomy":"post_tag","embeddable":true,"href":"https:\/\/www.area-press.eu\/comunicatistampa\/wp-json\/wp\/v2\/tags?post=36371"}],"curies":[{"name":"wp","href":"https:\/\/api.w.org\/{rel}","templated":true}]}}