{"id":363,"date":"2015-07-20T14:19:15","date_gmt":"2015-07-20T12:19:15","guid":{"rendered":"http:\/\/www.area-press.eu\/comunicatistampa\/?p=363"},"modified":"2015-07-20T14:19:15","modified_gmt":"2015-07-20T12:19:15","slug":"ruote-depoca-in-festa-a-trento-debutto-da-incorniciare-per-la-moserissima","status":"publish","type":"post","link":"https:\/\/www.area-press.eu\/comunicatistampa\/2015\/07\/20\/ruote-depoca-in-festa-a-trento-debutto-da-incorniciare-per-la-moserissima\/","title":{"rendered":"RUOTE D\u2019EPOCA IN FESTA A TRENTO: DEBUTTO DA INCORNICIARE PER \u201cLA MOSERISSIMA\u201d"},"content":{"rendered":"<p>Oggi a Trento si \u00e8 svolta la 1.a edizione de \u2018La Moserissima\u2019<\/p>\n<p>Francesco Moser in testa al gruppo di 300 appassionati di vintage<\/p>\n<p>Evento inserito nel Giro d\u2019Italia d\u2019Epoca<\/p>\n<p>Domani tocca alla 10.a edizione de \u2018La Leggendaria Charly Gaul\u2019<\/p>\n<p>&nbsp;<\/p>\n<p>&nbsp;<\/p>\n<p>La prima ciclostorica di Trento, \u2018La Moserissima\u2019, ha portato oggi a pedalare 300 appassionati di ciclismo vintage sulle strade della Citt\u00e0 del Concilio e lungo le rive dell\u2019Adige. La cicloturistica d\u2019epoca \u00e8 stata un\u2019occasione per celebrare il ciclismo del passato e godersi i circa 50 chilometri di percorso fra il centro storico di Trento e i dintorni. La manifestazione, unica tappa del Trentino-Alto Adige inserita nel Giro d\u2019Italia d\u2019Epoca, \u00e8 scattata alle 14.00 con Elda Verones, presidente del comitato organizzatore, ad aprire la strada al gruppo in sidecar, rigorosamente retr\u00f2, seguita dai partecipanti provenienti da ogni angolo della penisola con bici e completini risalenti a tutte le epoche, dagli autentici pezzi d\u2019antiquariato di fine \u2018800 sino alle divise delle squadre in cui Moser militava quando trionfava in Italia e nel mondo.<\/p>\n<p>Lo \u2018Sceriffo\u2019, in sella alla bici con cui vinse la Parigi Roubaix del 1979, assieme ai figli Carlo e Ignazio e a Marino Basso ha guidato il plotone che sulle note della Marcia di Radetzky ha lasciato Piazza Duomo per imboccare Via Belenzani, dove si erano ammassati fotografi e pubblico affascinati dalle bici e dai completi d\u2019epoca. Nemmeno il tempo di imboccare la pista ciclabile ed ecco che alcune bici, per regolamento antecedenti al 1987, cominciavano a perdere pezzi: qualche sella si staccava, cambi che si inceppavano e forature lungo i primi tratti di strada bianca lungo le rive dell\u2019Adige, con i concorrenti prontamente soccorsi dall\u2019assistenza meccanica e dal camion scopa predisposti dall\u2019organizzazione.<\/p>\n<p>La giornata \u00e8 stata di festa, ma in sella qualcuno non ha voluto rinunciare ad un po\u2019 di bagarre con Ignazio Moser, figlio di Francesco, che ha selezionato un gruppettino che si \u00e8 avvantaggiato per arrivare davanti tutti al ristoro allestito presso le Cantine Cavit a Ravina di Trento. Un\u2019azione che ha colto di sorpresa un divertito Matteo Marzotto: \u2018Ignazio ha ancora la gamba da corridore, ma deve ringraziarmi, se non fossi stato distratto a fare una foto con il telefono l\u2019avrei subito ripreso\u2019. Al ristoro, i partecipanti di tutta la penisola, toscani, emiliani, lombardi e veneti oltre al battaglione di trentini, si sono goduti le specialit\u00e0 locali con il momento clou raggiunto quando \u00e8 stata stappata la bottiglia di spumante Trento DOC \u2018Il Primato\u2019, una magnum da 26 litri che fu ideata per celebrare il record dell\u2019ora di Moser nel 1984.<\/p>\n<p>Dopo i siparietti con Marino Basso e Dino Zandeg\u00f9, l\u2019allegra carovana vintage \u00e8 ripartita in direzione Trento per proseguire verso Lavis, dove \u00e8 stata affrontata la salita di Camparta che ha fatto dannare Marino Basso: \u201cMoser ha messo nel percorso una salita come questa per farmi fuori, lui aveva i rapporti agili e aveva paura che lo battessi in volata\u201d. Moser \u00e8 stato subito al gioco: \u201cNon \u00e8 vero niente, gli avevo detto che era dura\u201d. Le pendenze della salita di Camparta, in ciottolato, hanno costretto parecchi a mettere il piede a terra ma fortunatamente pochi metri pi\u00f9 avanti era previsto il secondo ristoro, alle Cantine Moser di Maso Villa Warth, dove c\u2019\u00e8 stato un altro brindisi che, complice il caldo, ha fatto \u201csbandare\u201d qualche corridore in discesa, fortunatamente non era previsto alcun controllo antidoping&#8230;<\/p>\n<p>L\u2019arrivo in Piazza Fiera \u00e8 stata una passerella con Moser in testa al gruppo, che si \u00e8 poi goduto ristoro e cena finale prima delle premiazioni dove, come in tutte le ciclostoriche, sono stati premiati biciclette e \u2018mise\u2019 d\u2019epoca pi\u00f9 caratteristiche con un sottofondo di musica vintage per l\u2019occasione. Al termine della giornata, grande soddisfazione per Francesco Moser: \u201c\u00c8 stata una giornata divertente, forse un po\u2019 calda ma \u00e8 stato bello pedalare. Adesso vogliamo ripeterla, magari un po\u2019 pi\u00f9 al fresco\u201d. Gli ha fatto eco Elda Verones, presidente del C.O: \u201cUna splendida giornata di sport. Abbiamo voluto fare una ciclostorica per celebrare il decennale de \u201cLa Leggendaria Charly Gaul\u201d. La partecipazione \u00e8 stata ottima e adesso vogliamo rendere questa manifestazione un appuntamento fisso\u201d.<\/p>\n<p>L\u2019organizzazione dell\u2019ApT Trento, Monte Bondone, Valle dei Laghi e dell\u2019Asd Charly Gaul Internazionale ora d\u00e0 a tutti gli appassionati di ciclismo appuntamento a domani alle 8.00, quando scatter\u00e0 la 10.a edizione de \u2018La Leggendaria Charly Gaul\u2019. Due i percorsi a disposizione degli oltre 2000 cicloamatori in gara, il mediofondo di 57 km e il granfondo di 141 km e 4000 metri di dislivello con la doppia scalata al Monte Bondone. La gara, unica tappa italiana dell\u2019UCI World Cycling Tour, sar\u00e0 trasmessa in diretta su Rai Sport 1 dalle 12.00 alle 14.00, mentre dalle 20.00 alle 22.00 Rai Sport 2 mander\u00e0 in onda una sintesi e a mezzanotte \u00e8 prevista la replica su Rai Sport 1.<\/p>\n<p>Info: <a href=\"http:\/\/www.lamoserissima.it\/\">www.lamoserissima.it<\/a><\/p>\n","protected":false},"excerpt":{"rendered":"<p>Oggi a Trento si \u00e8 svolta la 1.a edizione de \u2018La Moserissima\u2019 Francesco Moser in testa al gruppo di 300 appassionati di vintage Evento inserito nel Giro d\u2019Italia d\u2019Epoca Domani tocca alla 10.a edizione de \u2018La Leggendaria Charly Gaul\u2019 &nbsp; &nbsp; La prima ciclostorica di Trento, \u2018La Moserissima\u2019, ha portato oggi a pedalare 300 appassionati [&hellip;]<\/p>\n","protected":false},"author":15,"featured_media":0,"comment_status":"open","ping_status":"open","sticky":false,"template":"","format":"standard","meta":{"footnotes":""},"categories":[15],"tags":[],"class_list":["post-363","post","type-post","status-publish","format-standard","hentry","category-sport"],"_links":{"self":[{"href":"https:\/\/www.area-press.eu\/comunicatistampa\/wp-json\/wp\/v2\/posts\/363","targetHints":{"allow":["GET"]}}],"collection":[{"href":"https:\/\/www.area-press.eu\/comunicatistampa\/wp-json\/wp\/v2\/posts"}],"about":[{"href":"https:\/\/www.area-press.eu\/comunicatistampa\/wp-json\/wp\/v2\/types\/post"}],"author":[{"embeddable":true,"href":"https:\/\/www.area-press.eu\/comunicatistampa\/wp-json\/wp\/v2\/users\/15"}],"replies":[{"embeddable":true,"href":"https:\/\/www.area-press.eu\/comunicatistampa\/wp-json\/wp\/v2\/comments?post=363"}],"version-history":[{"count":1,"href":"https:\/\/www.area-press.eu\/comunicatistampa\/wp-json\/wp\/v2\/posts\/363\/revisions"}],"predecessor-version":[{"id":365,"href":"https:\/\/www.area-press.eu\/comunicatistampa\/wp-json\/wp\/v2\/posts\/363\/revisions\/365"}],"wp:attachment":[{"href":"https:\/\/www.area-press.eu\/comunicatistampa\/wp-json\/wp\/v2\/media?parent=363"}],"wp:term":[{"taxonomy":"category","embeddable":true,"href":"https:\/\/www.area-press.eu\/comunicatistampa\/wp-json\/wp\/v2\/categories?post=363"},{"taxonomy":"post_tag","embeddable":true,"href":"https:\/\/www.area-press.eu\/comunicatistampa\/wp-json\/wp\/v2\/tags?post=363"}],"curies":[{"name":"wp","href":"https:\/\/api.w.org\/{rel}","templated":true}]}}