{"id":36197,"date":"2018-11-08T00:57:28","date_gmt":"2018-11-07T23:57:28","guid":{"rendered":"http:\/\/www.area-press.eu\/comunicatistampa\/?p=36197"},"modified":"2018-11-08T00:57:28","modified_gmt":"2018-11-07T23:57:28","slug":"acotel-alleuropean-utility-week-di-vienna-nella-collettiva-italiana-dellice-e-anie","status":"publish","type":"post","link":"https:\/\/www.area-press.eu\/comunicatistampa\/2018\/11\/08\/acotel-alleuropean-utility-week-di-vienna-nella-collettiva-italiana-dellice-e-anie\/","title":{"rendered":"Acotel all\u2019European Utility Week di Vienna nella collettiva italiana dell\u2019ICE e ANIE"},"content":{"rendered":"<p>Roma, 5 novembre 2018 &#8211; Acotel\u00a0partecipa all\u2019edizione\u00a02018\u00a0dell\u2019<a href=\"https:\/\/www.european-utility-week.com\/#\/\">European Utility Week<\/a>\u00a0che si terr\u00e0 a Vienna\u00a0a partire da domani e fino all\u20198 novembre prossimo.<\/p>\n<p>EUW, giunta alla VI edizione, \u00e8\u00a0una delle pi\u00f9 grandi manifestazioni\u00a0dedicate alle Utilities elettriche, del gas e dell\u2019acqua e coinvolge tutti i settori delle smart energy e dell\u2019efficienza energetica. Il programma prevede incontri e aree di approfondimento in ambito strategico (business models, EU policy &amp; regulation), tecnico, con Hub sessions specifiche, e di networking rivolti al mondo delle start up innovative.<\/p>\n<p>All\u2019interno di questo scenario l\u2019<a href=\"https:\/\/www.ice.it\/it\">ICE<\/a>\u00a0(Agenzia per la promozione all\u2019estero e l\u2019internazionalizzazione delle imprese italiane), organismo attraverso cui il Governo favorisce il consolidamento e lo sviluppo economico-commerciale delle imprese italiane sui mercati esteri, ha organizzato una collettiva italiana in collaborazione con la Federazione nazionale delle imprese elettrotecniche ed elettroniche\u00a0<a href=\"http:\/\/anie.it\/\">ANIE<\/a>.<\/p>\n<p>L\u2019obiettivo dell\u2019iniziativa \u00e8 promuovere il settore\u00a0Smart Energy italiano portando reali casi di successo all\u2019evento internazionale.<\/p>\n<p>E\u2019 proprio in questo contesto che\u00a0Acotel presenzier\u00e0, all\u2019interno del padiglione italiano, con una postazione personalizzata, presentando al pubblico\u00a0le sue ultime due\u00a0soluzioni innovative: la\u00a0<strong>Smart Home<\/strong>\u00a0che pu\u00f2 digitalizzare la propria casa utilizzando le tecnologie pi\u00f9 recenti per portarla direttamente nel cloud e la\u00a0<strong>Smart Sensor<\/strong>\u00a0che propone diversi sensori indipendenti alimentati da batteria e con una connessione M2M mondiale.<\/p>\n<p>La soluzione <strong>Smart Home<\/strong> prevede un pacchetto per il controllo, l\u2019automazione e la sicurezza domestica, rivolto ai clienti residenziali attraverso un\u2019offerta integrata ad una vasta gamma di devices che rispondono alla necessit\u00e0 dei clienti di controllare e proteggere la propria abitazione. Grazie poi alla possibilit\u00e0 di collegare decine di sensori compatibili \u00e8 possibile targettizzare l\u2019offerta e creare una soluzione ad hoc costruita sui singoli bisogni.<\/p>\n<p>La <strong>Smart Sensor<\/strong>, rivolta ai possessori di abitazioni secondarie o di locali commerciali che prevedono minori esigenze di monitoraggio e di controllo, include sofisticati sensori, tra cui quelli di movimento, anti allagamento, anti intrusione e rilevatori di fumo che consentiranno di rendere gli ambienti pi\u00f9 sicuri ed efficienti.<\/p>\n<p>Entrambe le soluzioni possono essere gestite dai client finali attraverso un APP dedicata disponibile per iOS e Android. I dispositivi della Smart Home e della Smart Sensor sono completamente made in Italy, cos\u00ec come le stesse APP, e sviluppati da Acotel nel suo headquarters di Roma.<\/p>\n","protected":false},"excerpt":{"rendered":"<p>Roma, 5 novembre 2018 &#8211; Acotel\u00a0partecipa all\u2019edizione\u00a02018\u00a0dell\u2019European Utility Week\u00a0che si terr\u00e0 a Vienna\u00a0a partire da domani e fino all\u20198 novembre prossimo. EUW, giunta alla VI edizione, \u00e8\u00a0una delle pi\u00f9 grandi manifestazioni\u00a0dedicate alle Utilities elettriche, del gas e dell\u2019acqua e coinvolge tutti i settori delle smart energy e dell\u2019efficienza energetica. Il programma prevede incontri e aree [&hellip;]<\/p>\n","protected":false},"author":4655,"featured_media":0,"comment_status":"open","ping_status":"open","sticky":false,"template":"","format":"standard","meta":{"footnotes":""},"categories":[29],"tags":[],"class_list":["post-36197","post","type-post","status-publish","format-standard","hentry","category-comunicati"],"_links":{"self":[{"href":"https:\/\/www.area-press.eu\/comunicatistampa\/wp-json\/wp\/v2\/posts\/36197","targetHints":{"allow":["GET"]}}],"collection":[{"href":"https:\/\/www.area-press.eu\/comunicatistampa\/wp-json\/wp\/v2\/posts"}],"about":[{"href":"https:\/\/www.area-press.eu\/comunicatistampa\/wp-json\/wp\/v2\/types\/post"}],"author":[{"embeddable":true,"href":"https:\/\/www.area-press.eu\/comunicatistampa\/wp-json\/wp\/v2\/users\/4655"}],"replies":[{"embeddable":true,"href":"https:\/\/www.area-press.eu\/comunicatistampa\/wp-json\/wp\/v2\/comments?post=36197"}],"version-history":[{"count":1,"href":"https:\/\/www.area-press.eu\/comunicatistampa\/wp-json\/wp\/v2\/posts\/36197\/revisions"}],"predecessor-version":[{"id":36198,"href":"https:\/\/www.area-press.eu\/comunicatistampa\/wp-json\/wp\/v2\/posts\/36197\/revisions\/36198"}],"wp:attachment":[{"href":"https:\/\/www.area-press.eu\/comunicatistampa\/wp-json\/wp\/v2\/media?parent=36197"}],"wp:term":[{"taxonomy":"category","embeddable":true,"href":"https:\/\/www.area-press.eu\/comunicatistampa\/wp-json\/wp\/v2\/categories?post=36197"},{"taxonomy":"post_tag","embeddable":true,"href":"https:\/\/www.area-press.eu\/comunicatistampa\/wp-json\/wp\/v2\/tags?post=36197"}],"curies":[{"name":"wp","href":"https:\/\/api.w.org\/{rel}","templated":true}]}}