{"id":36092,"date":"2018-11-02T19:40:22","date_gmt":"2018-11-02T18:40:22","guid":{"rendered":"http:\/\/www.area-press.eu\/comunicatistampa\/?p=36092"},"modified":"2018-11-02T19:40:22","modified_gmt":"2018-11-02T18:40:22","slug":"aperitivo-e-arte-jackson-pollock-bbk-lab","status":"publish","type":"post","link":"https:\/\/www.area-press.eu\/comunicatistampa\/2018\/11\/02\/aperitivo-e-arte-jackson-pollock-bbk-lab\/","title":{"rendered":"Aperitivo e Arte \u201cJackson Pollock\u201d BBK-Lab"},"content":{"rendered":"<p>Ritornano a Roma gli \u201c<strong>Aperitivi &amp; Arte<\/strong>\u201d, appuntamenti organizzati da <strong>BBK-Lab<\/strong>, dove discutere d&#8217;arte e approfondire i temi sollevati dalle grandi mostre di Roma. Ciascun incontro, inteso sia come momento propedeutico alle mostre, sia come occasione di dibattito e di arricchimento, sar\u00e0 preceduto da un aperitivo.<\/p>\n<p><strong>Finalit\u00e0 dell&#8217;incontro:<\/strong><\/p>\n<p>L&#8217;incontro di <strong>mercoled\u00ec 14 novembre 2018<\/strong> \u00e8 dedicato a <strong>Pollock e alla Scuola di New York<\/strong>, in occasione della mostra organizzata al Complesso del Vittoriano dal 10 ottobre al 24 febbraio 2019, curata da David Breslin, Carrie Springer e Luca Beatrice.<\/p>\n<p>L\u2019Ala Brasini del Vittoriano accoglie uno dei nuclei pi\u00f9 preziosi della collezione del Whitney Museum di New York. Jackson Pollock, Mark Rothko, Willem de Kooning, Franz Kline e molti altri rappresentanti della Scuola di New York irrompono a Roma con tutta l\u2019energia e quel carattere di rottura che fece di loro eterni e indimenticabili \u201cIrascibili\u201d.<\/p>\n<p>Anticonformismo, introspezione psicologica e sperimentazione sono le tre linee guida che accompagnano lo spettatore della mostra.<br \/>\nAttraverso circa 50 capolavori \u2013 tra cui il celebre Number 27, la grande tela di Pollock lunga oltre 3m resa iconica dal magistrale equilibrio fra le pennellate di nero e la fusione dei colori pi\u00f9 chiari \u2013 colori vividi, armonia delle forme, soggetti e rappresentazioni astratte immergono gli osservatori in un contesto artistico magnifico: l\u2019espressionismo astratto.<\/p>\n<p><strong>Location e prenotazioni:<\/strong><\/p>\n<p>Il numero dei partecipanti \u00e8 limitato.<br \/>\nPrenota il tuo posto scrivendo a info@bbkstudio.net o chiamando il 335.7755230.<br \/>\nIl costo dell\u2019incontro \u00e8 di \u20ac 15,00 comprensivo dell\u2019aperitivo.<br \/>\nBBK Interior Design Furniture_ Lungotevere dei Mellini 9, 00193 Roma. www.bbkroma.it | www.bbkromashop.com<\/p>\n","protected":false},"excerpt":{"rendered":"<p>Ritornano a Roma gli \u201cAperitivi &amp; Arte\u201d, appuntamenti organizzati da BBK-Lab, dove discutere d&#8217;arte e approfondire i temi sollevati dalle grandi mostre di Roma. Ciascun incontro, inteso sia come momento propedeutico alle mostre, sia come occasione di dibattito e di arricchimento, sar\u00e0 preceduto da un aperitivo. Finalit\u00e0 dell&#8217;incontro: L&#8217;incontro di mercoled\u00ec 14 novembre 2018 \u00e8 [&hellip;]<\/p>\n","protected":false},"author":5439,"featured_media":0,"comment_status":"open","ping_status":"open","sticky":false,"template":"","format":"standard","meta":{"footnotes":""},"categories":[3],"tags":[],"class_list":["post-36092","post","type-post","status-publish","format-standard","hentry","category-arte-e-cultura"],"_links":{"self":[{"href":"https:\/\/www.area-press.eu\/comunicatistampa\/wp-json\/wp\/v2\/posts\/36092","targetHints":{"allow":["GET"]}}],"collection":[{"href":"https:\/\/www.area-press.eu\/comunicatistampa\/wp-json\/wp\/v2\/posts"}],"about":[{"href":"https:\/\/www.area-press.eu\/comunicatistampa\/wp-json\/wp\/v2\/types\/post"}],"author":[{"embeddable":true,"href":"https:\/\/www.area-press.eu\/comunicatistampa\/wp-json\/wp\/v2\/users\/5439"}],"replies":[{"embeddable":true,"href":"https:\/\/www.area-press.eu\/comunicatistampa\/wp-json\/wp\/v2\/comments?post=36092"}],"version-history":[{"count":2,"href":"https:\/\/www.area-press.eu\/comunicatistampa\/wp-json\/wp\/v2\/posts\/36092\/revisions"}],"predecessor-version":[{"id":36094,"href":"https:\/\/www.area-press.eu\/comunicatistampa\/wp-json\/wp\/v2\/posts\/36092\/revisions\/36094"}],"wp:attachment":[{"href":"https:\/\/www.area-press.eu\/comunicatistampa\/wp-json\/wp\/v2\/media?parent=36092"}],"wp:term":[{"taxonomy":"category","embeddable":true,"href":"https:\/\/www.area-press.eu\/comunicatistampa\/wp-json\/wp\/v2\/categories?post=36092"},{"taxonomy":"post_tag","embeddable":true,"href":"https:\/\/www.area-press.eu\/comunicatistampa\/wp-json\/wp\/v2\/tags?post=36092"}],"curies":[{"name":"wp","href":"https:\/\/api.w.org\/{rel}","templated":true}]}}