{"id":36062,"date":"2018-10-31T20:30:36","date_gmt":"2018-10-31T19:30:36","guid":{"rendered":"http:\/\/www.area-press.eu\/comunicatistampa\/?p=36062"},"modified":"2018-10-31T20:30:36","modified_gmt":"2018-10-31T19:30:36","slug":"nicolo-zanon-la-corte-costituzionale-consente-ai-detenuti-del-41-bis-di-cucinare-in-carcere","status":"publish","type":"post","link":"https:\/\/www.area-press.eu\/comunicatistampa\/2018\/10\/31\/nicolo-zanon-la-corte-costituzionale-consente-ai-detenuti-del-41-bis-di-cucinare-in-carcere\/","title":{"rendered":"Nicol\u00f2 Zanon: la Corte costituzionale consente ai detenuti del 41 bis di cucinare in carcere"},"content":{"rendered":"<p><em><strong>Non ci sar\u00e0 pi\u00f9 il divieto di cuocere cibi in carcere tra le particolari restrizioni per i detenuti al 41 bis, in quanto la possibilit\u00e0 di cucinare non influisce con la crescita di potere e di prestigio del detenuto all&#8217;interno della struttura penitenziaria: lo stabilisce una recente sentenza, che ha come relatore il giurista e docente <a title=\"Nicol\u00f2 Zanon, LinkedIn\" href=\"https:\/\/www.linkedin.com\/in\/nicol%C3%B2-zanon\/\">Nicol\u00f2 Zanon<\/a>.<\/strong><\/em><\/p>\n<p><a title=\"Nicol\u00f2 Zanon: profilo linkedin\" href=\"https:\/\/www.linkedin.com\/in\/nicol%C3%B2-zanon\/\"><img decoding=\"async\" src=\"https:\/\/media.licdn.com\/dms\/image\/C4D03AQE77FEavTm40Q\/profile-displayphoto-shrink_200_200\/0?e=1546473600&amp;v=beta&amp;t=kvJQZC8vJRNpD5Hjj55Yy0k8WQO5D-41vd68g_Nq5js\" alt=\"Nicol\u00f2 Zanon\" \/><\/a><\/p>\n<h2>Nicol\u00f2 Zanon: i contenuti e le motivazioni della sentenza<\/h2>\n<p>La Corte costituzionale ha sancito l&#8217;illegittimit\u00e0 della norma che vieta di cuocere cibi a chi si trova detenuto con regime di carcere duro. La sentenza, di cui \u00e8 relatore <strong>Nicol\u00f2 Zanon<\/strong>, modifica l&#8217;art. 41 bis dell&#8217;ordinamento penitenziario. Anche chi si trova ristretto con regime di carcere duro deve &#8220;conservare la possibilit\u00e0 di accedere a piccoli gesti di normalit\u00e0 quotidiana, tanto pi\u00f9 preziosi in quanto costituenti gli ultimi residui in cui pu\u00f2 espandersi la sua libert\u00e0 individuale&#8221;. Questa \u00e8 la motivazione che ha spinto la Corte costituzionale ha sancire l&#8217;illegittimit\u00e0 della norma che vietava la possibilit\u00e0 di cucinare in carcere. La misura restrittiva, contenuta nel comma 2-quarter, era stata introdotta nel 2009 con la necessit\u00e0 di contrastare l&#8217;eventuale crescita di &#8220;potere&#8221; e prestigio criminale del detenuto all&#8217;interno della struttura penitenziaria. La sentenza che ha come relatore il giudice <strong>Nicol\u00f2 Zanon<\/strong> fa notare che &#8220;la crescita di potere e di prestigio all&#8217;interno del carcere potrebbe derivare anche dalla disponibilit\u00e0 di generi alimentari &#8216;di lusso&#8217; da consumare crudi&#8221;. Al di l\u00e0 di questo, &#8220;\u00e8 la stessa ordinaria applicazione delle regole di disciplina specificamente previste a rendere pressoch\u00e9 impossibile qualunque abusiva posizione di privilegio o di potere all&#8217;interno del carcere collegata alla cottura del cibo&#8221;.<\/p>\n<h2>L&#8217;attivit\u00e0 scientifica ed editoriale di Nicol\u00f2 Zanon<\/h2>\n<p><strong>Nicol\u00f2 Zanon<\/strong> \u00e8 un giurista e docente originario di Torino. Classe 1961, \u00e8 attualmente giudice della Corte costituzionale su nomina del Presidente della Repubblica Giorgio Napolitano, dopo essere stato (2010-2014) componente laico del Consiglio superiore della Magistratura. \u00c8 Ordinario (fuori ruolo) di Diritto costituzionale nella Facolt\u00e0 di Giurisprudenza dell&#8217;Universit\u00e0 degli Studi di Milano. In seguito alla laurea in Giurisprudenza, ha conseguito il titolo di Dottore in ricerca in Diritto comparato presso l&#8217;Universit\u00e0 di Firenze. Oltre ad affrontare le sue prime esperienze come docente presso importanti atenei italiani, <strong><a title=\"Nicol\u00f2 Zanon: profilo LinkedIn\" href=\"https:\/\/www.linkedin.com\/in\/nicol%C3%B2-zanon\/\">Nicol\u00f2 Zanon<\/a><\/strong> si dedica all&#8217;attivit\u00e0 scientifica, trattando soprattutto di problematiche legate al diritto regionale, alla giustizia costituzionale e alla tutela dei diritti fondamentali nell&#8217;ordinamento italiano e in quelli stranieri. Un altro argomento cardine di cui si occupa \u00e8 la posizione costituzionale dei parlamentari e della loro tradizionale libert\u00e0 da vincoli di mandato. Membro del comitato di redazione della rivista &#8220;Ideazione&#8221; e del comitato scientifico della rivista &#8220;Giurisprudenza costituzionale&#8221;, ha fatto parte del comitato scientifico della rivista &#8220;Percorsi costituzionali&#8221; e della direzione della rivista &#8220;Quaderni Costituzionali&#8221;. \u00c8 stato editorialista per importanti quotidiani quali &#8220;Il Sole 24 ore&#8221;, &#8220;Il Giornale&#8221; e &#8220;Libero&#8221;, oltre ad aver pubblicato articoli su riviste giuridiche italiane e straniere.<\/p>\n","protected":false},"excerpt":{"rendered":"<p>Non ci sar\u00e0 pi\u00f9 il divieto di cuocere cibi in carcere tra le particolari restrizioni per i detenuti al 41 bis, in quanto la possibilit\u00e0 di cucinare non influisce con la crescita di potere e di prestigio del detenuto all&#8217;interno della struttura penitenziaria: lo stabilisce una recente sentenza, che ha come relatore il giurista e [&hellip;]<\/p>\n","protected":false},"author":5434,"featured_media":0,"comment_status":"open","ping_status":"open","sticky":false,"template":"","format":"standard","meta":{"footnotes":""},"categories":[4],"tags":[21607],"class_list":["post-36062","post","type-post","status-publish","format-standard","hentry","category-attualita-e-societa","tag-nicolo-zanon"],"_links":{"self":[{"href":"https:\/\/www.area-press.eu\/comunicatistampa\/wp-json\/wp\/v2\/posts\/36062","targetHints":{"allow":["GET"]}}],"collection":[{"href":"https:\/\/www.area-press.eu\/comunicatistampa\/wp-json\/wp\/v2\/posts"}],"about":[{"href":"https:\/\/www.area-press.eu\/comunicatistampa\/wp-json\/wp\/v2\/types\/post"}],"author":[{"embeddable":true,"href":"https:\/\/www.area-press.eu\/comunicatistampa\/wp-json\/wp\/v2\/users\/5434"}],"replies":[{"embeddable":true,"href":"https:\/\/www.area-press.eu\/comunicatistampa\/wp-json\/wp\/v2\/comments?post=36062"}],"version-history":[{"count":1,"href":"https:\/\/www.area-press.eu\/comunicatistampa\/wp-json\/wp\/v2\/posts\/36062\/revisions"}],"predecessor-version":[{"id":36065,"href":"https:\/\/www.area-press.eu\/comunicatistampa\/wp-json\/wp\/v2\/posts\/36062\/revisions\/36065"}],"wp:attachment":[{"href":"https:\/\/www.area-press.eu\/comunicatistampa\/wp-json\/wp\/v2\/media?parent=36062"}],"wp:term":[{"taxonomy":"category","embeddable":true,"href":"https:\/\/www.area-press.eu\/comunicatistampa\/wp-json\/wp\/v2\/categories?post=36062"},{"taxonomy":"post_tag","embeddable":true,"href":"https:\/\/www.area-press.eu\/comunicatistampa\/wp-json\/wp\/v2\/tags?post=36062"}],"curies":[{"name":"wp","href":"https:\/\/api.w.org\/{rel}","templated":true}]}}