{"id":36041,"date":"2018-10-31T20:30:36","date_gmt":"2018-10-31T19:30:36","guid":{"rendered":"http:\/\/www.area-press.eu\/comunicatistampa\/?p=36041"},"modified":"2018-10-31T20:30:36","modified_gmt":"2018-10-31T19:30:36","slug":"cosmobserver-media-partner-de-la-scienza-al-cinema-a-mantovascienza","status":"publish","type":"post","link":"https:\/\/www.area-press.eu\/comunicatistampa\/2018\/10\/31\/cosmobserver-media-partner-de-la-scienza-al-cinema-a-mantovascienza\/","title":{"rendered":"COSMOBSERVER media partner de \u201cLa Scienza al Cinema\u201d a MantovaScienza"},"content":{"rendered":"<p><em>Il sito di divulgazione scientifica COSMOBSERVER promuove la rassegna di film a tema scientifico organizzato da \u201cIl Cinema del Carbone\u201d nell\u2019ambito di \u201cMantovaScienza\u201d<\/em><\/p>\n<p>&nbsp;<\/p>\n<p>Si svolger\u00e0 a Mantova, dal 5 al 16 novembre, la terza edizione di <strong>MantovaScienza<\/strong>, il <strong>festival della scienza<\/strong> della citt\u00e0 lombarda. Tra le tante attivit\u00e0 di divulgazione e scientifiche, viene proposta al pubblico \u201c<strong>La Scienza al Cinema<\/strong>\u201d, la rassegna cinematografica organizzata da Il <strong>Cinema del Carbone<\/strong> in Via Oberdan.<\/p>\n<p>&nbsp;<\/p>\n<p>La Scienza al Cinema \u00e8 la rassegna di film a tema scientifico commentati in sala da esperti e ricercatori impegnati sui pi\u00f9 avanzati e innovativi fronti di ricerca. Forte del successo degli scorsi anni, il Cinema del Carbone prosegue nella sua opera di promozione della cultura scientifica \u2013 storicamente trascurata in Italia \u2013 attraverso la proposta di alcuni dei migliori documentari proposti a livello internazionale in Festival e altre manifestazioni dedicate alla divulgazione scientifica.<\/p>\n<p>&nbsp;<\/p>\n<p>Oltre alla media partnership, la collaborazione prevede la presenza del fondatore di <strong>COSMOBSERVER<\/strong> \u2013 il <strong>divulgatore scientifico Emmanuele Macaluso<\/strong> \u2013 impegnato nel dibattito con il pubblico nei giorni di proiezione del film \u201c<strong><em>Amateur in Space<\/em><\/strong>\u201d. Con lui sul palco anche il divulgatore scientifico Piero Bianucci.<\/p>\n<p>&nbsp;<\/p>\n<p><strong><u>Di seguito il calendario della rassegna<\/u><\/strong><\/p>\n<p>&gt; \u201cAmateurs In Space\u201d di Max Kestner, Danimarca, 2016, 90&#8242;<\/p>\n<p>marted\u00ec 6 novembre 2018 ore 21.15 (per le scuole mercoled\u00ec 7 novembre ore 8 e 10.30)<\/p>\n<p>&gt; \u201cNeutrinos \u2013 Messaggeri dai confini dell\u2019universo\u201d di Martina Treusch, Germania, 2017, 52\u2019<\/p>\n<p>marted\u00ec 13 novembre 2018 ore 21.15 (per le scuole mercoled\u00ec 14 novembre ore 8 e 10.30)<\/p>\n<p>&gt; \u201cDo you trust this computer?\u201d di Chris Paine, Giappone, USA, 2018, 78&#8242;<\/p>\n<p>marted\u00ec 20 novembre 2018 ore 21.15 (per le scuole mercoled\u00ec 21 novembre ore 8 e 10.30)<\/p>\n<p>&gt; \u201cL\u2019intelligenza degli alberi\u201d di Giulia Dordei, Guido Tolke, Germania, Francia, 2017, 80\u2019<\/p>\n<p>marted\u00ec 27 novembre 2018 ore 21.15 (per le scuole mercoled\u00ec 28 novembre ore 8 e 10.30)<\/p>\n<p>&gt; \u201cGenesis 2.0\u201d di Christian Frei, Maxim Arbugaev, Svizzera, 2018, 103&#8242;<\/p>\n<p>marted\u00ec 4 dicembre 2018 ore 21.15 (per le scuole mercoled\u00ec 5 dicembre ore 8 e 10.30)<\/p>\n<p>&nbsp;<\/p>\n<p>&nbsp;<\/p>\n<p>Maggiori informazioni sugli eventi a questi link:<\/p>\n<p>Evento a cui partecipa Emmanuele Macaluso <a href=\"https:\/\/ilcinemadelcarbone.it\/film\/amateurs-in-space\">https:\/\/ilcinemadelcarbone.it\/film\/amateurs-in-space<\/a><\/p>\n<p>Sito de Il Cinema del Carbone <a href=\"https:\/\/ilcinemadelcarbone.it\">https:\/\/ilcinemadelcarbone.it<\/a><\/p>\n<p>Sito di Mantova Scienza <a href=\"https:\/\/www.mantovascienza.it\">https:\/\/www.mantovascienza.it<\/a><\/p>\n","protected":false},"excerpt":{"rendered":"<p>Il sito di divulgazione scientifica COSMOBSERVER promuove la rassegna di film a tema scientifico organizzato da \u201cIl Cinema del Carbone\u201d nell\u2019ambito di \u201cMantovaScienza\u201d &nbsp; Si svolger\u00e0 a Mantova, dal 5 al 16 novembre, la terza edizione di MantovaScienza, il festival della scienza della citt\u00e0 lombarda. Tra le tante attivit\u00e0 di divulgazione e scientifiche, viene proposta [&hellip;]<\/p>\n","protected":false},"author":4938,"featured_media":0,"comment_status":"open","ping_status":"open","sticky":false,"template":"","format":"standard","meta":{"footnotes":""},"categories":[18,3,8],"tags":[21597,5954,15974,21601,1703,21595,18891,3056,787,21602],"class_list":["post-36041","post","type-post","status-publish","format-standard","hentry","category-altri-vari","category-arte-e-cultura","category-eventi","tag-cinema-del-carbone","tag-cosmobserver","tag-emmanuele-macaluso","tag-la-scienza-al-cinema","tag-mantova","tag-mantovascienza","tag-media-partnership","tag-partner","tag-scienza","tag-space-amateurs"],"_links":{"self":[{"href":"https:\/\/www.area-press.eu\/comunicatistampa\/wp-json\/wp\/v2\/posts\/36041","targetHints":{"allow":["GET"]}}],"collection":[{"href":"https:\/\/www.area-press.eu\/comunicatistampa\/wp-json\/wp\/v2\/posts"}],"about":[{"href":"https:\/\/www.area-press.eu\/comunicatistampa\/wp-json\/wp\/v2\/types\/post"}],"author":[{"embeddable":true,"href":"https:\/\/www.area-press.eu\/comunicatistampa\/wp-json\/wp\/v2\/users\/4938"}],"replies":[{"embeddable":true,"href":"https:\/\/www.area-press.eu\/comunicatistampa\/wp-json\/wp\/v2\/comments?post=36041"}],"version-history":[{"count":1,"href":"https:\/\/www.area-press.eu\/comunicatistampa\/wp-json\/wp\/v2\/posts\/36041\/revisions"}],"predecessor-version":[{"id":36043,"href":"https:\/\/www.area-press.eu\/comunicatistampa\/wp-json\/wp\/v2\/posts\/36041\/revisions\/36043"}],"wp:attachment":[{"href":"https:\/\/www.area-press.eu\/comunicatistampa\/wp-json\/wp\/v2\/media?parent=36041"}],"wp:term":[{"taxonomy":"category","embeddable":true,"href":"https:\/\/www.area-press.eu\/comunicatistampa\/wp-json\/wp\/v2\/categories?post=36041"},{"taxonomy":"post_tag","embeddable":true,"href":"https:\/\/www.area-press.eu\/comunicatistampa\/wp-json\/wp\/v2\/tags?post=36041"}],"curies":[{"name":"wp","href":"https:\/\/api.w.org\/{rel}","templated":true}]}}