{"id":36022,"date":"2018-10-31T02:32:51","date_gmt":"2018-10-31T01:32:51","guid":{"rendered":"http:\/\/www.area-press.eu\/comunicatistampa\/?p=36022"},"modified":"2018-10-31T02:32:51","modified_gmt":"2018-10-31T01:32:51","slug":"look-originale-per-la-zona-notte-francesco-pasi-presenta-il-nuovo-letto-ellipse","status":"publish","type":"post","link":"https:\/\/www.area-press.eu\/comunicatistampa\/2018\/10\/31\/look-originale-per-la-zona-notte-francesco-pasi-presenta-il-nuovo-letto-ellipse\/","title":{"rendered":"Look originale per la zona notte: Francesco Pasi presenta il nuovo letto Ellipse"},"content":{"rendered":"<p><em>Verona, Ottobre 2018<\/em> &#8211; \u00c8 importante rinnovare la camera da letto e disegnarla per soddisfare ogni singola esigenza, in modo che sappia rispondere al gusto di chi la vive tutti i giorni. Seguendo quest\u2019ottica, <strong>Francesco Pasi<\/strong> <strong>propone un nuovo letto dalle linee contemporanee, destinato a diventare un pezzo iconico della Collezione Ellipse<\/strong>.<\/p>\n<p>Disponibile in molteplici tessuti, osservando i trend della moda mix&amp;match, <strong>il letto Ellipse \u00e8 interprete di un lusso sobrio<\/strong>, grazie ai tratti geometrici e ai colori tenui. Di particolare effetto sono le versioni in velluto, in pelle e Nabuck. <strong>Francesco Pasi veste la camera da letto di sartorialit\u00e0<\/strong>: le cuciture, infatti, sono realizzate interamente a mano per dare un nuovo look sofisticato alla stanza pi\u00f9 confortevole della casa. Come tutti gli arredi della Collezione Ellipse, anche questo letto presenta gli <strong>inserti in metallo<\/strong>, in perfetto contrasto con la morbida testata imbottita.<\/p>\n<p>Il letto \u00e8 il vero protagonista della zona notte e deve essere il giusto connubio tra design e funzionalit\u00e0. Su richiesta, il letto Ellipse pu\u00f2 essere realizzato con <strong>vano contenitore, rete ortopedica a doghe in legno di faggio e meccanismo sollevabile<\/strong>.<\/p>\n<p><em>\u201cI nostri letti, ma in generale tutte le nostre proposte, vogliono creare un\u2019esperienza abitativa su misura, personale, in grado di rendere la propria casa un rifugio unico e privato\u201d<\/em> ha affermato <strong>Francesco Pasi, titolare dell\u2019azienda<\/strong>. <em>\u201cEssere portavoce nel mondo della potenza del Made in Italy \u00e8 sinonimo di responsabilit\u00e0, ma anche un onore. Portare l\u2019esperienza e l\u2019abilit\u00e0 italiane sul mercato internazionale ci permette di mostrare tutto il nostro saper fare, ma anche le innovazioni materiche e di stile\u201d<\/em>.<\/p>\n<p><strong>Francesco Pasi S.r.l.<\/strong><br \/>\nVia Farfusola, 10<br \/>\nBonavicina (VR)<br \/>\npasi@francescopasi.it<br \/>\nT. 045 7103432<br \/>\nwww.francescopasi.it<\/p>\n<p><strong>Press office Terzomillennium<\/strong><br \/>\nbarbara@terzomillennium.net<br \/>\ninfo@terzomillennium.net<br \/>\nT. 045 6050601<br \/>\nwww.terzomillennium.net<\/p>\n","protected":false},"excerpt":{"rendered":"<p>Verona, Ottobre 2018 &#8211; \u00c8 importante rinnovare la camera da letto e disegnarla per soddisfare ogni singola esigenza, in modo che sappia rispondere al gusto di chi la vive tutti i giorni. Seguendo quest\u2019ottica, Francesco Pasi propone un nuovo letto dalle linee contemporanee, destinato a diventare un pezzo iconico della Collezione Ellipse. Disponibile in molteplici [&hellip;]<\/p>\n","protected":false},"author":5004,"featured_media":0,"comment_status":"open","ping_status":"open","sticky":false,"template":"","format":"standard","meta":{"footnotes":""},"categories":[5],"tags":[19572,19570,21588,21590,21589],"class_list":["post-36022","post","type-post","status-publish","format-standard","hentry","category-aziendali","tag-collezione-ellipse","tag-francesco-pasi","tag-letto-ellipse","tag-nuovo-letto","tag-zona-notte"],"_links":{"self":[{"href":"https:\/\/www.area-press.eu\/comunicatistampa\/wp-json\/wp\/v2\/posts\/36022","targetHints":{"allow":["GET"]}}],"collection":[{"href":"https:\/\/www.area-press.eu\/comunicatistampa\/wp-json\/wp\/v2\/posts"}],"about":[{"href":"https:\/\/www.area-press.eu\/comunicatistampa\/wp-json\/wp\/v2\/types\/post"}],"author":[{"embeddable":true,"href":"https:\/\/www.area-press.eu\/comunicatistampa\/wp-json\/wp\/v2\/users\/5004"}],"replies":[{"embeddable":true,"href":"https:\/\/www.area-press.eu\/comunicatistampa\/wp-json\/wp\/v2\/comments?post=36022"}],"version-history":[{"count":1,"href":"https:\/\/www.area-press.eu\/comunicatistampa\/wp-json\/wp\/v2\/posts\/36022\/revisions"}],"predecessor-version":[{"id":36023,"href":"https:\/\/www.area-press.eu\/comunicatistampa\/wp-json\/wp\/v2\/posts\/36022\/revisions\/36023"}],"wp:attachment":[{"href":"https:\/\/www.area-press.eu\/comunicatistampa\/wp-json\/wp\/v2\/media?parent=36022"}],"wp:term":[{"taxonomy":"category","embeddable":true,"href":"https:\/\/www.area-press.eu\/comunicatistampa\/wp-json\/wp\/v2\/categories?post=36022"},{"taxonomy":"post_tag","embeddable":true,"href":"https:\/\/www.area-press.eu\/comunicatistampa\/wp-json\/wp\/v2\/tags?post=36022"}],"curies":[{"name":"wp","href":"https:\/\/api.w.org\/{rel}","templated":true}]}}