{"id":35989,"date":"2018-10-31T02:32:50","date_gmt":"2018-10-31T01:32:50","guid":{"rendered":"http:\/\/www.area-press.eu\/comunicatistampa\/?p=35989"},"modified":"2018-10-31T02:32:50","modified_gmt":"2018-10-31T01:32:50","slug":"dario-margeli-fluido","status":"publish","type":"post","link":"https:\/\/www.area-press.eu\/comunicatistampa\/2018\/10\/31\/dario-margeli-fluido\/","title":{"rendered":"Dario Margeli \u201cFluido&#8221;"},"content":{"rendered":"<p style=\"text-align: center\"><strong><i>il cantautore pubblica la sua\u00a0 nuova canzone<\/i><\/strong><\/p>\n<p><b>Fluido<\/b> \u00e8 un brano pop-rock con un tono allegro e spensierato, ma con un testo edificante e motivazionale. Incoraggia l\u2019ascoltatore a non avere un atteggiamento troppo rigido nei confronti nel mondo esterno. Pi\u00f9 siamo flessibili verso le circostanze della vita, meglio possiamo reagire alle situazioni che dobbiamo affrontare.<\/p>\n<p>La canzone ha un ritmo sostenuto. Le chitarre sono in stile new wave dei primi anni \u201980, con una atmosfera mistica. Il ritornello \u00e8 molto orecchiabile e fa venir voglia di essere cantato appena lo si ascolta.<\/p>\n<p>Dario \u00e8 stato costantemente presente nella scena musicale italiana sin dal 2011 quando ha pubblicato la sua prima canzone Quell\u2019Allegro Calore. Nelle sue registrazioni ha sempre lavorato con i migliori chitarristi professionisti provenienti dagli Stati Uniti e dall\u2019Inghilterra. I suoi testi parlano di miglioramento personale e hanno attratto su Facebook un buon seguito, soprattutto composto dalle persone che hanno trovato i suo messaggi molto utili e di ispirazione. Con il tempo ha dimostrato di essere un buon cantautore, in grado di trovare uno stile unico e inconfondibile.\u00a0Ha avuto un breve successo in Italia dove il suo brano \u00e8 stato usato in una campagna pubblicitaria della Sisley (Benetton) e di cui si \u00e8 scritto sul sito Vice magazine, oltre ad essere passato in Radio sui canali pi\u00f9 importanti, tra cui quelli della RAI.<\/p>\n<p>Pagina Facebook:<br \/>\n<a href=\"http:\/\/www.facebook.com\/margelimusic\">http:\/\/www.facebook.com\/margelimusic<\/a><br \/>\nCanale YouTube<br \/>\n<a href=\"http:\/\/www.youtube.com\/user\/dariomargeli\">http:\/\/www.youtube.com\/user\/dariomargeli<\/a><\/p>\n<p><b><i>Press, radio, Tv Agency<br \/>\nDCOD Communication By GB Play<br \/>\n<\/i><\/b><a href=\"mailto:promoradio@dcodcommunication.it\">promoradio@dcodcommunication.it<\/a><br \/>\npromostampa@dcodcommunication.it<\/p>\n","protected":false},"excerpt":{"rendered":"<p>il cantautore pubblica la sua\u00a0 nuova canzone Fluido \u00e8 un brano pop-rock con un tono allegro e spensierato, ma con un testo edificante e motivazionale. Incoraggia l\u2019ascoltatore a non avere un atteggiamento troppo rigido nei confronti nel mondo esterno. Pi\u00f9 siamo flessibili verso le circostanze della vita, meglio possiamo reagire alle situazioni che dobbiamo affrontare. [&hellip;]<\/p>\n","protected":false},"author":331,"featured_media":0,"comment_status":"open","ping_status":"open","sticky":false,"template":"","format":"standard","meta":{"footnotes":""},"categories":[12],"tags":[21584,21583,723,2365],"class_list":["post-35989","post","type-post","status-publish","format-standard","hentry","category-musica","tag-fluido","tag-margeli","tag-news","tag-singolo"],"_links":{"self":[{"href":"https:\/\/www.area-press.eu\/comunicatistampa\/wp-json\/wp\/v2\/posts\/35989","targetHints":{"allow":["GET"]}}],"collection":[{"href":"https:\/\/www.area-press.eu\/comunicatistampa\/wp-json\/wp\/v2\/posts"}],"about":[{"href":"https:\/\/www.area-press.eu\/comunicatistampa\/wp-json\/wp\/v2\/types\/post"}],"author":[{"embeddable":true,"href":"https:\/\/www.area-press.eu\/comunicatistampa\/wp-json\/wp\/v2\/users\/331"}],"replies":[{"embeddable":true,"href":"https:\/\/www.area-press.eu\/comunicatistampa\/wp-json\/wp\/v2\/comments?post=35989"}],"version-history":[{"count":1,"href":"https:\/\/www.area-press.eu\/comunicatistampa\/wp-json\/wp\/v2\/posts\/35989\/revisions"}],"predecessor-version":[{"id":35990,"href":"https:\/\/www.area-press.eu\/comunicatistampa\/wp-json\/wp\/v2\/posts\/35989\/revisions\/35990"}],"wp:attachment":[{"href":"https:\/\/www.area-press.eu\/comunicatistampa\/wp-json\/wp\/v2\/media?parent=35989"}],"wp:term":[{"taxonomy":"category","embeddable":true,"href":"https:\/\/www.area-press.eu\/comunicatistampa\/wp-json\/wp\/v2\/categories?post=35989"},{"taxonomy":"post_tag","embeddable":true,"href":"https:\/\/www.area-press.eu\/comunicatistampa\/wp-json\/wp\/v2\/tags?post=35989"}],"curies":[{"name":"wp","href":"https:\/\/api.w.org\/{rel}","templated":true}]}}