{"id":35980,"date":"2018-10-31T02:32:50","date_gmt":"2018-10-31T01:32:50","guid":{"rendered":"http:\/\/www.area-press.eu\/comunicatistampa\/?p=35980"},"modified":"2018-10-31T02:32:50","modified_gmt":"2018-10-31T01:32:50","slug":"mad-critics-award","status":"publish","type":"post","link":"https:\/\/www.area-press.eu\/comunicatistampa\/2018\/10\/31\/mad-critics-award\/","title":{"rendered":"MAD CRITICS AWARD"},"content":{"rendered":"<div class=\"page\" title=\"Page 1\">\n<div class=\"layoutArea\">\n<div class=\"column\">\n<p>COMUNICATO STAMPA<\/p>\n<\/div>\n<\/div>\n<div class=\"layoutArea\">\n<div class=\"column\">\n<p>MAD CRITICS AWARD<\/p>\n<p>Il primo premio internazionale di M.A.D GALLERY MILANO rivolto alla critica<\/p>\n<p>18 Gennaio \u2013 08 Febbraio 2019<\/p>\n<p>Vernissage<\/p>\n<p>Venerd\u00ec 18 Gennaio 2019 3.00 pm \u2013 6.00 pm<\/p>\n<p>18, Corso San Gottardo \u2013 Milan (Italy)Ingresso su lista: RSVP madgallerymilano@gmail.com<\/p>\n<p>M.A.D CRITICS AWARD \u00e8 il primo evento del 2019 nonch\u00e8 il primo premio a carattere internazionale indetto da M.A.D. GALLERY MILANO rivolto alla Critica: \u201cl\u2019olio fisiologico che unge il meccanismo dell\u2019arte\u201d.<br \/>\nNella cultura contemporanea l\u2019Arte \u00e8 oggetto di studio da parte di una disciplina autonoma e specialistica, ossia la Critica d\u2019arte, che ha come fine l\u2019interpretazione e la valutazione delle opere artistiche, da sempre considerate come componenti di un patrimonio culturale che esige particolare attenzione da parte della societ\u00e0 e dei suoi organi rappresentativi, interessati a conservarle e a tramandarle. Il grado di specializzazione e il peso culturale progressivamente ricoperto dalla critica \u00e8 indice di quanto questa non sia un fatto secondario o ausiliario rispetto all\u2019arte ma sia essenziale per la carriera di un artista, adempiendo essa a una funzione mediatrice, tra gli artisti e il pubblico, cio\u00e8 tra i produttori e i fruitori dei valori artistici. Il suo compito \u00e8 di dimostrare che ci\u00f2 che viene prodotto come Arte \u00e8 veramente Arte e che, essendo tale, si salda organicamente ad altre attivit\u00e0, non artistiche e perfino non estetiche, inserendosi cos\u00ec nel sistema generale della Cultura. Un legante quindi che invischia il mondo dell\u2019arte e lo condiziona, dimostrando l\u2019unicit\u00e0 delle opere: accurata, esatta, interpretativa ma non tanto da esaurire il limite d\u2019immaginazione dello spettatore, specialmente se si tratta di arte contemporanea. Il compito della critica d\u2019arte non si limita tuttavia ad un mero valore esplicativo e divulgativo: valutando le opere del presente, essa si preoccupa del futuro orientamento dell\u2019arte rendendo dipendente da s\u00e9 tutto il mercato che satellita intorno alla stessa. La critica incarna altres\u00ec la brama di possedere l\u2019opera, la assorbe interamente e la rielabora portandola ad essere un desiderio universalmente riconosciuto. Grazie alla critica il fruitore entra nell\u2019inconoscibile dell\u2019opera divenendone partecipe al punto da non poterne fare a meno.<\/p>\n<p>M.A.D. GALLERY vuole premiare i suoi artisti con il riconoscimento pi\u00f9 importante, conferendo il premio a tutti i partecipanti e accompagnando l\u2019esposizione delle opere alla presentazione e rispettiva critica artistica delle stesse da parte del team curatoriale.<\/p>\n<p>Coordination and Direction by Alessandra Magni &amp; Carlo Greco<br \/>\nCritical presentation by Art Curators Team<br \/>\nOpening Hours: Mon-Tue-Wed-Thu from 11 am to 4 pm For meeting out of schedule please contact: +39 3482854357<\/p>\n<\/div>\n<\/div>\n<\/div>\n","protected":false},"excerpt":{"rendered":"<p>COMUNICATO STAMPA MAD CRITICS AWARD Il primo premio internazionale di M.A.D GALLERY MILANO rivolto alla critica 18 Gennaio \u2013 08 Febbraio 2019 Vernissage Venerd\u00ec 18 Gennaio 2019 3.00 pm \u2013 6.00 pm 18, Corso San Gottardo \u2013 Milan (Italy)Ingresso su lista: RSVP madgallerymilano@gmail.com M.A.D CRITICS AWARD \u00e8 il primo evento del 2019 nonch\u00e8 il primo [&hellip;]<\/p>\n","protected":false},"author":5428,"featured_media":0,"comment_status":"open","ping_status":"open","sticky":false,"template":"","format":"standard","meta":{"footnotes":""},"categories":[29],"tags":[],"class_list":["post-35980","post","type-post","status-publish","format-standard","hentry","category-comunicati"],"_links":{"self":[{"href":"https:\/\/www.area-press.eu\/comunicatistampa\/wp-json\/wp\/v2\/posts\/35980","targetHints":{"allow":["GET"]}}],"collection":[{"href":"https:\/\/www.area-press.eu\/comunicatistampa\/wp-json\/wp\/v2\/posts"}],"about":[{"href":"https:\/\/www.area-press.eu\/comunicatistampa\/wp-json\/wp\/v2\/types\/post"}],"author":[{"embeddable":true,"href":"https:\/\/www.area-press.eu\/comunicatistampa\/wp-json\/wp\/v2\/users\/5428"}],"replies":[{"embeddable":true,"href":"https:\/\/www.area-press.eu\/comunicatistampa\/wp-json\/wp\/v2\/comments?post=35980"}],"version-history":[{"count":1,"href":"https:\/\/www.area-press.eu\/comunicatistampa\/wp-json\/wp\/v2\/posts\/35980\/revisions"}],"predecessor-version":[{"id":35981,"href":"https:\/\/www.area-press.eu\/comunicatistampa\/wp-json\/wp\/v2\/posts\/35980\/revisions\/35981"}],"wp:attachment":[{"href":"https:\/\/www.area-press.eu\/comunicatistampa\/wp-json\/wp\/v2\/media?parent=35980"}],"wp:term":[{"taxonomy":"category","embeddable":true,"href":"https:\/\/www.area-press.eu\/comunicatistampa\/wp-json\/wp\/v2\/categories?post=35980"},{"taxonomy":"post_tag","embeddable":true,"href":"https:\/\/www.area-press.eu\/comunicatistampa\/wp-json\/wp\/v2\/tags?post=35980"}],"curies":[{"name":"wp","href":"https:\/\/api.w.org\/{rel}","templated":true}]}}