{"id":34748,"date":"2018-10-24T18:59:03","date_gmt":"2018-10-24T16:59:03","guid":{"rendered":"http:\/\/www.area-press.eu\/comunicatistampa\/?p=34748"},"modified":"2018-10-24T18:59:03","modified_gmt":"2018-10-24T16:59:03","slug":"vincenzo-paradiso-ritratto-formativo-e-professionale-del-manager","status":"publish","type":"post","link":"https:\/\/www.area-press.eu\/comunicatistampa\/2018\/10\/24\/vincenzo-paradiso-ritratto-formativo-e-professionale-del-manager\/","title":{"rendered":"Vincenzo Paradiso: ritratto formativo e professionale del manager"},"content":{"rendered":"<p><em><strong>La carriera trentennale di <a href=\"http:\/\/www.economiaoggi.it\/Vincenzo-Paradiso\/\" title=\"Vincenzo Paradiso, economia oggi\">Vincenzo Paradiso<\/a>: il manager ha preso parte a importanti corsi di formazione e Master internazionali, anche nell&#8217;ottica di aggiornare costantemente le proprie competenze nei numerosi ambiti professionali in cui ha operato. <\/strong><\/em><\/p>\n<p><a href=\"http:\/\/www.economiaoggi.it\/Vincenzo-Paradiso\/\" title=\"Vincenzo Paradiso, profilo economia oggi\"><img loading=\"lazy\" decoding=\"async\" alt=\"Vincenzo Paradiso\" height=\"116\" src=\"http:\/\/www.economiaoggi.it\/images\/stories\/vincenzo%20paradiso.jpg\" width=\"176\" \/><\/a><\/p>\n<h2>Vincenzo Paradiso: il profilo e i traguardi professionali raggiunti dal manager <\/h2>\n<p>\u00c8 nel 1988, con il conseguimento della Laurea in Filosofia presso l&#8217;Universit\u00e0 degli Studi di Palermo, che la carriera di <strong>Vincenzo Paradiso<\/strong> prende il via. Entra nel CERISDI e qui negli anni &#8217;90 cresce professionalmente fino a ottenere il ruolo di Direttore Generale. Successivamente perfeziona ulteriormente le competenze maturate in ambito manageriale lavorando in Olon Srl (Gruppo Olivetti) e Finmar SpA (Gruppo Selex) dove \u00e8 responsabile della progettazione e della gestione delle attivit\u00e0 formative aziendali. In contemporanea <strong>Vincenzo Paradiso<\/strong> esercita anche come docente di Cultura d&#8217;Impresa all&#8217;interno della Facolt\u00e0 di Agraria dell&#8217;Universit\u00e0 degli studi di Catania. Tra il 1999 e il 2002 opera in qualit\u00e0 di Responsabile Commerciale Pubblica Amministrazione Regione Sicilia per SchlumbergerSema. Dal 2002 al 2010 dirige Sviluppo Italia Sicilia S.p.A. ricoprendo le cariche di Amministratore Delegato e Direttore Generale. Nel 2014 la sua carriera incrocia quella di IVRI (Istituti di Vigilanza Riuniti di Italia) dove ottiene il ruolo di Direttore Generale. Presidente del Consiglio d&#8217;Amministrazione di Re.crew S.r.l. dal 2015, \u00e8 inoltre uno dei membri dell&#8217;Executive Club di Business International e Componente del C.d.A. di MondialBrokers Insurance Services. Nel 2016 \u00e8 stato insignito del titolo di Ambasciatore del Principato di Monaco per il turismo d&#8217;affari.<\/p>\n<h2>Vincenzo Paradiso: l&#8217;importanza di un percorso formativo costante <\/h2>\n<p>Nel corso della sua carriera, <strong><a href=\"http:\/\/www.economiaoggi.it\/Vincenzo-Paradiso\/\" title=\"Vincenzo Paradiso, economia oggi\">Vincenzo Paradiso<\/a><\/strong> non ha mai sottovalutato l&#8217;importanza di aggiornamenti costanti e approfonditi per la propria professione. In questa ottica ha preso parte a diversi corsi di specializzazione e Master, anche di rilievo internazionale. Tra questi ultimi, nel 1988, quello di Elea\/Olivetti, in collaborazione con MeSvil, denominato &quot;Specialisti nel settore delle nuove tecnologie&quot;. Frequenta inoltre il Corso in Management Generale, organizzato da Berkeley University of California e da Prosvi Formez di Taormina (1988-1990) e si specializza sui Sistemi Informatici con il Master dell&#8217;Universit\u00e0 Bocconi di Milano (1992), e in Tecniche Dirigenziali nelle PA, organizzato nel 1997 presso il CERISDI di Palermo. Tra il 2004 e il 2006 <strong>Vincenzo Paradiso<\/strong> prende parte ai Master in Diritto e Gestione della Documentazione Amministrativa, della Scuola Superiore di Amministrazione Pubblica e degli Enti Locali del CEIDA a Roma e a quello promosso da Ambrosetti The European House di Palermo, intitolato &quot;Ambrosetti Sviluppo&quot;.<\/p>\n","protected":false},"excerpt":{"rendered":"<p>La carriera trentennale di Vincenzo Paradiso: il manager ha preso parte a importanti corsi di formazione e Master internazionali, anche nell&#8217;ottica di aggiornare costantemente le proprie competenze nei numerosi ambiti professionali in cui ha operato. Vincenzo Paradiso: il profilo e i traguardi professionali raggiunti dal manager \u00c8 nel 1988, con il conseguimento della Laurea in [&hellip;]<\/p>\n","protected":false},"author":40,"featured_media":0,"comment_status":"open","ping_status":"open","sticky":false,"template":"","format":"standard","meta":{"footnotes":""},"categories":[29],"tags":[13029],"class_list":["post-34748","post","type-post","status-publish","format-standard","hentry","category-comunicati","tag-vincenzo-paradiso"],"_links":{"self":[{"href":"https:\/\/www.area-press.eu\/comunicatistampa\/wp-json\/wp\/v2\/posts\/34748","targetHints":{"allow":["GET"]}}],"collection":[{"href":"https:\/\/www.area-press.eu\/comunicatistampa\/wp-json\/wp\/v2\/posts"}],"about":[{"href":"https:\/\/www.area-press.eu\/comunicatistampa\/wp-json\/wp\/v2\/types\/post"}],"author":[{"embeddable":true,"href":"https:\/\/www.area-press.eu\/comunicatistampa\/wp-json\/wp\/v2\/users\/40"}],"replies":[{"embeddable":true,"href":"https:\/\/www.area-press.eu\/comunicatistampa\/wp-json\/wp\/v2\/comments?post=34748"}],"version-history":[{"count":1,"href":"https:\/\/www.area-press.eu\/comunicatistampa\/wp-json\/wp\/v2\/posts\/34748\/revisions"}],"predecessor-version":[{"id":34757,"href":"https:\/\/www.area-press.eu\/comunicatistampa\/wp-json\/wp\/v2\/posts\/34748\/revisions\/34757"}],"wp:attachment":[{"href":"https:\/\/www.area-press.eu\/comunicatistampa\/wp-json\/wp\/v2\/media?parent=34748"}],"wp:term":[{"taxonomy":"category","embeddable":true,"href":"https:\/\/www.area-press.eu\/comunicatistampa\/wp-json\/wp\/v2\/categories?post=34748"},{"taxonomy":"post_tag","embeddable":true,"href":"https:\/\/www.area-press.eu\/comunicatistampa\/wp-json\/wp\/v2\/tags?post=34748"}],"curies":[{"name":"wp","href":"https:\/\/api.w.org\/{rel}","templated":true}]}}