{"id":34655,"date":"2018-10-21T17:01:24","date_gmt":"2018-10-21T15:01:24","guid":{"rendered":"http:\/\/www.area-press.eu\/comunicatistampa\/?p=34655"},"modified":"2020-08-09T23:49:31","modified_gmt":"2020-08-09T21:49:31","slug":"horus-black-lonely-melody-arriva-in-radio-il-nuovo-evocativo-brano-del-giovanissimo-cantautore-genovese","status":"publish","type":"post","link":"https:\/\/www.area-press.eu\/comunicatistampa\/2018\/10\/21\/horus-black-lonely-melody-arriva-in-radio-il-nuovo-evocativo-brano-del-giovanissimo-cantautore-genovese\/","title":{"rendered":"HORUS BLACK \u201cLONELY MELODY\u201d arriva in radio il nuovo evocativo brano del giovanissimo cantautore genovese"},"content":{"rendered":"<p style=\"text-align: center\"><a href=\"https:\/\/www.articlemarket.it\/wp-content\/uploads\/2018\/10\/horus_black_lonely_melody_cover.jpg___th_320_0.jpg\"><img loading=\"lazy\" decoding=\"async\" class=\"alignnone size-medium wp-image-60665\" src=\"https:\/\/www.articlemarket.it\/wp-content\/uploads\/2018\/10\/horus_black_lonely_melody_cover.jpg___th_320_0-300x300.jpg\" alt=\"\" width=\"300\" height=\"300\" \/><\/a><\/p>\n<p><i><span style=\"font-weight: 400\">Sapori vintage e atmosfere d\u2019altri tempi si incontrano per dar luce al nuovo intenso e romantico singolo estratto dall\u2019album \u201cSimply\u201d.<\/span><\/i><\/p>\n<p>&nbsp;<\/p>\n<p><b>Lonely melody<\/b><span style=\"font-weight: 400\"> \u00e8 un brano dalla melodia struggente e malinconica. Nella solitudine di un amore non corrisposto tutto ci\u00f2 che il protagonista pu\u00f2 fare \u00e8 cantare e gridare la propria disperazione. Il brano si apre con un semplice ed efficace riff di chitarra che ci porta per mano in una calda e profonda atmosfera sentimentale.<\/span><\/p>\n<p>&nbsp;<\/p>\n<p><b>Lonely melody<\/b><span style=\"font-weight: 400\"> fa parte di <\/span><b>Simply<\/b><span style=\"font-weight: 400\">, l\u2019album d\u2019esordio di Horus Black.<\/span><\/p>\n<p><span style=\"font-weight: 400\">L&#8217;idea di incidere un album \u00e8 sorta dopo qualche anno di scrittura. Nel corso di questo lasso di tempo varie influenze hanno contaminato l\u2019artista portando alle realizzazione di un disco i cui brani, seppur diversi fra loro, mantengono comunque con coerenza elementi che caratterizzano il concept complessivo. Le influenze principali derivano fuor d&#8217;ogni dubbio da un ventennio che parte dalla\u00a0<\/span><b>seconda met\u00e0 degli anni &#8217;50 fino alla prima met\u00e0 dei &#8217;70<\/b><span style=\"font-weight: 400\">, in particolare cantanti e band come Elvis Presley, Jerry Lee Lewis, Tom Jones,\u00a0i Rolling Stones, I Turtles, i Memphis Hornes, i Doors, i Led Zeppelin, i Queen\u00a0(soprattutto del primo periodo).<\/span><\/p>\n<p>&nbsp;<\/p>\n<p><i><span style=\"font-weight: 400\">\u00abNe consegue che non sia un amante di sintetizzatori o suoni finti in quantit\u00e0 imbarazzanti, anche se nel caso siano usati in maniera giusta possono sicuramente aggiungere molto. Di sicuro sono amante di arrangiamenti carichi e completi di archi ed ottoni. Sempre a causa di queste varie influenze all&#8217;interno dell&#8217;album, che si pu\u00f2 definire <\/span><\/i><b><i>pop rock<\/i><\/b><i><span style=\"font-weight: 400\">,\u00a0sono apprezzabili vari stili: <\/span><\/i><b><i>rock&#8217;n&#8217;roll, ballate, funk, rock psichedelico<\/i><\/b><i><span style=\"font-weight: 400\">, il tutto toccato a sprazzi da influenze classiche, (come i cori a canone in &#8220;We can&#8217;t go on this way&#8221;), dovute al fatto di essere figlio di due violinisti classici e nipote di un trombettista anch&#8217;esso classico. Di matrice classica \u00e8 pure l&#8217;impostazione nel canto, plasmato poi\u00a0sullo stile delle canzoni\u00bb. <\/span><\/i><b>Horus Black<\/b><\/p>\n<p>&nbsp;<\/p>\n<p><b>DICONO DI LUI<\/b><\/p>\n<p>&nbsp;<\/p>\n<p><i><span style=\"font-weight: 400\">\u201cQuello di Horus Black \u00e8 uno dei dischi di esordio pi\u00f9 interessanti di quest&#8217;anno, che mette in mostra un interprete dalla voce assolutamente atipica sfruttata al meglio dai suoi autori che hanno saputo costruire un tessuto musicale nato dall&#8217;unione di tradizione e modernit\u00e0\u201d. <\/span><\/i><b>125esima Strada<\/b><\/p>\n<p>&nbsp;<\/p>\n<p><i><span style=\"font-weight: 400\">\u201cEchi di un\u2019epoca musicale lontana, tanto nel tempo quanto nello spazio, disseminati nelle dieci tracce che compongono un disco sorprendente nel suo essere cos\u00ec fuori dagli schemi e da ogni logica commerciale moderna\u201d. <\/span><\/i><b><i>Bluenotemusic.it<\/i><\/b><\/p>\n<p>&nbsp;<\/p>\n<p><i><span style=\"font-weight: 400\">\u201cCon molta personalit\u00e0 il nostro\u00a0<\/span><\/i><b><i>Horus Black<\/i><\/b><i><span style=\"font-weight: 400\">\u00a0e la Sonic Factory hanno dato vita a un disco che tinge di personalit\u00e0 lo scenario che ha segnato l\u2019infanzia delle prime emozioni di\u00a0Riccardo Sechi\u201d. <\/span><\/i><b><i>Musicletter.it<\/i><\/b><\/p>\n<p>&nbsp;<\/p>\n<p><i><span style=\"font-weight: 400\">\u201cUn disco fuori dal tempo che per\u00f2 prende la rincorsa e in questa modernit\u00e0 ci si ficca a pieno titolo, con mestiere, gusto e due pizzichi di follia\u201d. <\/span><\/i><b>Loudvision<\/b><\/p>\n<p>&nbsp;<\/p>\n<p><i><span style=\"font-weight: 400\">\u201cUn esordio assai particolare. Un disco che suona come il grande Rock\u2019nRoll anni \u201950, come le orchestrazioni americane degli anni \u201960, come i film noir e i polizieschi anni \u201970 e poi con quelle tiepide tracce sotto pelle di bel canto italiano nelle melodie lunghe e magistrali\u201d. <\/span><\/i><b>Blogmusic.it<\/b><i><span style=\"font-weight: 400\">\u00a0<\/span><\/i><\/p>\n<p>&nbsp;<\/p>\n<p><b>RADIO DATE: 21 SETTEMBRE 2018<\/b><\/p>\n<p><b>ETICHETTA: SONIC FACTORY<\/b><\/p>\n<p><b>Pubblicazione album: 11 maggio 2018<\/b><\/p>\n<p>&nbsp;<\/p>\n<p><b>BIO<\/b><\/p>\n<p>&nbsp;<\/p>\n<p><span style=\"font-weight: 400\">Riccardo Sechi nasce a <\/span><b>Genova<\/b><span style=\"font-weight: 400\"> l&#8217;8 maggio<\/span><b> 1999<\/b><span style=\"font-weight: 400\"> in una famiglia di musicisti: madre e padre violinisti e nonno trombettista, tutti e tre professionisti ed esercitanti la professione al teatro Carlo Felice di Genova. Fin da piccolo vive in mezzo alla musica e si avvicina piccolissimo al violino, strumento che abbandoner\u00e0 per poi riprendere in seguito in alcuni periodi tra elementari e medie, ma senza avere mai intenti troppo seri. Sta di fatto che la sua prima esibizione dal vivo la fece proprio suonando il violino. Negli anni delle medie ascolta, influenzato da un compagno di classe, molta musica di Fabrizio De Andr\u00e8, ma l&#8217;incontro musicale determinate avverr\u00e0 pi\u00f9 tardi, tra la terza media e la prima superiore, quando a bordo della macchina di famiglia arriva un cd contenenti i maggiori successi di Elvis Presley. Da quel momento la passione per il genere aumenta sempre di pi\u00f9 fino alla scoperta dei pi\u00f9 grandi della musica, soprattutto nel genere del rock. Ovviamente ascoltare non basta, si deve anche suonare! Da autodidatta impara a suonare chitarra, pianoforte ed ukulele, dall&#8217;et\u00e0 di 15 anni si dedica allo studio del canto con impostazione classica ed inoltre, a partire dallo stesso periodo, inizia anche a comporre, affiancato specialmente dal padre, coautore di tutti i suoi brani. Dal 2015 inizia ad esibirsi dal vivo, riunendo intorno a se una band a partire dall&#8217;anno 2017. Il nome d&#8217;arte Horus deriva da un episodio singolare: suo nonno materno infatti, appassionato di antico Egitto, offr\u00ec un ingente somma in denaro affinch\u00e9 il pargolo venisse chiamato Horus anzi che Riccardo. Evidentemente le cose non sono andate cos\u00ec, ma in un modo o nell&#8217;altro Horus sarebbe stato presente! E&#8217; proprio con questo nome, Horus Black, che nel 2018 viene pubblicato il suo primo album.<\/span><\/p>\n<p>&nbsp;<\/p>\n<p><b>Contatti e social<\/b><\/p>\n<p>&nbsp;<\/p>\n<p><b>Facebook <\/b><a href=\"http:\/\/www.facebook.com\/Horus-308536582995583\/\"><b>www.facebook.com\/Horus-308536582995583\/<\/b><\/a><\/p>\n<p><b>Instagram <\/b><a href=\"http:\/\/www.instagram.com\/horus_black\"><b>www.instagram.com\/horus_black<\/b><\/a><\/p>\n<p><b>Sito Etichetta: <\/b><b>www.sonicfactory.it<\/b><\/p>\n","protected":false},"excerpt":{"rendered":"<p>Sapori vintage e atmosfere d\u2019altri tempi si incontrano per dar luce al nuovo intenso e romantico singolo estratto dall\u2019album \u201cSimply\u201d. &nbsp; Lonely melody \u00e8 un brano dalla melodia struggente e malinconica. Nella solitudine di un amore non corrisposto tutto ci\u00f2 che il protagonista pu\u00f2 fare \u00e8 cantare e gridare la propria disperazione. Il brano si [&hellip;]<\/p>\n","protected":false},"author":4383,"featured_media":0,"comment_status":"open","ping_status":"open","sticky":false,"template":"","format":"standard","meta":{"footnotes":""},"categories":[12],"tags":[],"class_list":["post-34655","post","type-post","status-publish","format-standard","hentry","category-musica"],"_links":{"self":[{"href":"https:\/\/www.area-press.eu\/comunicatistampa\/wp-json\/wp\/v2\/posts\/34655","targetHints":{"allow":["GET"]}}],"collection":[{"href":"https:\/\/www.area-press.eu\/comunicatistampa\/wp-json\/wp\/v2\/posts"}],"about":[{"href":"https:\/\/www.area-press.eu\/comunicatistampa\/wp-json\/wp\/v2\/types\/post"}],"author":[{"embeddable":true,"href":"https:\/\/www.area-press.eu\/comunicatistampa\/wp-json\/wp\/v2\/users\/4383"}],"replies":[{"embeddable":true,"href":"https:\/\/www.area-press.eu\/comunicatistampa\/wp-json\/wp\/v2\/comments?post=34655"}],"version-history":[{"count":1,"href":"https:\/\/www.area-press.eu\/comunicatistampa\/wp-json\/wp\/v2\/posts\/34655\/revisions"}],"predecessor-version":[{"id":34656,"href":"https:\/\/www.area-press.eu\/comunicatistampa\/wp-json\/wp\/v2\/posts\/34655\/revisions\/34656"}],"wp:attachment":[{"href":"https:\/\/www.area-press.eu\/comunicatistampa\/wp-json\/wp\/v2\/media?parent=34655"}],"wp:term":[{"taxonomy":"category","embeddable":true,"href":"https:\/\/www.area-press.eu\/comunicatistampa\/wp-json\/wp\/v2\/categories?post=34655"},{"taxonomy":"post_tag","embeddable":true,"href":"https:\/\/www.area-press.eu\/comunicatistampa\/wp-json\/wp\/v2\/tags?post=34655"}],"curies":[{"name":"wp","href":"https:\/\/api.w.org\/{rel}","templated":true}]}}