{"id":34591,"date":"2018-10-18T17:14:18","date_gmt":"2018-10-18T15:14:18","guid":{"rendered":"http:\/\/www.area-press.eu\/comunicatistampa\/?p=34591"},"modified":"2020-08-09T23:36:53","modified_gmt":"2020-08-09T21:36:53","slug":"fre-e-il-suo-singolo-da-grande","status":"publish","type":"post","link":"https:\/\/www.area-press.eu\/comunicatistampa\/2018\/10\/18\/fre-e-il-suo-singolo-da-grande\/","title":{"rendered":"Fre e il suo singolo Da grande"},"content":{"rendered":"<p style=\"text-align: center\"><strong><i>in promozione radiofonica il brano dell\u2019artista modenese\u00a0<\/i><\/strong><\/p>\n<p><iframe loading=\"lazy\" title=\"Fre - Da grande\" width=\"500\" height=\"281\" src=\"https:\/\/www.youtube.com\/embed\/tre1SU6xsP0?feature=oembed\" frameborder=\"0\" allow=\"accelerometer; autoplay; clipboard-write; encrypted-media; gyroscope; picture-in-picture; web-share\" referrerpolicy=\"strict-origin-when-cross-origin\" allowfullscreen><\/iframe><\/p>\n<p><b>Fre <\/b>(Francesca Salvati) \u00e8 nata il 19 Aprile 1978 a Modena. Fin da piccola era evidente la forte passione per il disegno e la musica. I genitori pasticceri, pur non avendo dimestichezza negli argomenti, assecondarono positivamente le sue attitudini mandandola a undici anni a lezioni private di pianoforte e a quattordici all\u2019Istituto d\u2019Arte della sua citt\u00e0.<\/p>\n<p>Le due strade artistiche proseguono parallele. Durante l\u2019adolescenza disegna, impara ad amare la musica sempre pi\u00f9 ed inizia a scrivere, pi\u00f9 che canzoni, pensieri in rima.<br \/>\nA 19 anni, immediatamente al diploma, Fre trova lavoro come grafica pubblicitaria che, condita con altre specializzazioni come illustratrice, video maker, character designer, ecc\u2026, rimane tutt\u2019ora la sua professione ufficiale.<br \/>\nSempre in quell\u2019anno, insieme a tre amici, fonda una band in cui decide di suonare il basso elettrico. La curiosit\u00e0 diventa subito amore e in poco tempo impara tecniche e dinamiche dello strumento.<\/p>\n<p>Dopo un paio d\u2019anni di covers rock soprattutto italiano, alcuni membri cambiano, il gruppo si trasforma e decide di scrivere pezzi inediti\u2026\u00a0 nascono i Tiratori Scelti.<br \/>\nPur non essendo la cantante (la voce \u00e8 maschile) e rimanendo sempre sul genere rock italiano, Fre scopre con piacere di cavarsela bene come autrice e di avere un sacco di cose da dire, quasi met\u00e0 del repertorio \u00e8 di sua produzione ma ogni arrangiamento \u00e8 comunque sempre frutto dell\u2019estro di ogni membro della band.<br \/>\nPer quattro anni cercano di far conoscere la propria musica tra esibizioni e concorsi, in cui spesso e volentieri ottengono primi posti e riconoscimenti. Si ritrovano alle selezioni di San Remo Giovani, San Remo Rock e Castrocaro, ma come purtroppo spesso accade, nel momento di maggior impegno qualcosa si rompe e il gruppo si scioglie.<\/p>\n<p>Fre passa una decina d\u2019anni in cui esce un po\u2019 dal giro, continuando comunque ad ascoltare, suonare e scrivere. Lo fa puramente per se stessa, perch\u00e9 ne ha bisogno, perch\u00e9 quando le accade qualcosa di forte e importante invece di raccontarlo o di scriverlo in un diario lo esprime col disegno e le canzoni. E qualcosa di importante le \u00e8 accaduto: \u00e8 diventata mamma di due maschietti e loro sono diventati una delle sue maggiori ispirazioni. Il modo di scrivere e gli argomenti cambiano, si evolvono e maturano con lei.<br \/>\nMa la musica le scoppia dentro e non riesce pi\u00f9 ad accontentarsi di scrivere, arrangiare e registrare in solitudine, quindi torna allo scoperto e si rimette in gioco. Prende lezioni di canto,\u00a0 si diletta interpretando brani Blues\/Soul internazionali, e intanto realizza due video casalinghi, li mette su internet e a ormai quarant\u2019anni torna in pista per far conoscere la nuova<b> Fre e la sua nuova musica.<\/b><\/p>\n<p><b><i>Press, radio, Tv Agency<br \/>\nDCOD Communication By GB Play<br \/>\n<\/i><\/b><a href=\"mailto:promoradio@dcodcommunication.it\">promoradio@dcodcommunication.it<\/a><br \/>\n<a href=\"mailto:promostampa@dcodcommunication.it\">promostampa@dcodcommunication.it<\/a><\/p>\n","protected":false},"excerpt":{"rendered":"<p>in promozione radiofonica il brano dell\u2019artista modenese\u00a0 Fre (Francesca Salvati) \u00e8 nata il 19 Aprile 1978 a Modena. Fin da piccola era evidente la forte passione per il disegno e la musica. I genitori pasticceri, pur non avendo dimestichezza negli argomenti, assecondarono positivamente le sue attitudini mandandola a undici anni a lezioni private di pianoforte [&hellip;]<\/p>\n","protected":false},"author":331,"featured_media":0,"comment_status":"open","ping_status":"open","sticky":false,"template":"","format":"standard","meta":{"footnotes":""},"categories":[12],"tags":[5227,21410,2365],"class_list":["post-34591","post","type-post","status-publish","format-standard","hentry","category-musica","tag-radio","tag-fre","tag-singolo"],"_links":{"self":[{"href":"https:\/\/www.area-press.eu\/comunicatistampa\/wp-json\/wp\/v2\/posts\/34591","targetHints":{"allow":["GET"]}}],"collection":[{"href":"https:\/\/www.area-press.eu\/comunicatistampa\/wp-json\/wp\/v2\/posts"}],"about":[{"href":"https:\/\/www.area-press.eu\/comunicatistampa\/wp-json\/wp\/v2\/types\/post"}],"author":[{"embeddable":true,"href":"https:\/\/www.area-press.eu\/comunicatistampa\/wp-json\/wp\/v2\/users\/331"}],"replies":[{"embeddable":true,"href":"https:\/\/www.area-press.eu\/comunicatistampa\/wp-json\/wp\/v2\/comments?post=34591"}],"version-history":[{"count":1,"href":"https:\/\/www.area-press.eu\/comunicatistampa\/wp-json\/wp\/v2\/posts\/34591\/revisions"}],"predecessor-version":[{"id":34593,"href":"https:\/\/www.area-press.eu\/comunicatistampa\/wp-json\/wp\/v2\/posts\/34591\/revisions\/34593"}],"wp:attachment":[{"href":"https:\/\/www.area-press.eu\/comunicatistampa\/wp-json\/wp\/v2\/media?parent=34591"}],"wp:term":[{"taxonomy":"category","embeddable":true,"href":"https:\/\/www.area-press.eu\/comunicatistampa\/wp-json\/wp\/v2\/categories?post=34591"},{"taxonomy":"post_tag","embeddable":true,"href":"https:\/\/www.area-press.eu\/comunicatistampa\/wp-json\/wp\/v2\/tags?post=34591"}],"curies":[{"name":"wp","href":"https:\/\/api.w.org\/{rel}","templated":true}]}}