{"id":34509,"date":"2018-10-16T02:30:15","date_gmt":"2018-10-16T00:30:15","guid":{"rendered":"http:\/\/www.area-press.eu\/comunicatistampa\/?p=34509"},"modified":"2020-08-09T23:36:53","modified_gmt":"2020-08-09T21:36:53","slug":"anche-quando-non-vuoi-il-nuovo-singolo-del-duo-lirico-de-maio-lupoli","status":"publish","type":"post","link":"https:\/\/www.area-press.eu\/comunicatistampa\/2018\/10\/16\/anche-quando-non-vuoi-il-nuovo-singolo-del-duo-lirico-de-maio-lupoli\/","title":{"rendered":"&#8220;Anche quando non vuoi&#8221; il nuovo singolo del duo lirico De Maio Lupoli"},"content":{"rendered":"<div class=\"mail-message-content collapsible zoom-normal mail-show-images \">\n<div class=\"clear\">\n<div dir=\"auto\">\n<div dir=\"auto\">22 ottobre 2018\u00a0(ore 17. 30) sar\u00e0 presentato al\u00a0PAN Palazzo delle Arti Napoli\u00a0il brano\u00a0\u201c<a href=\"https:\/\/youtu.be\/ofqFchynRfU\" target=\"_blank\" rel=\"noopener noreferrer\">Anche quando non vuoi<\/a>\u201c, nuovo singolo del duo lirico\u00a0Olga De Maio &amp; Luca Lupoli,\u00a0tenore e soprano, artisti del\u00a0Teatro San Carlo.<\/div>\n<ul>\n<li>Il brano, scritto da\u00a0Paolo Audino\u00a0per il testo con la musica e gli arrangiamenti di\u00a0Nando Misuraca\u00a0\u00e8 figlio della collaborazione dell\u2019etichetta discografica indipendente\u00a0Suono Libero Music\u00a0e dell\u2019\u00a0Associazione Culturale Noi Per Napoli,\u00a0diretta dagli stessi artisti.<img decoding=\"async\" class=\"alignright\" src=\"https:\/\/ci4.googleusercontent.com\/proxy\/_5NqxJnosSt99LxscLIeVx4uggpnpy1DLdiSt5DQgAeOyr-1rrXrtAH5YVRtWp1jsQ6dqg2_lMzRoYd4948a_aAH2hqkkX975TXgkk6_4uYUEd4MKvCf1J5VZXtV3kBnAC8umn7JN6N4tIJj0tRwvoH4L0mYCEfi=s0-d-e1-ft#https:\/\/noipernapoliblog.files.wordpress.com\/2018\/10\/fb_img_1539344216562240843900.jpg?w=212&amp;h=300\" \/><\/li>\n<\/ul>\n<div dir=\"auto\">Il brano composto da Audino-Misuraca \u00e8 un brano di\u00a0Pop-Opera\u00a0che parla dell\u2019amore universale per la musica ma anche pi\u00f9 generalmente per l\u2019arte e la bellezza<\/div>\n<div dir=\"auto\">Infatti Location del videoclip sono\u00a0Palazzo Caracciolo Napoli\u00a0ed alcuni scorci bucolici inediti della citt\u00e0 della\u00a0Sirena Partenope.<img decoding=\"async\" class=\"alignright\" src=\"https:\/\/ci3.googleusercontent.com\/proxy\/Ii1HJPRrvSgHw8It3FY970lRFE3lYuEktQnJcGIVdtlo0Q0RxMLYQAGd8wWYR6UZc9T37P2CBbcBjJdXN88zGQMVyOmHcS8pm7gLFlYwzsRMMvLnvFXVpsjA2XVEoUEz-6AZe6x8Jg_vzWED60MKFf529s1eFUY-xIMdDZG4vlM=s0-d-e1-ft#https:\/\/noipernapoliblog.files.wordpress.com\/2018\/10\/received_102164210463039412128411416.jpeg?w=225&amp;h=300\" \/><\/p>\n<\/div>\n<div dir=\"auto\">Il messaggio che gli artisti\u00a0De Maio e Lupoli\u00a0desiderano lanciare \u00e9 quello di spronare i giovani ad avvicinarsi alla musica, in particolare a quella classica, che non dev\u2019essere vista come una disciplina obsoleta, ma come la Madre di tutte le arti musicali, matrice della moderna musica leggera e con cui pu\u00f2, all\u2019occorrenza duettare, un\u2019arte che libera l\u2019anima e rende uomini migliori, ed insieme un Amore per l\u2019arte della musica e del bel canto e come esso possa qualificarsi come un fondamento educativo per tutti i giovani e meno per dare un significato e trasformare le esistenze di chi si sente smarrito, solo, vuoto e senza un senso.<img decoding=\"async\" class=\"alignleft\" src=\"https:\/\/ci4.googleusercontent.com\/proxy\/gE8lb7CJPqgu9O9DokI9vD8B7Lbdr5Zh62KwD2T5Wnwd7A5MIdNXzMhJnab04Ud71LYT5YgZDxWVWPgjpRmLflPiFOV1O2fxBjKQklF4pZwtwl3Pr18SyMnfcDU7EFcqqrzXfEjtnECKgDopNsNbJkRKnpulWol-Hus=s0-d-e1-ft#https:\/\/noipernapoliblog.files.wordpress.com\/2018\/10\/0_img-20181012-wa00151217543945.jpg?w=300&amp;h=240\" \/><\/p>\n<div dir=\"auto\"><a href=\"https:\/\/youtu.be\/ofqFchynRfU\" target=\"_blank\" rel=\"noopener noreferrer\">Anche quando non vuoi<\/a>\u00c8 un accorato appello che questi due artisti con la loro arte e con\u00a0l\u2019Associazione Culturale Noi per Napoli,di cui sono rappresentanti,\u00a0rivolgono alle generazioni future, come la citt\u00e0 di Napoli abbia nella sua cultura, nella sua arte, nelle sue risorse storico artistiche un inestimabile valore ed enormi potenzialit\u00e0, che meritano di essere coltivate,diffuse in tutto il mondo, invitando ad operare con coraggio,dignit\u00e0,passione, onest\u00e0 per costruire un avvenire migliore, un chiaro messaggio, dunque, a non scoraggiarsi ed a non abbandonare questa stupenda citt\u00e0 pur con tutte le difficolt\u00e0 ed i problemi che quotidianamente deve affrontare.<\/p>\n<\/div>\n<p>Il progetto \u00e8 stato realizzato con il patrocinio del\u00a0Consiglio Regionale della Campania\u00a0con la collaborazione dell\u2019\u00a0Assessorato alla Cultura e al Turismo del Comune di Napoli . Sar\u00e0 distribuito in 240 paesi del mondo attraverso la\u00a0distribuzione digitale di\u00a0Believe Distribution Services Italia\u00a0partner dell\u2019etichetta indipendente napoletana.<\/p>\n<p>Moderer\u00e0 l\u2019incontro il giornalista\u00a0Giuseppe Giorgio, interveranno , oltre ai due protagonisti canori, numerosi ospiti illustri tra testimonianze, artisti ed Istituzioni locali.<\/p>\n<p>INGRESSO GRATUITO FINO AD ESAURIMENTO POSTI.<\/p>\n<p>Infoline: 339 454 5044\/ 351 216 7918<\/p>\n<\/div>\n<\/div>\n<\/div>\n<\/div>\n","protected":false},"excerpt":{"rendered":"<p>22 ottobre 2018\u00a0(ore 17. 30) sar\u00e0 presentato al\u00a0PAN Palazzo delle Arti Napoli\u00a0il brano\u00a0\u201cAnche quando non vuoi\u201c, nuovo singolo del duo lirico\u00a0Olga De Maio &amp; Luca Lupoli,\u00a0tenore e soprano, artisti del\u00a0Teatro San Carlo. Il brano, scritto da\u00a0Paolo Audino\u00a0per il testo con la musica e gli arrangiamenti di\u00a0Nando Misuraca\u00a0\u00e8 figlio della collaborazione dell\u2019etichetta discografica indipendente\u00a0Suono Libero Music\u00a0e [&hellip;]<\/p>\n","protected":false},"author":882,"featured_media":0,"comment_status":"open","ping_status":"open","sticky":false,"template":"","format":"standard","meta":{"footnotes":""},"categories":[18,3,29,8,12,17],"tags":[7344,1621,12631,721,4245,21376],"class_list":["post-34509","post","type-post","status-publish","format-standard","hentry","category-altri-vari","category-arte-e-cultura","category-comunicati","category-eventi","category-musica","category-turismo","tag-associazione-culturale-noi-per-napoli","tag-eventi","tag-luca-lupoli-tenore","tag-musica","tag-musica-italiana","tag-olga-dev"],"_links":{"self":[{"href":"https:\/\/www.area-press.eu\/comunicatistampa\/wp-json\/wp\/v2\/posts\/34509","targetHints":{"allow":["GET"]}}],"collection":[{"href":"https:\/\/www.area-press.eu\/comunicatistampa\/wp-json\/wp\/v2\/posts"}],"about":[{"href":"https:\/\/www.area-press.eu\/comunicatistampa\/wp-json\/wp\/v2\/types\/post"}],"author":[{"embeddable":true,"href":"https:\/\/www.area-press.eu\/comunicatistampa\/wp-json\/wp\/v2\/users\/882"}],"replies":[{"embeddable":true,"href":"https:\/\/www.area-press.eu\/comunicatistampa\/wp-json\/wp\/v2\/comments?post=34509"}],"version-history":[{"count":1,"href":"https:\/\/www.area-press.eu\/comunicatistampa\/wp-json\/wp\/v2\/posts\/34509\/revisions"}],"predecessor-version":[{"id":34510,"href":"https:\/\/www.area-press.eu\/comunicatistampa\/wp-json\/wp\/v2\/posts\/34509\/revisions\/34510"}],"wp:attachment":[{"href":"https:\/\/www.area-press.eu\/comunicatistampa\/wp-json\/wp\/v2\/media?parent=34509"}],"wp:term":[{"taxonomy":"category","embeddable":true,"href":"https:\/\/www.area-press.eu\/comunicatistampa\/wp-json\/wp\/v2\/categories?post=34509"},{"taxonomy":"post_tag","embeddable":true,"href":"https:\/\/www.area-press.eu\/comunicatistampa\/wp-json\/wp\/v2\/tags?post=34509"}],"curies":[{"name":"wp","href":"https:\/\/api.w.org\/{rel}","templated":true}]}}