{"id":34459,"date":"2018-10-13T21:36:03","date_gmt":"2018-10-13T19:36:03","guid":{"rendered":"http:\/\/www.area-press.eu\/comunicatistampa\/?p=34459"},"modified":"2018-10-13T21:36:03","modified_gmt":"2018-10-13T19:36:03","slug":"crina-popescu-poetessa-filosofo-attrice-e-persona-di-cultura-nata-in-repubblica-moldavia-cresciuta-in-romania-e-trasferita-a-bordighera","status":"publish","type":"post","link":"https:\/\/www.area-press.eu\/comunicatistampa\/2018\/10\/13\/crina-popescu-poetessa-filosofo-attrice-e-persona-di-cultura-nata-in-repubblica-moldavia-cresciuta-in-romania-e-trasferita-a-bordighera\/","title":{"rendered":"Crina Popescu, poetessa, filosofo, attrice e persona di cultura nata in Repubblica Moldavia, cresciuta in Romania e trasferita a Bordighera"},"content":{"rendered":"<p><strong>Crina Popescu<\/strong>, 26 ani, \u00e8 cresciuta in Romania e nata in Republica Moldavia, da 7 anni vive a Bordighera, gi\u00e0 laureata in filosofia in Francia a Nizza, \u00e8 sicuramente un esempio di integrazione in un territorio che ultimamente deve affrontare nuove situazioni collegate all\u2019immigrazione.<\/p>\n<p>Crina Popescu \u00e8 una persona energica, genuina e spontanea, \u00e8 una donna con la \u201cD\u201d maiuscola. Semplice ma elegante nel vestiario e alquanto singolare nella sua maniera sincera di raccontare i suoi pi\u00f9 profondi pensieri filosofici. Crina ha fatto della poesia una forma personale di comunicazione per trasmettere ai suoi lettori momenti di vita vissuti ed emozioni indossate e, oggi pi\u00f9 che ieri, non pi\u00f9 trattenute e taciute nemmeno a Bordighera in Italia. La poesia e il suo modo di comunicare con le parole, i versi inspirati da una forte fede cristiana ortodossa hanno sviluppato in Crina la capacit\u00e0 di esprimere concetti e stati d\u2019animo in maniera evocativa e terapeutica per i suoi ascoltatori e per i suoi lettori. Crina facilmente riesce a fare \u201ccentro\u201d usando le parole che sono come un balsamo, che scuote e ammorbidisce le coscienze addormentate e sveglia sentimenti e virt\u00f9 come la fede, l\u2019amicizia, l\u2019amore per la vita con una trasversale visione sul futuro.<\/p>\n<p>Crina si \u00e8 laureata in filosofia all\u2019Universit\u00e0 Sophia Antipolis, Facolt\u00e0 di Scienze, Arte e Scienze Umanistiche di Nizza. Il 7 settembre di quest\u2019anno ha sostenuto la sua Tesi di Master che ha avuto al centro della ricerca il poeta romeno Mihai Eminescu.<\/p>\n<p>Grande anche la sua passione per il teatro dove lavora a fianco di alcuni nomi molto conosciuti nel mondo teatrale del Ponente Ligure come Giuliano Pagani e Remo Ansaloni con i quali Crina sta preparando interessanti spettacoli teatrali e un cortometraggio cinematografico.<\/p>\n<p>Infatti il 4 novembre 2017 \u00e8 andata in scena a San Lorenzo al Mare con \u201cPablo per sempre\u201d (a cura dell\u2019Associazione Culturale Glaux): un lavoro teatrale in sei scene scritto e diretto da Remo Ansaloni e inspirato dalla vita di Pablo Picasso dove Crina Popescu ha dato vita al personaggio Arlecchino. La sua prossima uscita teatrale \u00e8 in programma per il 28 ottobre a Dolceacqua.<\/p>\n<p>Il campo cinematografico ha gi\u00e0 regalato a Crina alcune importanti soddisfazioni come il ruolo principale in \u201cMaria di Medjugorje\u201d realizzato dalla italiana Naif Film e il ruolo principale nel cortometraggio \u201cVado a trovare i miei genitori\u201d realizzato in Republica Moldavia.<\/p>\n<p>&nbsp;<\/p>\n<p>Per parlare di libri Crina ha pubblicato tre volumi di poesie in lingua romena \u201cPallottole d\u2019oro\u201d \u2013 Iasi (Romania), \u201cPensieri di pensieri\u201d \u2013 Chisinau (R. Moldavia) e \u201cIl sangue della parola\u201d \u2013 Chisinau (R.Moldavia). Attualmente sta preparando l\u2019uscita del suo primo libro di poesie in lingua italiana.<\/p>\n<p>Crina \u00e8 molto attiva anche nelle attivit\u00e0 ludiche della Chiesa Cristiana Ortodossa romena di Sanremo dove Padre Mihai Claudiu he ha affidato importanti progetti dedicati ai bambini.<\/p>\n<p>Per raccontare in poche parole chi \u00e8 Crina Popescu basterebbe dire che \u00e8 una poetessa, filosofo, attrice e persona di cultura che sicuramente fa onore alla Repubblica Moldavia, alla Romania e al paese di Bordighera e con piacere riportiamo un suo pensiero:<\/p>\n<p><em>\u201cSe l\u2019obiettivo della saggezza non \u00e8 l\u2019eternit\u00e0 divina allora mi rifiuto di pensare!\u201d<\/em><\/p>\n<p>&nbsp;<\/p>\n<p>Marian Mocanu<\/p>\n","protected":false},"excerpt":{"rendered":"<p>Crina Popescu, 26 ani, \u00e8 cresciuta in Romania e nata in Republica Moldavia, da 7 anni vive a Bordighera, gi\u00e0 laureata in filosofia in Francia a Nizza, \u00e8 sicuramente un esempio di integrazione in un territorio che ultimamente deve affrontare nuove situazioni collegate all\u2019immigrazione. Crina Popescu \u00e8 una persona energica, genuina e spontanea, \u00e8 una [&hellip;]<\/p>\n","protected":false},"author":2079,"featured_media":0,"comment_status":"open","ping_status":"open","sticky":false,"template":"","format":"standard","meta":{"footnotes":""},"categories":[29],"tags":[],"class_list":["post-34459","post","type-post","status-publish","format-standard","hentry","category-comunicati"],"_links":{"self":[{"href":"https:\/\/www.area-press.eu\/comunicatistampa\/wp-json\/wp\/v2\/posts\/34459","targetHints":{"allow":["GET"]}}],"collection":[{"href":"https:\/\/www.area-press.eu\/comunicatistampa\/wp-json\/wp\/v2\/posts"}],"about":[{"href":"https:\/\/www.area-press.eu\/comunicatistampa\/wp-json\/wp\/v2\/types\/post"}],"author":[{"embeddable":true,"href":"https:\/\/www.area-press.eu\/comunicatistampa\/wp-json\/wp\/v2\/users\/2079"}],"replies":[{"embeddable":true,"href":"https:\/\/www.area-press.eu\/comunicatistampa\/wp-json\/wp\/v2\/comments?post=34459"}],"version-history":[{"count":1,"href":"https:\/\/www.area-press.eu\/comunicatistampa\/wp-json\/wp\/v2\/posts\/34459\/revisions"}],"predecessor-version":[{"id":34460,"href":"https:\/\/www.area-press.eu\/comunicatistampa\/wp-json\/wp\/v2\/posts\/34459\/revisions\/34460"}],"wp:attachment":[{"href":"https:\/\/www.area-press.eu\/comunicatistampa\/wp-json\/wp\/v2\/media?parent=34459"}],"wp:term":[{"taxonomy":"category","embeddable":true,"href":"https:\/\/www.area-press.eu\/comunicatistampa\/wp-json\/wp\/v2\/categories?post=34459"},{"taxonomy":"post_tag","embeddable":true,"href":"https:\/\/www.area-press.eu\/comunicatistampa\/wp-json\/wp\/v2\/tags?post=34459"}],"curies":[{"name":"wp","href":"https:\/\/api.w.org\/{rel}","templated":true}]}}