{"id":34443,"date":"2018-10-13T21:36:02","date_gmt":"2018-10-13T19:36:02","guid":{"rendered":"http:\/\/www.area-press.eu\/comunicatistampa\/?p=34443"},"modified":"2018-10-13T21:36:02","modified_gmt":"2018-10-13T19:36:02","slug":"smart-city-lintervista-dellad-di-a2a-valerio-camerano-su-corriere-economia","status":"publish","type":"post","link":"https:\/\/www.area-press.eu\/comunicatistampa\/2018\/10\/13\/smart-city-lintervista-dellad-di-a2a-valerio-camerano-su-corriere-economia\/","title":{"rendered":"Smart city: l\u2019intervista dell\u2019AD di A2A Valerio Camerano su \u201cCorriere Economia\u201d"},"content":{"rendered":"<p><em><strong>&#8220;La competizione globale si giocher\u00e0 tra le citt\u00e0 piuttosto che tra gli Stati&#8221;, ha sottolineato <a title=\"Valerio Camerano, h2biz\" href=\"http:\/\/www.h2biz.net\/Manager\/luca-valerio-camerano-10803\">Valerio Camerano<\/a> in una recente intervista all&#8217;Economia del Corriere. L&#8217;AD della utility lombarda A2A parla del processo in atto per trasformare le citt\u00e0 italiane in centri urbani &#8220;smart&#8221;. <\/strong><\/em><\/p>\n<p><a title=\"Valerio Camerano: profilo manager h2biz\" href=\"http:\/\/www.h2biz.net\/Manager\/luca-valerio-camerano-10803\"><img loading=\"lazy\" decoding=\"async\" src=\"http:\/\/www.h2biz.net\/images\/Plats\/crop_min_20181002130617.jpg\" alt=\"Valerio Camerano, CEO A2A\" width=\"153\" height=\"153\" \/><\/a><\/p>\n<h2>Valerio Camerano: l&#8217;impatto di una smart city sulla sostenibilit\u00e0, sul risparmio e sulla qualit\u00e0 della vita<\/h2>\n<p>A2A, l&#8217;utility lombarda guidata da Valerio Camerano, ha come soci di maggioranza alla pari i Comuni di Brescia e di Milano. Come sottolinea l&#8217;Amministratore Delegato in una recente intervista all&#8217;Economia del Corriere, &#8220;La competizione globale si giocher\u00e0 tra le citt\u00e0 piuttosto che tra gli Stati&#8221;. Secondo la World Bank infatti, le citt\u00e0 generano pi\u00f9 dell&#8217;80% del Pil globale, ma secondo la Ellen MacArthur Foundation consumano anche il 75% delle risorse naturali, generando il 50% dei rifiuti e l&#8217;80% delle emissioni globali di CO2. Questi dati sottolineano l&#8217;importanza di avere sempre pi\u00f9 citt\u00e0 &#8220;smart&#8221;, intelligenti e sostenibili. Come spiega l&#8217;Amministratore Delegato, la smart city &#8220;\u00e8 una citt\u00e0 in cui la tecnologia \u00e8 l&#8217;intelligenza in grado di migliorare la qualit\u00e0 della vita dei cittadini attraverso soluzioni concrete che migliorano ad esempio la gestione intelligente del traffico e della mobilit\u00e0, dell&#8217;ambiente, dell&#8217;illuminazione pubblica, della sicurezza&#8221;. Un processo di trasformazione \u00e8 gi\u00e0 in atto, e ne \u00e8 un buon esempio la citt\u00e0 di Milano. Le utility, sottolinea Valerio Camerano, svolgono un ruolo chiave in questa trasformazione, attraverso la digitalizzazione delle reti, la gestione dei dati e l&#8217;offerta di servizi intelligenti: di fatto, le infrastrutture sono l&#8217;elemento fondamentale di una smart city, in grado di mettere a disposizione un sistema low cost e low energy a beneficio di tutti.<\/p>\n<h2>Valerio Camerano: il ruolo di A2A e delle utility nell&#8217;economia circolare<\/h2>\n<p>&#8220;La natura pubblico-privata delle utility&#8221;, evidenzia <strong>Valerio Camerano<\/strong> , &#8220;consente di coniugare gli interessi pi\u00f9 generali della collettivit\u00e0 con la capacit\u00e0 di realizzazione di un sistema privato. Nelle smart city mondiali esiste un sistema bilanciato tra investimenti pubblici e privati, che corrisponde a un bilanciamento degli interessi&#8221;. Le utility come A2A presidiano temi fondamentali come la transizione energetica e l&#8217;economia circolare. &#8220;Questo \u00e8 possibile&#8221;, sottolinea l&#8217;AD, &#8220;perch\u00e9 siamo presenti su tutta la filiera: nella generazione di energia, nell&#8217;ambiente in tutte le sue fasi, dalla raccolta dei rifiuti al recupero, nella mobilit\u00e0 elettrica, nella gestione dell&#8217;acqua, nell&#8217;illuminazione pubblica, nella sicurezza attraverso la video sorveglianza&#8221;. Le utility pi\u00f9 grandi si fanno carico degli investimenti e dell&#8217;innovazione, mentre le realt\u00e0 pi\u00f9 piccole mantengono la leadership di sviluppo territoriale: \u00e8 lo stesso modello adottato da A2A con Lgh e Acsm-Agam. La transizione verso l&#8217;economia circolare \u00e8 gi\u00e0 in atto, soprattutto nei territori presidiati da A2A: a Milano ad esempio, il quartiere di Porta Romana sar\u00e0 presto &#8220;smartizzato&#8221;, nel contesto di un progetto europeo che comprende anche Lisbona e Londra. Il progetto comprende cestini intelligenti, monitoraggio dell&#8217;inquinamento, smart parking e contatori dell&#8217;acqua in grado di intercettare le perdite e ridurre gli sprechi. &#8220;Nei prossimi 5 anni&#8221;, spiega <strong><a title=\"Valerio Camerano, profilo professionale\" href=\"http:\/\/www.h2biz.net\/Manager\/luca-valerio-camerano-10803\">Valerio Camerano<\/a><\/strong>&#8220;, investiremo 2,3 miliardi in generazione elettrica, reti, acqua, ambiente e clienti. Mezzo miliardo di euro saranno destinati a innovazione e tecnologia nel periodo 2018-2021, 450 milioni al settore dell&#8217;economia circolare.&#8221;<\/p>\n","protected":false},"excerpt":{"rendered":"<p>&#8220;La competizione globale si giocher\u00e0 tra le citt\u00e0 piuttosto che tra gli Stati&#8221;, ha sottolineato Valerio Camerano in una recente intervista all&#8217;Economia del Corriere. L&#8217;AD della utility lombarda A2A parla del processo in atto per trasformare le citt\u00e0 italiane in centri urbani &#8220;smart&#8221;. Valerio Camerano: l&#8217;impatto di una smart city sulla sostenibilit\u00e0, sul risparmio e [&hellip;]<\/p>\n","protected":false},"author":5397,"featured_media":0,"comment_status":"open","ping_status":"open","sticky":false,"template":"","format":"standard","meta":{"footnotes":""},"categories":[5,7],"tags":[21348],"class_list":["post-34443","post","type-post","status-publish","format-standard","hentry","category-aziendali","category-economia-e-finanza","tag-luca-valerio-camerano"],"_links":{"self":[{"href":"https:\/\/www.area-press.eu\/comunicatistampa\/wp-json\/wp\/v2\/posts\/34443","targetHints":{"allow":["GET"]}}],"collection":[{"href":"https:\/\/www.area-press.eu\/comunicatistampa\/wp-json\/wp\/v2\/posts"}],"about":[{"href":"https:\/\/www.area-press.eu\/comunicatistampa\/wp-json\/wp\/v2\/types\/post"}],"author":[{"embeddable":true,"href":"https:\/\/www.area-press.eu\/comunicatistampa\/wp-json\/wp\/v2\/users\/5397"}],"replies":[{"embeddable":true,"href":"https:\/\/www.area-press.eu\/comunicatistampa\/wp-json\/wp\/v2\/comments?post=34443"}],"version-history":[{"count":1,"href":"https:\/\/www.area-press.eu\/comunicatistampa\/wp-json\/wp\/v2\/posts\/34443\/revisions"}],"predecessor-version":[{"id":34444,"href":"https:\/\/www.area-press.eu\/comunicatistampa\/wp-json\/wp\/v2\/posts\/34443\/revisions\/34444"}],"wp:attachment":[{"href":"https:\/\/www.area-press.eu\/comunicatistampa\/wp-json\/wp\/v2\/media?parent=34443"}],"wp:term":[{"taxonomy":"category","embeddable":true,"href":"https:\/\/www.area-press.eu\/comunicatistampa\/wp-json\/wp\/v2\/categories?post=34443"},{"taxonomy":"post_tag","embeddable":true,"href":"https:\/\/www.area-press.eu\/comunicatistampa\/wp-json\/wp\/v2\/tags?post=34443"}],"curies":[{"name":"wp","href":"https:\/\/api.w.org\/{rel}","templated":true}]}}