{"id":34411,"date":"2018-10-13T21:34:34","date_gmt":"2018-10-13T19:34:34","guid":{"rendered":"http:\/\/www.area-press.eu\/comunicatistampa\/?p=34411"},"modified":"2018-10-13T21:34:34","modified_gmt":"2018-10-13T19:34:34","slug":"frabemar-srl-partecipa-alla-posa-della-prima-pietra-della-nuova-sede-ogefrem","status":"publish","type":"post","link":"https:\/\/www.area-press.eu\/comunicatistampa\/2018\/10\/13\/frabemar-srl-partecipa-alla-posa-della-prima-pietra-della-nuova-sede-ogefrem\/","title":{"rendered":"Frabemar Srl partecipa alla posa della prima pietra della nuova sede Ogefrem"},"content":{"rendered":"<p><em><strong><a href=\"https:\/\/www.crunchbase.com\/organization\/frabemar-srl\" title=\"Frabemar - crunchbase\">Frabemar<\/a> Srl \u00e8 solita occuparsi di questioni riguardanti l&#8217;Africa, sia dal punto di vista commerciale sia dal punto di vista solidale: \u00e8 in quest&#8217;ottica che ha partecipato alla posa della prima pietra della nuova sede dell&#8217;Ogefrem. <\/strong><\/em><\/p>\n<p><a href=\"https:\/\/www.crunchbase.com\/organization\/frabemar-srl\" title=\"Frabemar srl: crunchbase\"><img loading=\"lazy\" decoding=\"async\" alt=\"Frabemar\" height=\"122\" src=\"http:\/\/www.professionistieaziende.it\/frabemar\/frabemar.jpg\" width=\"127\" \/><\/a><\/p>\n<h2>Frabemar Srl: gli obiettivi legati alla nuova sede dell&#8217;Ogefrem<\/h2>\n<p><strong>Frabemar<\/strong> Srl ha partecipato alla posa della prima pietra della nuova sede dell&#8217;Ogefrem, Consiglio dei Caricatori della RD Congo. La sede verr\u00e0 finanziata con i ricavi del progetto FERI, gestito da Frabemar Srl gi\u00e0 da svariati anni. In rappresentanza della societ\u00e0 ha partecipato all&#8217;incontro Franco Bernardini, in qualit\u00e0 di Presidente Onorario. L&#8217;intero progetto \u00e8 volto al miglioramento delle condizioni di lavoro del personale: si mira ad aumentare il loro patrimonio, a dare maggior visibilit\u00e0 al Consiglio dei caricatori e a migliorare l&#8217;assistenza ai caricatori Congolesi. Il progetto FERI si dimostra cos\u00ec quanto mai efficace nel finanziare i progetti di facilitazione del commercio internazionale in Africa. Gi\u00e0 nel 2009, in quest&#8217;ottica, era avvenuta la costruzione della sede di Ogefrem a Kasumbalesa. La realizzazione della nuova sede, unica tra i Consigli dei Caricatori Africani, conferma l&#8217;impegno di Ogefrem ad aumentare i suoi aderenti. <strong>Frabemar<\/strong> Srl rimane cos\u00ec al fianco dei Consigli dei Caricatori partner, per sostenerli e aiutarli nel raggiungimento dei loro obiettivi.<\/p>\n<h2>L&#8217;impegno di Frabemar Srl per l&#8217;Africa<\/h2>\n<p><strong><a href=\"https:\/\/www.crunchbase.com\/organization\/frabemar-srl\" title=\"Frabemar: crunchbase\">Frabemar<\/a><\/strong> Srl, nata nel 1995 grazie all&#8217;esperienza e all&#8217;iniziativa di Franco Bernardini, si \u00e8 da sempre impegnata per supportare l&#8217;Africa sia dal punto di vista commerciale sia attraverso altre iniziative di tipo solidale. Nel settembre 2011, la societ\u00e0 ha partecipato al finanziamento del complesso scolastico Lukunga, nel comune di Ngaliema Kinshasa R.D.C. Il nuovo edificio scolastico \u00e8 stato inaugurato nel 2012 con il patrocinio del Governatore della citt\u00e0. il progetto era stato coordinato dal Ministro Provinciale dell&#8217;Istruzione, Formazione, Condizioni delle Donne, Famiglia e Ambiente. Questo per\u00f2 non \u00e8 stato l&#8217;unico a cui <strong>Frabemar<\/strong> Srl ha deciso di prendere parte: sempre nel 2011, la societ\u00e0 ha finanziato la riabilitazione del Gruppo Scolastico Tshiseleka (GST), contribuendo cos\u00ec anche alla costruzione di un nuovo edificio per migliorare e ampliare la capacit\u00e0 didattica del GST. Il plesso era fatiscente, e non aveva di fatto le caratteristiche minime per consentire agli alunni di andare a scuola. Il nuovo edificio \u00e8 stato inaugurato nel quartiere Mbudi alla periferia di Kinshasa in R.D.C., in presenza di Franco Bernardini, delle autorit\u00e0 locali e di circa 500 studenti. <\/p>\n","protected":false},"excerpt":{"rendered":"<p>Frabemar Srl \u00e8 solita occuparsi di questioni riguardanti l&#8217;Africa, sia dal punto di vista commerciale sia dal punto di vista solidale: \u00e8 in quest&#8217;ottica che ha partecipato alla posa della prima pietra della nuova sede dell&#8217;Ogefrem. Frabemar Srl: gli obiettivi legati alla nuova sede dell&#8217;Ogefrem Frabemar Srl ha partecipato alla posa della prima pietra della [&hellip;]<\/p>\n","protected":false},"author":40,"featured_media":0,"comment_status":"open","ping_status":"open","sticky":false,"template":"","format":"standard","meta":{"footnotes":""},"categories":[5],"tags":[21340],"class_list":["post-34411","post","type-post","status-publish","format-standard","hentry","category-aziendali","tag-fabremar"],"_links":{"self":[{"href":"https:\/\/www.area-press.eu\/comunicatistampa\/wp-json\/wp\/v2\/posts\/34411","targetHints":{"allow":["GET"]}}],"collection":[{"href":"https:\/\/www.area-press.eu\/comunicatistampa\/wp-json\/wp\/v2\/posts"}],"about":[{"href":"https:\/\/www.area-press.eu\/comunicatistampa\/wp-json\/wp\/v2\/types\/post"}],"author":[{"embeddable":true,"href":"https:\/\/www.area-press.eu\/comunicatistampa\/wp-json\/wp\/v2\/users\/40"}],"replies":[{"embeddable":true,"href":"https:\/\/www.area-press.eu\/comunicatistampa\/wp-json\/wp\/v2\/comments?post=34411"}],"version-history":[{"count":1,"href":"https:\/\/www.area-press.eu\/comunicatistampa\/wp-json\/wp\/v2\/posts\/34411\/revisions"}],"predecessor-version":[{"id":34413,"href":"https:\/\/www.area-press.eu\/comunicatistampa\/wp-json\/wp\/v2\/posts\/34411\/revisions\/34413"}],"wp:attachment":[{"href":"https:\/\/www.area-press.eu\/comunicatistampa\/wp-json\/wp\/v2\/media?parent=34411"}],"wp:term":[{"taxonomy":"category","embeddable":true,"href":"https:\/\/www.area-press.eu\/comunicatistampa\/wp-json\/wp\/v2\/categories?post=34411"},{"taxonomy":"post_tag","embeddable":true,"href":"https:\/\/www.area-press.eu\/comunicatistampa\/wp-json\/wp\/v2\/tags?post=34411"}],"curies":[{"name":"wp","href":"https:\/\/api.w.org\/{rel}","templated":true}]}}