{"id":34403,"date":"2018-10-13T21:34:33","date_gmt":"2018-10-13T19:34:33","guid":{"rendered":"http:\/\/www.area-press.eu\/comunicatistampa\/?p=34403"},"modified":"2018-10-13T21:34:33","modified_gmt":"2018-10-13T19:34:33","slug":"erv-italia-copertura-annullamento-ancora-piu-competitiva-per-le-agenzie","status":"publish","type":"post","link":"https:\/\/www.area-press.eu\/comunicatistampa\/2018\/10\/13\/erv-italia-copertura-annullamento-ancora-piu-competitiva-per-le-agenzie\/","title":{"rendered":"ERV Italia: copertura annullamento ancora pi\u00f9 competitiva per le agenzie"},"content":{"rendered":"<p>ERV Italia annuncia una importante novit\u00e0 di prodotto, destinata a rendere ancora pi\u00f9 competitive le soluzioni assicurative a disposizione delle agenzie di viaggi che hanno accesso <strong>alla piattaforma trade b2b.erv-italia.it.<\/strong><\/p>\n<h2><strong>La nuova offerta di ERV Italia<\/strong><\/h2>\n<p>La Compagnia ha infatti <strong>esteso la possibilit\u00e0 di sottoscrivere i prodotti \u201cAnnullamento PLUS\u201d, \u201cAssistenza e Spese Mediche\u201d e \u201cTutto Compreso\u201d<\/strong> anche nel caso di servizi turistici caratterizzati da una penale di annullamento del 100% gi\u00e0 a partire dalla data di prenotazione e\/o a decorrere dal 30\u00b0 giorno antecedente la partenza.<\/p>\n<p>L\u2019esempio tipico \u00e8 quello delle <strong>tariffe \u201cnon rimborsabili\u201d<\/strong> sempre pi\u00f9 spesso applicate da hotel, noleggi auto ed altri fornitori di servizi turistici \u2013 quali attrazioni e guide \u2013 che rendono decisamente pi\u00f9 vantaggioso il prezzo del pacchetto agli occhi del cliente. Nulla cambia invece sul fronte della biglietteria aerea, marittima e ferroviaria: in questo caso la garanzia annullamento era e continuer\u00e0 ad essere sempre compresa, indipendentemente dalle condizioni di penale associate alla tariffa.<\/p>\n<p><strong>Daniela Panetta, direttore commerciale ERV Italia, ha dichiarato:<\/strong> \u201cSpesso sono i piccoli cambiamenti a fare le grandi differenze. Nell\u2019era del dynamic packaging e dell\u2019organizzazione diretta, abbiamo dato fiducia al trade, eliminando alcune esclusioni. I partner potranno cos\u00ec, da un lato, comporre pacchetti pi\u00f9 accattivanti, dall\u2019altro, offrire una copertura assicurativa completa ad alto valore aggiunto\u201d.<\/p>\n","protected":false},"excerpt":{"rendered":"<p>ERV Italia annuncia una importante novit\u00e0 di prodotto, destinata a rendere ancora pi\u00f9 competitive le soluzioni assicurative a disposizione delle agenzie di viaggi che hanno accesso alla piattaforma trade b2b.erv-italia.it. La nuova offerta di ERV Italia La Compagnia ha infatti esteso la possibilit\u00e0 di sottoscrivere i prodotti \u201cAnnullamento PLUS\u201d, \u201cAssistenza e Spese Mediche\u201d e \u201cTutto [&hellip;]<\/p>\n","protected":false},"author":49,"featured_media":0,"comment_status":"open","ping_status":"open","sticky":false,"template":"","format":"standard","meta":{"footnotes":""},"categories":[5],"tags":[1590,21339,20906],"class_list":["post-34403","post","type-post","status-publish","format-standard","hentry","category-aziendali","tag-assicurazione","tag-daniela-panetta","tag-erv"],"_links":{"self":[{"href":"https:\/\/www.area-press.eu\/comunicatistampa\/wp-json\/wp\/v2\/posts\/34403","targetHints":{"allow":["GET"]}}],"collection":[{"href":"https:\/\/www.area-press.eu\/comunicatistampa\/wp-json\/wp\/v2\/posts"}],"about":[{"href":"https:\/\/www.area-press.eu\/comunicatistampa\/wp-json\/wp\/v2\/types\/post"}],"author":[{"embeddable":true,"href":"https:\/\/www.area-press.eu\/comunicatistampa\/wp-json\/wp\/v2\/users\/49"}],"replies":[{"embeddable":true,"href":"https:\/\/www.area-press.eu\/comunicatistampa\/wp-json\/wp\/v2\/comments?post=34403"}],"version-history":[{"count":1,"href":"https:\/\/www.area-press.eu\/comunicatistampa\/wp-json\/wp\/v2\/posts\/34403\/revisions"}],"predecessor-version":[{"id":34404,"href":"https:\/\/www.area-press.eu\/comunicatistampa\/wp-json\/wp\/v2\/posts\/34403\/revisions\/34404"}],"wp:attachment":[{"href":"https:\/\/www.area-press.eu\/comunicatistampa\/wp-json\/wp\/v2\/media?parent=34403"}],"wp:term":[{"taxonomy":"category","embeddable":true,"href":"https:\/\/www.area-press.eu\/comunicatistampa\/wp-json\/wp\/v2\/categories?post=34403"},{"taxonomy":"post_tag","embeddable":true,"href":"https:\/\/www.area-press.eu\/comunicatistampa\/wp-json\/wp\/v2\/tags?post=34403"}],"curies":[{"name":"wp","href":"https:\/\/api.w.org\/{rel}","templated":true}]}}