{"id":34385,"date":"2018-10-13T21:34:33","date_gmt":"2018-10-13T19:34:33","guid":{"rendered":"http:\/\/www.area-press.eu\/comunicatistampa\/?p=34385"},"modified":"2018-10-13T21:34:33","modified_gmt":"2018-10-13T19:34:33","slug":"francesco-starace-a-dimartedi-un-futuro-allinsegna-della-mobilita-elettrica","status":"publish","type":"post","link":"https:\/\/www.area-press.eu\/comunicatistampa\/2018\/10\/13\/francesco-starace-a-dimartedi-un-futuro-allinsegna-della-mobilita-elettrica\/","title":{"rendered":"Francesco Starace a \u201cDiMarted\u00ec\u201d: un futuro all\u2019insegna della mobilit\u00e0 elettrica"},"content":{"rendered":"<p><em><strong>Nella puntata del 2 ottobre di &#8220;DiMarted\u00ec&#8221;, il talk di La7, \u00e8 intervenuto anche <a title=\"Francesco Starace, intervista a DiMarted\u00ec\" href=\"http:\/\/www.la7.it\/dimartedi\/video\/lintervista-a-francesco-starace-amministratore-delegato-di-enel-03-10-2018-251702\">Francesco Starace<\/a>: l&#8217;AD di Enel ha analizzato l&#8217;impatto dell&#8217;elettrificazione sull&#8217;industria automobilistica mondiale.<\/strong><\/em><\/p>\n<p><a title=\"Enel, l'intervista all'AD Luigi Ferraris\" href=\"http:\/\/www.la7.it\/dimartedi\/video\/lintervista-a-francesco-starace-amministratore-delegato-di-enel-03-10-2018-251702\"><img decoding=\"async\" src=\"https:\/\/www.executivemanager.it\/images\/comprofiler\/0_58b8770c3faed.jpg\" alt=\"Francesco Starace, CEO Enel\" \/><\/a><\/p>\n<h2>DiMarted\u00ec: l&#8217;intervista a Francesco Starace sulla e-mobility<\/h2>\n<p>Ospite a &#8220;DiMarted\u00ec&#8221; su La7, l&#8217;Amministratore Delegato di Enel <strong>Francesco Starace<\/strong> fa il punto sulla diffusione della mobilit\u00e0 elettrica in Italia e nel mondo. Il prezzo elevato dei veicoli, la mancanza di un numero sufficiente di punti di ricarica, i tempi eccessivamente lunghi sono alcune criticit\u00e0 che sembrano ostacolarne la diffusione, ma l&#8217;AD \u00e8 sicuro che l&#8217;auto elettrica diventer\u00e0 un prodotto di massa, destinato a <em>&#8220;soppiantare gradualmente il motore a combustione interna, perch\u00e9 \u00e8 l\u00ec che ci sta portando la tecnologia&#8221;<\/em>. <strong>Francesco Starace<\/strong> si \u00e8 poi soffermato sullo stato del progetto che punta a realizzare in Italia una rete capillare di infrastrutture pubbliche di ricarica in Italia: in base al Piano, Enel \u00e8 impegnata nell&#8217;installazione di circa 7 mila colonnine entro il 2020 e 14 mila al 2022. E infine l&#8217;AD affronta anche la questione dei prezzi: se \u00e8 pur vero che oggi acquistare un&#8217;auto elettrica risulta pi\u00f9 caro <em>&#8220;perch\u00e9 sono mezzi che si costruiscono nelle decine di migliaia e non nei milioni&#8221;<\/em>, l&#8217;utilizzo al chilometro comporta comunque una spesa inferiore rispetto a quella per un veicolo a benzina.<\/p>\n<h2>Francesco Starace: l&#8217;impegno di Enel per la mobilit\u00e0 elettrica<\/h2>\n<p>&#8220;La nostra sfida \u00e8 guidare la transizione energetica: l&#8217;elettricit\u00e0 sar\u00e0 il principale vettore per realizzare una profonda decarbonizzazione di tutti i settori, primo fra tutti quello dei trasporti&#8221;: l&#8217;impegno di Enel nell&#8217;incentivare la mobilit\u00e0 elettrica, ribadito dall&#8217;AD <strong><a title=\"Francesco Starace, intervista AD Enel a La7\" href=\"http:\/\/www.la7.it\/dimartedi\/video\/lintervista-a-francesco-starace-amministratore-delegato-di-enel-03-10-2018-251702\">Francesco Starace<\/a><\/strong> nel corso dell&#8217;intervista a &#8220;DiMarted\u00ec&#8221;, \u00e8 stato al centro della &#8220;E-mobility Revolution 2018&#8221; lo scorso 21 settembre. Durante l&#8217;evento, organizzato presso l&#8217;autodromo di Vallelunga, \u00e8 stata annunciata la nascita dell&#8217;Enel X e-mobility Hub, primo polo per lo sviluppo di tecnologie innovative per la e-mobility. Sono state presentate inoltre le ultime soluzioni tecnologiche nate nei laboratori di Enel X, la societ\u00e0 del gruppo che si occupa anche di portare a compimento il Piano nazionale di infrastrutture di ricarica. <em>&#8220;La nostra ambizione \u00e8 diventare un grande operatore di infrastrutture di ricarica di auto elettrica e un grande partner nella mobilit\u00e0 elettrica pubblica&#8221;<\/em> ha affermato in quell&#8217;occasione <strong>Francesco Starace<\/strong>.<\/p>\n","protected":false},"excerpt":{"rendered":"<p>Nella puntata del 2 ottobre di &#8220;DiMarted\u00ec&#8221;, il talk di La7, \u00e8 intervenuto anche Francesco Starace: l&#8217;AD di Enel ha analizzato l&#8217;impatto dell&#8217;elettrificazione sull&#8217;industria automobilistica mondiale. DiMarted\u00ec: l&#8217;intervista a Francesco Starace sulla e-mobility Ospite a &#8220;DiMarted\u00ec&#8221; su La7, l&#8217;Amministratore Delegato di Enel Francesco Starace fa il punto sulla diffusione della mobilit\u00e0 elettrica in Italia e [&hellip;]<\/p>\n","protected":false},"author":3920,"featured_media":0,"comment_status":"open","ping_status":"open","sticky":false,"template":"","format":"standard","meta":{"footnotes":""},"categories":[5],"tags":[12227,10926],"class_list":["post-34385","post","type-post","status-publish","format-standard","hentry","category-aziendali","tag-enel","tag-francesco-starace"],"_links":{"self":[{"href":"https:\/\/www.area-press.eu\/comunicatistampa\/wp-json\/wp\/v2\/posts\/34385","targetHints":{"allow":["GET"]}}],"collection":[{"href":"https:\/\/www.area-press.eu\/comunicatistampa\/wp-json\/wp\/v2\/posts"}],"about":[{"href":"https:\/\/www.area-press.eu\/comunicatistampa\/wp-json\/wp\/v2\/types\/post"}],"author":[{"embeddable":true,"href":"https:\/\/www.area-press.eu\/comunicatistampa\/wp-json\/wp\/v2\/users\/3920"}],"replies":[{"embeddable":true,"href":"https:\/\/www.area-press.eu\/comunicatistampa\/wp-json\/wp\/v2\/comments?post=34385"}],"version-history":[{"count":1,"href":"https:\/\/www.area-press.eu\/comunicatistampa\/wp-json\/wp\/v2\/posts\/34385\/revisions"}],"predecessor-version":[{"id":34390,"href":"https:\/\/www.area-press.eu\/comunicatistampa\/wp-json\/wp\/v2\/posts\/34385\/revisions\/34390"}],"wp:attachment":[{"href":"https:\/\/www.area-press.eu\/comunicatistampa\/wp-json\/wp\/v2\/media?parent=34385"}],"wp:term":[{"taxonomy":"category","embeddable":true,"href":"https:\/\/www.area-press.eu\/comunicatistampa\/wp-json\/wp\/v2\/categories?post=34385"},{"taxonomy":"post_tag","embeddable":true,"href":"https:\/\/www.area-press.eu\/comunicatistampa\/wp-json\/wp\/v2\/tags?post=34385"}],"curies":[{"name":"wp","href":"https:\/\/api.w.org\/{rel}","templated":true}]}}