{"id":34175,"date":"2018-10-04T18:00:48","date_gmt":"2018-10-04T16:00:48","guid":{"rendered":"http:\/\/www.area-press.eu\/comunicatistampa\/?p=34175"},"modified":"2020-08-09T23:49:32","modified_gmt":"2020-08-09T21:49:32","slug":"chiese-storiche-i-tarli-del-legno-tra-gli-artefici-del-loro-degrado","status":"publish","type":"post","link":"https:\/\/www.area-press.eu\/comunicatistampa\/2018\/10\/04\/chiese-storiche-i-tarli-del-legno-tra-gli-artefici-del-loro-degrado\/","title":{"rendered":"Chiese storiche: i tarli del legno tra gli artefici del loro degrado"},"content":{"rendered":"<p>Una ricchezza storico-culturale inestimabile ed ineguagliabile nel mondo ma per la quale cura e prevenzione sono quasi inesistenti: stiamo parlando dell\u2019immenso patrimonio artistico italiano, lasciato spesso e volentieri in completo stato di degrado. Il crollo del tetto della Chiesa San Giuseppe dei Falegnami a Roma, per fortuna senza vittime, \u00e8 solo la punta dell\u2019iceberg. Sarebbe forse bastato un <a href=\"http:\/\/www.trattamentoantitarlo.net\/\"><strong><u>trattamento antitarlo<\/u><\/strong><\/a> preventivo ad evitare il collasso della volta di questa chiesa risalente al XVII secolo.<\/p>\n<p>E in effetti, sarebbero stati con molta probabilit\u00e0 proprio gli insetti xilofagi a provocare il deterioramento di un singolo elemento di una capriata, stando all\u2019analisi effettuata da Francesco Scoppola, dirigente a capo della Direzione Generale Educazione e Ricerca del MIBAC. Ma i tarli non sono i principali responsabili del crollo: c\u2019\u00e8 da chiedersi infatti in che modo abbia operato la Sovraintendenza in questi anni e quali siano le sue responsabilit\u00e0.<\/p>\n<p>Non a caso, lo stesso ministro dei Beni Culturali \u2013 Alberto Bonisoli \u2013 ha sottolineato il compito degli enti preposti alla vigilanza del patrimonio artistico di monitorare i beni sotto tutela al fine di salvaguardare soprattutto l\u2019incolumit\u00e0 dei cittadini. E in attesa che venga accertata la responsabilit\u00e0 del crollo del tetto della Chiesa di San Giuseppe dei Falegnami, il ministro ha annunciato che presto sar\u00e0 adottato un piano di monitoraggio di tutti i beni, anche di quelli che non appartengono allo Stato, e non solo della Capitale.<\/p>\n<p>Come noto, i tarli del legno non rappresentano solo un pericolo domestico, ma la loro presenza risulta essere estremamente dannosa per la stessa solidit\u00e0 strutturale di edifici di interesse storico-culturale e delle opere d\u2019arte custodite al loro interno. Un processo mirato ed ecologico di <a href=\"http:\/\/www.trattamentoantitarlo.net\/aree\/disinfestazione-tarli\"><strong><u>disinfestazione tarli<\/u><\/strong><\/a>, associato ad interventi strutturali preventivi, potrebbero essere la ricetta giusta per garantire al nostro infinito patrimonio artistico una condizione di salute degna della sua fama e grandezza.<\/p>\n","protected":false},"excerpt":{"rendered":"<p>Una ricchezza storico-culturale inestimabile ed ineguagliabile nel mondo ma per la quale cura e prevenzione sono quasi inesistenti: stiamo parlando dell\u2019immenso patrimonio artistico italiano, lasciato spesso e volentieri in completo stato di degrado. Il crollo del tetto della Chiesa San Giuseppe dei Falegnami a Roma, per fortuna senza vittime, \u00e8 solo la punta dell\u2019iceberg. Sarebbe [&hellip;]<\/p>\n","protected":false},"author":5108,"featured_media":0,"comment_status":"open","ping_status":"open","sticky":false,"template":"","format":"standard","meta":{"footnotes":""},"categories":[3],"tags":[21248,21090],"class_list":["post-34175","post","type-post","status-publish","format-standard","hentry","category-arte-e-cultura","tag-disinfestazione-tarli-chiese","tag-restauro-mobili-antichi"],"_links":{"self":[{"href":"https:\/\/www.area-press.eu\/comunicatistampa\/wp-json\/wp\/v2\/posts\/34175","targetHints":{"allow":["GET"]}}],"collection":[{"href":"https:\/\/www.area-press.eu\/comunicatistampa\/wp-json\/wp\/v2\/posts"}],"about":[{"href":"https:\/\/www.area-press.eu\/comunicatistampa\/wp-json\/wp\/v2\/types\/post"}],"author":[{"embeddable":true,"href":"https:\/\/www.area-press.eu\/comunicatistampa\/wp-json\/wp\/v2\/users\/5108"}],"replies":[{"embeddable":true,"href":"https:\/\/www.area-press.eu\/comunicatistampa\/wp-json\/wp\/v2\/comments?post=34175"}],"version-history":[{"count":1,"href":"https:\/\/www.area-press.eu\/comunicatistampa\/wp-json\/wp\/v2\/posts\/34175\/revisions"}],"predecessor-version":[{"id":34176,"href":"https:\/\/www.area-press.eu\/comunicatistampa\/wp-json\/wp\/v2\/posts\/34175\/revisions\/34176"}],"wp:attachment":[{"href":"https:\/\/www.area-press.eu\/comunicatistampa\/wp-json\/wp\/v2\/media?parent=34175"}],"wp:term":[{"taxonomy":"category","embeddable":true,"href":"https:\/\/www.area-press.eu\/comunicatistampa\/wp-json\/wp\/v2\/categories?post=34175"},{"taxonomy":"post_tag","embeddable":true,"href":"https:\/\/www.area-press.eu\/comunicatistampa\/wp-json\/wp\/v2\/tags?post=34175"}],"curies":[{"name":"wp","href":"https:\/\/api.w.org\/{rel}","templated":true}]}}