{"id":34159,"date":"2018-10-04T18:00:47","date_gmt":"2018-10-04T16:00:47","guid":{"rendered":"http:\/\/www.area-press.eu\/comunicatistampa\/?p=34159"},"modified":"2020-08-09T23:49:33","modified_gmt":"2020-08-09T21:49:33","slug":"roberta-giallo-astronave-gialla-world-tour","status":"publish","type":"post","link":"https:\/\/www.area-press.eu\/comunicatistampa\/2018\/10\/04\/roberta-giallo-astronave-gialla-world-tour\/","title":{"rendered":"ROBERTA GIALLO \u201cASTRONAVE GIALLA WORLD TOUR\u201d"},"content":{"rendered":"<p><img loading=\"lazy\" decoding=\"async\" class=\"aligncenter size-medium wp-image-284289\" src=\"https:\/\/www.joyfreepress.com\/wp-content\/uploads\/2018\/10\/giallo-300x266.png\" alt=\"\" width=\"300\" height=\"266\" \/><\/p>\n<p><span style=\"font-weight: 400\">Parte l\u201911 ottobre da<\/span><b> Mosca<\/b><span style=\"font-weight: 400\"> il tour mondiale di Roberta Giallo. La cantautrice, autrice, performer teatrale, pittrice e scrittrice, originaria di Senigallia si appresta a portare le sonorit\u00e0 del suo ultimo album \u201c<\/span><b><i>L\u2019oscurit\u00e0 di Guillaume<\/i><\/b><span style=\"font-weight: 400\">\u201d in 8 live che toccheranno la Russia, la Cina, gli Emirati Arabi e gli Stati Uniti in esclusive location. Dopo Mosca l\u2019\u201d<\/span><b>Astronave gialla world tour<\/b><span style=\"font-weight: 400\">\u201d arriver\u00e0 a <\/span><b>Kiev, Istanbul, Shunde (Cina), Los Angeles (California)<\/b><span style=\"font-weight: 400\"> e in altre citt\u00e0 che saranno svelate in seguito.<\/span><\/p>\n<p>&nbsp;<\/p>\n<p><span style=\"font-weight: 400\">Durante il Tour, realizzato grazie al sostegno di <\/span><b>S&#8217;illumina, SIAE, il Ministero dei Beni Culturali, Corvino produzioni, Fonoprint, Visionnaire, l&#8217;AltopArlAnte<\/b><span style=\"font-weight: 400\"> ed <\/span><b>il MEI<\/b><span style=\"font-weight: 400\">, Roberta Giallo eseguir\u00e0 i brani del suo ultimo album &#8220;<\/span><i><span style=\"font-weight: 400\">L&#8217;oscurit\u00e0 di Guillaume<\/span><\/i><span style=\"font-weight: 400\">&#8221; con il quale ha vinto gli All Music Italia Awards 2017 come miglior album. <\/span><\/p>\n<p>&nbsp;<\/p>\n<p><span style=\"font-weight: 400\">\u00ab<\/span><i><span style=\"font-weight: 400\">Ho voluto intitolare questo tour \u201cAstronave gialla world tour\u201d, perch\u00e9 ho sempre inteso la musica come un viaggio spazio-temporale: emotivo, psicologico, spirituale\u2026 un\u2019occasione per raggiungere mete lontane, sconosciute, imprevedibili.\u00a0<\/span><\/i><\/p>\n<p><i><span style=\"font-weight: 400\">In giro per il mondo porter\u00f2 me stessa, le mie visioni, la mia interiorit\u00e0, e le mie canzoni, che sono la mia storia, il mio vissuto, ma anche i tanti pianeti creati dalla mia immaginazione.\u00a0Ebbene, io e il mio pianoforte, che \u00e8 da sempre il mio amico del cuore e il mio motore in un certo senso, stiamo per decollare! Sono grata, felice, piena d\u2019entusiasmo, e pronta darmi completamente al pubblico che incontrer\u00f2, e a \u201craccogliere\u201d tutta la bellezza e la meraviglia che ogni viaggio mi regaler\u00e0, nutrendo la mia ispirazione. Grazie infinite a tutti coloro che hanno reso possibile tutto questo, un altro sogno si \u00e8 materializzato!\u00bb <\/span><\/i><b>Roberta Giallo.<\/b><\/p>\n<p><a href=\"https:\/\/www.facebook.com\/robertagiallo.rainbow\/videos\/523427244785265\/\">https:\/\/www.facebook.com\/robertagiallo.rainbow\/videos\/523427244785265\/<\/a><\/p>\n<p>&nbsp;<\/p>\n<p><span style=\"font-weight: 400\">\u201c<\/span><i><span style=\"font-weight: 400\">L&#8217;Oscurit\u00e0 di Guillaume<\/span><\/i><span style=\"font-weight: 400\">&#8221; \u00e8 <\/span><b>un concept album<\/b><span style=\"font-weight: 400\"> che racconta di una storia d\u2019amore travagliata vissuta tra la realt\u00e0 e \u201cil mondo virtuale\u201d. Con la sua vocalit\u00e0 raffinata e suggestiva, la cantautrice, intraprende un viaggio interiore che ripercorre un capitolo della sua vita.\u00a0<\/span><\/p>\n<p><img loading=\"lazy\" decoding=\"async\" class=\"alignnone aligncenter\" src=\"http:\/\/www.thetimeinmusic.com\/wp-content\/uploads\/2017\/01\/Copertina-LOscurit%C3%A0-di-Guillaume_b.jpg\" width=\"393\" height=\"393\" \/><\/p>\n<p><span style=\"font-weight: 400\">\u00ab<\/span><i><span style=\"font-weight: 400\">\u201dL&#8217;Oscurit\u00e0 di Guillaume\u201d \u00e8 un disco ispirato e senza tempo che indaga sull&#8217;amore archetipico, tuttavia ho tratto ispirazione da un\u2019esaltante e al tempo stesso burrascosa storia d\u2019amore che ho vissuto personalmente. Ho scritto tutte le canzoni \u201ccalandomi\u201d in un altrove dell&#8217;animo, cercando di connettermi con le emozioni nel loro stato pi\u00f9 puro. Lo colloco in una specie di \u201cMedio Evo Post-Atomico&#8221;, un paesaggio dell&#8217;anima, molto oscuro, ma con una piccola luce guida<\/span><\/i><span style=\"font-weight: 400\">\u00bb.\u00a0<\/span><b>Roberta Giallo. <\/b><\/p>\n<p>&nbsp;<\/p>\n<p><span style=\"font-weight: 400\">Prima di partire per l\u2019\u201d<\/span><b>Astronave gialla world tour<\/b><span style=\"font-weight: 400\">\u201d,<\/span><b> Roberta Giallo <\/b><span style=\"font-weight: 400\">si esibir\u00e0 sabato 29 settembre al<\/span><b> MEI di Faenza, <\/b><span style=\"font-weight: 400\">nella cornice del Teatro Masini, in qualit\u00e0 di ospite del <\/span><b>\u201cPremio dei Premi\u201d <\/b><span style=\"font-weight: 400\">riconoscimento con cui \u00e8 stata premiata nel 2017. <\/span><\/p>\n<p>&nbsp;<\/p>\n<p><b>BIO<\/b><\/p>\n<p><span style=\"font-weight: 400\">Roberta Giallo (Senigallia, 1982), nome d\u2019arte di Roberta Giallombardo, \u00e8 <\/span><b>cantautrice, autrice, performer teatrale, pittrice e scrittrice.<\/b><span style=\"font-weight: 400\"><br \/>\n<\/span><span style=\"font-weight: 400\">Durante la sua carriera ha collaborato con numerosi artisti, tra cui <\/span><b>Lucio Dalla<\/b><span style=\"font-weight: 400\">, nel brano \u201cAnche se il tempo passa\u201d per il suo ultimo disco \u201cQuesto \u00e8 amore\u201d e alla realizzazione della colonna sonora del film \u201cIl cuore grande delle ragazze\u201d di <\/span><b>Pupi Avati<\/b><span style=\"font-weight: 400\">;<\/span><b> Samuele Bersani<\/b><span style=\"font-weight: 400\">, nel disco \u201cNuvola numero nove\u201d, nel singolo \u201cLa fortuna che abbiamo\u201d, inoltre duettano insieme nel brano inedito \u201cVoce al Bene\u201d di cui Roberta \u00e8 autrice; <\/span><b>Valentino Corvino<\/b><span style=\"font-weight: 400\">; gli <\/span><b>Ark\u00e8 String Quartet<\/b><span style=\"font-weight: 400\">; gli <\/span><b>Gnu Quartet<\/b><span style=\"font-weight: 400\">; l&#8217;orchestra<\/span><b> Musicomio<\/b><span style=\"font-weight: 400\">; l&#8217;<\/span><b>orchestra del teatro Massimo di Palermo<\/b><span style=\"font-weight: 400\">; l\u2019<\/span><b>orchestra metropolitana di Bari<\/b><span style=\"font-weight: 400\">; i produttori <\/span><b>Mauro Malavasi<\/b><span style=\"font-weight: 400\">, <\/span><b>Marcello Corvino<\/b><span style=\"font-weight: 400\">, <\/span><b>Francesco Migliacci<\/b><span style=\"font-weight: 400\">; il giornalista e saggista <\/span><b>Federico Rampin<\/b><span style=\"font-weight: 400\">i. <\/span><\/p>\n<p><span style=\"font-weight: 400\">Apre i concerti di <\/span><b>Sting, Carmen Consoli, Edoardo Bennato, Alex Britti<\/b><span style=\"font-weight: 400\">.<\/span><span style=\"font-weight: 400\"><br \/>\n<\/span><span style=\"font-weight: 400\">Ha pubblicato il disco LP \u201c<\/span><i><span style=\"font-weight: 400\">L&#8217;oscurit\u00e0 di Guillaume<\/span><\/i><span style=\"font-weight: 400\">\u201d (2017), il disco EP \u201c<\/span><i><span style=\"font-weight: 400\">Di luce propria<\/span><\/i><span style=\"font-weight: 400\">\u201d (2014), i singoli \u201c<\/span><i><span style=\"font-weight: 400\">Animale<\/span><\/i><span style=\"font-weight: 400\">\u201d (2015), \u201c<\/span><i><span style=\"font-weight: 400\">Start<\/span><\/i><span style=\"font-weight: 400\">\u201d (2016), \u201c<\/span><i><span style=\"font-weight: 400\">Amore amo<\/span><\/i><span style=\"font-weight: 400\">r\u201d (2016), \u201c<\/span><i><span style=\"font-weight: 400\">In amore muoio di Frontale<\/span><\/i><span style=\"font-weight: 400\">\u201d (2017). Scrive testo e musica del brano \u201c<\/span><i><span style=\"font-weight: 400\">Mettici pi\u00f9 Verve\u201d <\/span><\/i><span style=\"font-weight: 400\">interpretato da Simona Molinari. <\/span><\/p>\n<p><span style=\"font-weight: 400\">Partecipa al <\/span><b>teatro Zelig di Milan<\/b><span style=\"font-weight: 400\">o alla manifestazione \u201c<\/span><i><span style=\"font-weight: 400\">Ci vuole orecchio<\/span><\/i><span style=\"font-weight: 400\">\u201d presentata da Gioele Dix, rappresentando la canzone d&#8217;autore di Bologna.<\/span><span style=\"font-weight: 400\"><br \/>\n<\/span><span style=\"font-weight: 400\">Dal 2014 a seguire \u00e8 ospite ai programmi di Luca Barbarossa, Serena Dandini, Carolina Di Domenico e Pierluigi Ferrantini in onda su radio Rai 2; al Roxy Bar ed al Barone Rosso di Red Ronnie; ad Edicola Fiore condotto da Rosario Fiorello, in onda su Sky. <\/span><\/p>\n<p><span style=\"font-weight: 400\">Nel corso della sua carriera vince, tra gli altri, l\u2019<\/span><b>All Music Italia Award nella sezione migliore disco del 2017<\/b><span style=\"font-weight: 400\">, il <\/span><b>Premio dei Premi MEI 2017<\/b><span style=\"font-weight: 400\">, il <\/span><b>Premio Bindi 2017<\/b><span style=\"font-weight: 400\">, il <\/span><b>premio \u201cUn Certain Regard\u201d per la migliore esibizione live di Musicultura 2013<\/b><span style=\"font-weight: 400\">, per due volte consecutive <\/span><b>la borsa di studio per autori al CET di Mogol<\/b><span style=\"font-weight: 400\">, il <\/span><b>Premio Inedito &#8211; Colline di Torino 2017<\/b><span style=\"font-weight: 400\">, la <\/span><b>targa Cora al Premio Lauzi 2017<\/b><span style=\"font-weight: 400\">, il <\/span><b>Festival del Mediterraneo<\/b><span style=\"font-weight: 400\">, il<\/span><b> Soleada Festival<\/b><span style=\"font-weight: 400\">, il <\/span><b>Cornetto Free Music Festival<\/b><span style=\"font-weight: 400\"> promosso dall\u2019Algida. <\/span><\/p>\n<p>&nbsp;<\/p>\n<p><b>Dal 2014 \u00e8 in tour con diversi spettacoli di teatro, tra cui:<\/b><span style=\"font-weight: 400\"><br \/>\n<\/span><span style=\"font-weight: 400\">&#8211; \u201cTrip of a dreaming soul\u201d, di cui Roberta \u00e8 autrice, regista e interprete al Youth Square Y-Theatre di Hong Kong; <\/span><\/p>\n<p><span style=\"font-weight: 400\">&#8211; \u201cAll you need is love &#8211; l\u2019Economia spiegata con i Beatles\u201d di e con Federico Rampini al festival \u201cLe idee di Repubblica\u201d, al Teatro Massimo di Palermo, etc.<\/span><span style=\"font-weight: 400\"><br \/>\n<\/span><span style=\"font-weight: 400\">&#8211; \u201cL&#8217;et\u00e0 del caos\u201d, di e con Federico Rampini, al Festival dei due mondi di Spoleto;<\/span><span style=\"font-weight: 400\"><br \/>\n<\/span><span style=\"font-weight: 400\">&#8211; \u201cLa favola della canzone Italiana\u201d di Ernesto Assante e di Gino Castaldo, in cui reinterpreta i grandi classici della musica italiana al Th\u00e9\u00e2tre des vari\u00e9t\u00e9s di Montecarlo.<\/span><span style=\"font-weight: 400\"><br \/>\n<\/span><span style=\"font-weight: 400\">&#8211; \u201cRoberto Roversi &#8211; Una voce r\/esistenziale\u201d in cui interpreta la versione integrale, mai eseguita prima di allora, de \u201cLa canzone di Orlando\u201d scritta dal poeta Roberto Roversi e Lucio Dalla.<\/span><span style=\"font-weight: 400\"><br \/>\n<\/span><span style=\"font-weight: 400\">&#8211; Prende parte allo spettacolo \u201cCaro Lucio ti scrivo\u201d di Riccardo Marchesini, autore dell\u2019omonimo film cinematografico, al Teatro Duse di Bologna. <\/span><\/p>\n<p><span style=\"font-weight: 400\">Negli anni 2014 e 2017 omaggia la ricorrenza del 4 Marzo esibendosi dal vivo a casa di Lucio Dalla. Ospiti insieme a lei Ermal Meta, Brunori SAS, Dente, Antonio Maggio. <\/span><span style=\"font-weight: 400\"><br \/>\n<\/span><span style=\"font-weight: 400\">Nel 2018 invece omaggia la consueta ricorrenza del 4 Marzo esibendosi dal vivo dal Teatro Comunale di Bologna. <\/span><\/p>\n<p><span style=\"font-weight: 400\">Nel 2017 esce<\/span><b> il film \u201c<\/b><b><i>La ragazza dei miei sogni<\/i><\/b><span style=\"font-weight: 400\">\u201d, contenente alcuni brani scritti da Roberta per la colonna sonora. Dal 2017 \u00e8 conduttrice su \u201cDisco Sport\u201d, in onda tutte le domeniche su Punto Radio, l\u2019emittente fondata da Vasco Rossi, insieme allo speaker Marco Rossi.<\/span><span style=\"font-weight: 400\"><br \/>\n<\/span><span style=\"font-weight: 400\">Nel 2016 idea e presenta la rassegna sui cantautori intitolata \u201cMarted\u00ec in Giallo\u201d svolta al prestigioso Bravo Caff\u00e8 di Bologna. <\/span><\/p>\n<p><span style=\"font-weight: 400\">Sempre nel 2016 presenta al <\/span><b>Mapei Stadium di Reggio Emilia<\/b><span style=\"font-weight: 400\"> in anteprima assoluta il singolo \u201cStart\u201d durante l&#8217;intervallo della partita di calcio Sassuolo vs Frosinone disputata in Serie A TIM.<\/span><span style=\"font-weight: 400\"><br \/>\n<\/span><span style=\"font-weight: 400\">Nel 2016 viene notata anche dal <\/span><b>Club Tenco<\/b><span style=\"font-weight: 400\"> che le chiede di esibirsi sul palco di Laigueglia in occasione del \u201cTenco Ascolta\u201d.<\/span><span style=\"font-weight: 400\"><br \/>\n<\/span><span style=\"font-weight: 400\">Nel 2018 porta lo show case de \u201cL\u2019oscurit\u00e0 di Guillaume\u201d nella storica sede del Club Tenco a Sanremo invitata da L\u2019isola che non c\u2019era; all\u2019anfiteatro di FICO, intervistata da Pierfrancesco Pacoda.<\/span><span style=\"font-weight: 400\"><br \/>\n<\/span><span style=\"font-weight: 400\">Prende parte alle esibizioni di Casa SIAE locata sempre nel centro di Sanremo.<\/span><span style=\"font-weight: 400\"><br \/>\n<\/span><b>Si esibisce all\u2019Osteria delle Dame di Bologna<\/b><span style=\"font-weight: 400\">, fondata da Francesco Guccini, invitata dal giornalista de \u201cIl Fatto Quotidiano\u201d Paolo Talanca per rappresentare il cantautorato emiliano. <\/span><\/p>\n<p>&nbsp;<\/p>\n<p style=\"text-align: center\"><b>Contatti e social<\/b><\/p>\n<p style=\"text-align: center\"><b>Sito web:<\/b><span style=\"font-weight: 400\">\u00a0<a href=\"http:\/\/www.robertagiallo.com\">http:\/\/www.robertagiallo.com<\/a><\/span><\/p>\n<p style=\"text-align: center\"><b>Facebook<\/b><span style=\"font-weight: 400\">:\u00a0<a href=\"http:\/\/www.facebook.com\/robertagiallo.rainbow\">http:\/\/www.facebook.com\/robertagiallo.rainbow<\/a><\/span><\/p>\n<p style=\"text-align: center\"><b>Twitter:<\/b><span style=\"font-weight: 400\">\u00a0<a href=\"http:\/\/www.twitter.com\/robertagiallo\">http:\/\/www.twitter.com\/robertagiallo<\/a><\/span><\/p>\n<p style=\"text-align: center\"><b>Instagram<\/b><span style=\"font-weight: 400\">:\u00a0http:\/\/www.instagram.com\/robertagiallo<\/span><\/p>\n<p style=\"text-align: center\"><b>Canale Youtube:<\/b><span style=\"font-weight: 400\">\u00a0http:\/\/www.youtube.com\/robertagiallo\u00a0<\/span><\/p>\n","protected":false},"excerpt":{"rendered":"<p>Parte l\u201911 ottobre da Mosca il tour mondiale di Roberta Giallo. La cantautrice, autrice, performer teatrale, pittrice e scrittrice, originaria di Senigallia si appresta a portare le sonorit\u00e0 del suo ultimo album \u201cL\u2019oscurit\u00e0 di Guillaume\u201d in 8 live che toccheranno la Russia, la Cina, gli Emirati Arabi e gli Stati Uniti in esclusive location. Dopo [&hellip;]<\/p>\n","protected":false},"author":4383,"featured_media":0,"comment_status":"open","ping_status":"open","sticky":false,"template":"","format":"standard","meta":{"footnotes":""},"categories":[29,12],"tags":[],"class_list":["post-34159","post","type-post","status-publish","format-standard","hentry","category-comunicati","category-musica"],"_links":{"self":[{"href":"https:\/\/www.area-press.eu\/comunicatistampa\/wp-json\/wp\/v2\/posts\/34159","targetHints":{"allow":["GET"]}}],"collection":[{"href":"https:\/\/www.area-press.eu\/comunicatistampa\/wp-json\/wp\/v2\/posts"}],"about":[{"href":"https:\/\/www.area-press.eu\/comunicatistampa\/wp-json\/wp\/v2\/types\/post"}],"author":[{"embeddable":true,"href":"https:\/\/www.area-press.eu\/comunicatistampa\/wp-json\/wp\/v2\/users\/4383"}],"replies":[{"embeddable":true,"href":"https:\/\/www.area-press.eu\/comunicatistampa\/wp-json\/wp\/v2\/comments?post=34159"}],"version-history":[{"count":1,"href":"https:\/\/www.area-press.eu\/comunicatistampa\/wp-json\/wp\/v2\/posts\/34159\/revisions"}],"predecessor-version":[{"id":34163,"href":"https:\/\/www.area-press.eu\/comunicatistampa\/wp-json\/wp\/v2\/posts\/34159\/revisions\/34163"}],"wp:attachment":[{"href":"https:\/\/www.area-press.eu\/comunicatistampa\/wp-json\/wp\/v2\/media?parent=34159"}],"wp:term":[{"taxonomy":"category","embeddable":true,"href":"https:\/\/www.area-press.eu\/comunicatistampa\/wp-json\/wp\/v2\/categories?post=34159"},{"taxonomy":"post_tag","embeddable":true,"href":"https:\/\/www.area-press.eu\/comunicatistampa\/wp-json\/wp\/v2\/tags?post=34159"}],"curies":[{"name":"wp","href":"https:\/\/api.w.org\/{rel}","templated":true}]}}