{"id":34131,"date":"2018-10-03T20:46:38","date_gmt":"2018-10-03T18:46:38","guid":{"rendered":"http:\/\/www.area-press.eu\/comunicatistampa\/?p=34131"},"modified":"2018-10-03T20:46:38","modified_gmt":"2018-10-03T18:46:38","slug":"f2i-si-afferma-nel-fotovoltaico-con-lacquisizione-di-rtr","status":"publish","type":"post","link":"https:\/\/www.area-press.eu\/comunicatistampa\/2018\/10\/03\/f2i-si-afferma-nel-fotovoltaico-con-lacquisizione-di-rtr\/","title":{"rendered":"F2i si afferma nel fotovoltaico con l\u2019acquisizione di Rtr"},"content":{"rendered":"<p><em><strong>Con l&#8217;acquisto del Gruppo Rtr da Terra Firma, <a title=\"f2i - LinkedIn\" href=\"https:\/\/it.linkedin.com\/company\/f2i-sgr\">F2i<\/a> diventa ufficialmente il terzo produttore d&#8217;Europa di energia fotovoltaica: il commento di Renato Ravanelli, CEO del fondo infrastrutturale italiano.<\/strong> <\/em><\/p>\n<p><img decoding=\"async\" src=\"https:\/\/www.originalcontents.eu\/wp-content\/uploads\/2018\/07\/F2i.png\" alt=\"F2i\" \/><\/p>\n<h2>Renato Ravanelli: i dettagli dell&#8217;acquisizione di Rtr da parte di F2i<\/h2>\n<p>Il fondo infrastrutturale <strong>F2i<\/strong> ha di recente acquistato il gruppo Rtr, rafforzando cos\u00ec la propria presenza nel settore della produzione di energia elettrica da fonte fotovoltaica. La societ\u00e0 Rtr possiede 134 siti italiani di produzione, con capacit\u00e0 installata pari a 334 megawatt per 1,3 miliardi di euro come valore d&#8217;impresa: di questi, 600 milioni sar\u00e0 la cassa pagata da F2i, mentre 700 milioni sono relativi al debito. Il fondo infrastrutturale guidato da <strong>Renato Ravanelli<\/strong> ha comprato Rtr dal gruppo finanziario britannico Terra Firma. &#8220;Terra Firma ha costruito Rtr da zero, usando la propria esperienza manageriale e operativa per gestire la crescita attraverso acquisizioni selettive. Ora \u00e8 il momento giusto per affidarla ad una nuova propriet\u00e0: un investitore a lungo termine&#8221;, ha commentato Ingmar Wilhem, CEO di Rtr. All&#8217;operazione hanno preso parte numerosi advisor: per Terra Firma, Unicredit, Cantor Fitzgerald, Jefferies, Jp Morgan, Gianni Origoni Grippo Cappelli e Moroni &amp; Partners. Per <strong>F2i<\/strong> sono intervenuti come advisor Barclays, Intesa Sanpaolo e SocGen, Legance, Deloitte, Willis Tower Watson, Eos. Le banche finanziatrici sono invece Bnp Paribas, Calyon, Ing, Intesa Sanpaolo, SocGen e Ubi.<\/p>\n<h2>F2i: il fondo guidato da Renato Ravanelli \u00e8 il terzo produttore europeo nel fotovoltaico<\/h2>\n<p>Con l&#8217;acquisto di Rtr da Terra Firma, <strong><a title=\"F2i: profilo LinkedIn\" href=\"https:\/\/it.linkedin.com\/company\/f2i-sgr\">F2i<\/a><\/strong> diventa ufficialmente il terzo produttore di energia fotovoltaica in Europa. Dietro l&#8217;operazione, c&#8217;\u00e8 un piano pi\u00f9 globale di riassetto dei veicoli societari nel fotovoltaico: il fondo infatti prevede di conferire in Ef Solare tutti i propri asset fotovoltaici, per un totale di 389 megawatt. Ef Solare Italia diventer\u00e0 cos\u00ec uno dei principali operatori europei con pi\u00f9 di 800 megawatt di capacit\u00e0 installata, oltre ad essere gi\u00e0 il principale operatore italiano del comparto. &#8220;Con la scala produttiva complessivamente raggiunta grazie a questa acquisizione&#8221;, ha commentato <strong>Renato Ravanelli<\/strong>, &#8220;<strong>F2i<\/strong> diviene cos\u00ec il terzo pi\u00f9 grande produttore di energia elettrica da fonte solare in Europa. Le rilevanti efficienze operative e finanziarie, che potranno essere conseguite grazie alla scala produttiva raggiunta, ne faranno anche uno dei pi\u00f9 efficienti a livello continentale&#8221;. Rtr \u00e8 stata creata nel 2011 a partire da un piccolo portafoglio. Da allora ha pi\u00f9 che raddoppiato la sua capacit\u00e0 produttiva, passando da 144 megawatt a 334 con 134 siti di produzione. Il 2017 si \u00e8 concluso con un ebitda di 130 milioni di euro. Il fondo infrastrutturale amministrato da <strong>Renato Ravanelli<\/strong> ha avuto la meglio nell&#8217;acquisto sul suo ultimo concorrente, Sonnedix.<\/p>\n","protected":false},"excerpt":{"rendered":"<p>Con l&#8217;acquisto del Gruppo Rtr da Terra Firma, F2i diventa ufficialmente il terzo produttore d&#8217;Europa di energia fotovoltaica: il commento di Renato Ravanelli, CEO del fondo infrastrutturale italiano. Renato Ravanelli: i dettagli dell&#8217;acquisizione di Rtr da parte di F2i Il fondo infrastrutturale F2i ha di recente acquistato il gruppo Rtr, rafforzando cos\u00ec la propria presenza [&hellip;]<\/p>\n","protected":false},"author":227,"featured_media":0,"comment_status":"open","ping_status":"open","sticky":false,"template":"","format":"standard","meta":{"footnotes":""},"categories":[5,7],"tags":[1047,1046],"class_list":["post-34131","post","type-post","status-publish","format-standard","hentry","category-aziendali","category-economia-e-finanza","tag-f2i","tag-renato-ravanelli"],"_links":{"self":[{"href":"https:\/\/www.area-press.eu\/comunicatistampa\/wp-json\/wp\/v2\/posts\/34131","targetHints":{"allow":["GET"]}}],"collection":[{"href":"https:\/\/www.area-press.eu\/comunicatistampa\/wp-json\/wp\/v2\/posts"}],"about":[{"href":"https:\/\/www.area-press.eu\/comunicatistampa\/wp-json\/wp\/v2\/types\/post"}],"author":[{"embeddable":true,"href":"https:\/\/www.area-press.eu\/comunicatistampa\/wp-json\/wp\/v2\/users\/227"}],"replies":[{"embeddable":true,"href":"https:\/\/www.area-press.eu\/comunicatistampa\/wp-json\/wp\/v2\/comments?post=34131"}],"version-history":[{"count":1,"href":"https:\/\/www.area-press.eu\/comunicatistampa\/wp-json\/wp\/v2\/posts\/34131\/revisions"}],"predecessor-version":[{"id":34135,"href":"https:\/\/www.area-press.eu\/comunicatistampa\/wp-json\/wp\/v2\/posts\/34131\/revisions\/34135"}],"wp:attachment":[{"href":"https:\/\/www.area-press.eu\/comunicatistampa\/wp-json\/wp\/v2\/media?parent=34131"}],"wp:term":[{"taxonomy":"category","embeddable":true,"href":"https:\/\/www.area-press.eu\/comunicatistampa\/wp-json\/wp\/v2\/categories?post=34131"},{"taxonomy":"post_tag","embeddable":true,"href":"https:\/\/www.area-press.eu\/comunicatistampa\/wp-json\/wp\/v2\/tags?post=34131"}],"curies":[{"name":"wp","href":"https:\/\/api.w.org\/{rel}","templated":true}]}}