{"id":34126,"date":"2018-10-03T20:46:37","date_gmt":"2018-10-03T18:46:37","guid":{"rendered":"http:\/\/www.area-press.eu\/comunicatistampa\/?p=34126"},"modified":"2018-10-03T20:46:37","modified_gmt":"2018-10-03T18:46:37","slug":"carlo-malinconico-le-attivita-e-le-esperienze-in-ambito-giuridico","status":"publish","type":"post","link":"https:\/\/www.area-press.eu\/comunicatistampa\/2018\/10\/03\/carlo-malinconico-le-attivita-e-le-esperienze-in-ambito-giuridico\/","title":{"rendered":"Carlo Malinconico, le attivit\u00e0 e le esperienze in ambito giuridico"},"content":{"rendered":"<p><em><strong><a title=\"Carlo Malinconico, Economia oggi\" href=\"http:\/\/www.economiaoggi.it\/Carlo-Malinconico\/\">Carlo Malinconico<\/a>, avvocato e professore di diritto in Roma, ha maturato oltre 40 anni di esperienza in ambito legale. Fondatore dell&#8217;omonimo Studio Legale, \u00e8 stato Presidente della Federazione Italiana Editori Giornali dal 2008 al 2011.<\/strong><\/em><\/p>\n<p><a title=\"Carlo Malinconico, economia oggi\" href=\"http:\/\/www.economiaoggi.it\/Carlo-Malinconico\/\"><img loading=\"lazy\" decoding=\"async\" src=\"http:\/\/www.economiaoggi.it\/images\/stories\/carlo%20malinconico%20.jpg\" alt=\"Carlo Malinconico\" width=\"103\" height=\"145\" \/><\/a><\/p>\n<h2>Carlo Malinconico, studi ed esperienze professionali<\/h2>\n<p>Conseguita la Laurea in Giurisprudenza presso l&#8217;Universit\u00e0 degli Studi di Milano, <strong>Carlo Malinconico<\/strong> intraprende la carriera nell&#8217;avvocatura grazie al superamento dell&#8217;esame di abilitazione all&#8217;esercizio della professione legale presso la Corte d&#8217;Appello di Milano. Superato il concorso per Uditore Giudiziario, nel 1976 diviene per concorso prima Procuratore e poi Avvocato dello Stato nell&#8217;Avvocatura dello Stato di Milano, attivit\u00e0 protrattasi fino al 1985. Diventato Consigliere di Stato grazie al concorso pubblico, svolge per 17 anni le relative funzioni, associandole a prestigiose cariche istituto: nel quadriennio compreso tra il 1986 e il 1990 \u00e8 consigliere giuridico all&#8217;interno degli uffici legislativi di diversi dicasteri: Ministero dei Trasporti, Ministero della Marina Mercantile, Ministero del Tesoro e Presidenza del Consiglio dei Ministri. Il percorso di <strong>Carlo Malinconico<\/strong> in ambito istituzionale prosegue poi con la nomina, nel 1990, a Capo Ufficio Legislativo per il Ministero delle Partecipazioni Statali, ruolo che riveste in seguito anche per il Ministero del Tesoro. Attivo dal 1992 al 1997 presso l&#8217;Autorit\u00e0 Garante della Concorrenza e del Mercato in qualit\u00e0 di Consigliere Giuridico, viene nominato nel 1998 Esperto dell&#8217;Autorit\u00e0 per l&#8217;Energia Elettrica e il Gas, della quale diviene Direttore Generale nel biennio 2001-2002. A capo del Dipartimento degli Affari Giuridici e Legislativi della Presidenza del Consiglio dei Ministri tra il 1996 e il 2001, nel 2006 subentra nella carica di Segretario Generale, mantenuta sino al 2008.<\/p>\n<h2>Le attivit\u00e0 di Carlo Malinconico: dalla docenza allo studio legale<\/h2>\n<p>Cavaliere di Gran Croce dell&#8217;Ordine al Merito della Repubblica Italiana, onorificenza conferitagli dal presidente della Repubblica Carlo Azeglio Ciampi, <strong><a title=\"Carlo Malinconico, profilo Economia oggi\" href=\"http:\/\/www.economiaoggi.it\/Carlo-Malinconico\/\">Carlo Malinconico<\/a><\/strong> ha dato vita nel 2003 a un proprio studio legale: una boutique legale con competenza e capacit\u00e0 di intervento su numerosi rami del diritto: penale e amministrativo, civile dei contratti e dei danni, europeo, pubblico dell&#8217;economia; anche dell&#8217;attivit\u00e0 professionale lo studio si qualifica ben presto come eccellenza nel campo: \u00e8 vincitore del prestigioso premio &#8220;Le Fonti&#8221; come &#8220;avvocato dell&#8217;anno in diritto amministrativo&#8221; . Relatore in importanti convegni giuridici, nel 2002 d\u00e0 avvio alla carriera nella docenza universitaria, insegnando all&#8217;Universit\u00e0 degli Studi di Udine e, in seguito, alla facolt\u00e0 di Giurisprudenza dell&#8217;Universit\u00e0 Tor Vergata di Roma. Presidente della Federazione Italiana Editori Giornali, FIEG, tra il 2008 e il 2011, <strong>Carlo Malinconico<\/strong> ha ricoperto, previa interruzione degli altri incarichi professionali, il ruolo di Segretario Generale e Sottosegretario di Stato alla Presidenza del Consiglio dei Ministri del Governo Monti con delega all&#8217;editoria, agli affari regionali e al coordinamento amministrativo.<\/p>\n","protected":false},"excerpt":{"rendered":"<p>Carlo Malinconico, avvocato e professore di diritto in Roma, ha maturato oltre 40 anni di esperienza in ambito legale. Fondatore dell&#8217;omonimo Studio Legale, \u00e8 stato Presidente della Federazione Italiana Editori Giornali dal 2008 al 2011. Carlo Malinconico, studi ed esperienze professionali Conseguita la Laurea in Giurisprudenza presso l&#8217;Universit\u00e0 degli Studi di Milano, Carlo Malinconico intraprende [&hellip;]<\/p>\n","protected":false},"author":3844,"featured_media":0,"comment_status":"open","ping_status":"open","sticky":false,"template":"","format":"standard","meta":{"footnotes":""},"categories":[5],"tags":[11221],"class_list":["post-34126","post","type-post","status-publish","format-standard","hentry","category-aziendali","tag-carlo-malinconico"],"_links":{"self":[{"href":"https:\/\/www.area-press.eu\/comunicatistampa\/wp-json\/wp\/v2\/posts\/34126","targetHints":{"allow":["GET"]}}],"collection":[{"href":"https:\/\/www.area-press.eu\/comunicatistampa\/wp-json\/wp\/v2\/posts"}],"about":[{"href":"https:\/\/www.area-press.eu\/comunicatistampa\/wp-json\/wp\/v2\/types\/post"}],"author":[{"embeddable":true,"href":"https:\/\/www.area-press.eu\/comunicatistampa\/wp-json\/wp\/v2\/users\/3844"}],"replies":[{"embeddable":true,"href":"https:\/\/www.area-press.eu\/comunicatistampa\/wp-json\/wp\/v2\/comments?post=34126"}],"version-history":[{"count":1,"href":"https:\/\/www.area-press.eu\/comunicatistampa\/wp-json\/wp\/v2\/posts\/34126\/revisions"}],"predecessor-version":[{"id":34129,"href":"https:\/\/www.area-press.eu\/comunicatistampa\/wp-json\/wp\/v2\/posts\/34126\/revisions\/34129"}],"wp:attachment":[{"href":"https:\/\/www.area-press.eu\/comunicatistampa\/wp-json\/wp\/v2\/media?parent=34126"}],"wp:term":[{"taxonomy":"category","embeddable":true,"href":"https:\/\/www.area-press.eu\/comunicatistampa\/wp-json\/wp\/v2\/categories?post=34126"},{"taxonomy":"post_tag","embeddable":true,"href":"https:\/\/www.area-press.eu\/comunicatistampa\/wp-json\/wp\/v2\/tags?post=34126"}],"curies":[{"name":"wp","href":"https:\/\/api.w.org\/{rel}","templated":true}]}}