{"id":34108,"date":"2018-10-02T21:25:59","date_gmt":"2018-10-02T19:25:59","guid":{"rendered":"http:\/\/www.area-press.eu\/comunicatistampa\/?p=34108"},"modified":"2018-10-02T21:25:59","modified_gmt":"2018-10-02T19:25:59","slug":"dallapplique-moderno-allopera-darte-si-aprono-nuovi-orizzonti","status":"publish","type":"post","link":"https:\/\/www.area-press.eu\/comunicatistampa\/2018\/10\/02\/dallapplique-moderno-allopera-darte-si-aprono-nuovi-orizzonti\/","title":{"rendered":"Dall\u2019applique moderno all\u2019opera d\u2019arte: si aprono nuovi orizzonti"},"content":{"rendered":"<p>Avete in programma di ristrutturare casa? Di creare un\u2019atmosfera particolare, moderna e frizzante? Per rinnovare l\u2019aspetto della propria casa non c\u2019\u00e8 niente di meglio che sostituire le vecchie lampade non pi\u00f9 al passo coi tempi, che rendono la vostra casa un pezzo da museo. Se state pensando che questa \u00e8 la cosa giusta da fare continuate a leggere; questo \u00e8 l\u2019articolo che fa per voi. Le lampade dallo stile classico sono ormai superate. La lampada non \u00e8 pi\u00f9 un complemento d\u2019arredo di secondo piano. <strong>La funzionalit\u00e0 e l\u2019estetica sono ugualmente importanti<\/strong> e anzi si fondono per creare <strong>oggetti di design da ammirare e da vivere<\/strong>. La <a href=\"https:\/\/www.agofstore.com\/vendita\/it\/10-lampada-a-parete\">lampada a parete<\/a> <strong>\u00e8 sinonimo di versatilit\u00e0.<\/strong> Si adatta a ogni ambiente della casa, dal salotto alle camere, fino ai corridoi che congiungono le stanze. Attraverso la giusta illuminazione da parete queste zone di passaggio vengono trasformate in ambienti piacevoli ed ugualmente accoglienti. Ma quali sono le possibilit\u00e0 fra cui scegliere? Fortunatamente i designer della luce si sono sbizzarriti e ci sono lampade da parete per tutti i gusti ed esigenze.<\/p>\n<h2>La lampada da parete per l\u2019illuminazione dei muri domestici<\/h2>\n<p>&nbsp;<\/p>\n<p>Gli appassionati di <em>lighting design<\/em> si dividono in due principali categorie. Ci sono quelli che prediligono le <strong>lampade che mantengono la forma tradizionale<\/strong>, sempre con un occhio di riguardo all\u2019estetica, e coloro che invece preferiscono la lampada che non si riconosce come tale. Andiamo adesso ad analizzare i due poli opposti. Fanno parte della prima categoria le lampade da parete dalle <strong>linee eleganti e pulite<\/strong>, in <strong>materiali leggeri e resitenti<\/strong> come l\u2019alluminio e prodotte con le migliori tecnologie disponibili sul mercato. <strong>Sia che si tratti di faretti che di lampade da parete realizzate con forme pulite ma ricercate i colori di tendenza sono quelli dell\u2019acciaio e del bianco<\/strong>, che si addicono ad ambienti moderni. Nella scelta delle luci da muro \u00e8 consigliabile tenere a mente l\u2019effetto ricercato in termini di luminosit\u00e0 e di contrasto \u2013 a livello estetico \u2013 con il resto dell\u2019arredamento. Un arredamento classico accostato a degli applique moderni da parete crea evidentemente un grande contrasto che deve essere bilanciato con altri elementi d\u2019arredo.<\/p>\n<p>&nbsp;<\/p>\n<h2>L\u2019illuminazione da parete che va oltre l\u2019applique moderno<\/h2>\n<p>&nbsp;<\/p>\n<p>Veniamo ora agli applique da parete che sono delle vere e proprie opere d\u2019arte, per soli intenditori. Gli amanti dell\u2019arte hanno infatti un\u2019 infininita gamma di prodotti fra cui scegliere. Parole chiave: <strong>forme insolite e design ricercato<\/strong>. Degli esempi possono essere i <strong>nastri di luce dall\u2019aspetto sinuoso<\/strong>, come disegni fatti sulla parete. <strong>I materiali sono piegati in modo non convenzionale<\/strong> e vengono creati dei giochi di luce che vanno oltre la semplice illuminazione d\u2019ambiente. Si tratta di oggetti di design <strong>adatti in particolare alla zona living<\/strong>, ma anche agli spazi dedicati al relax e allo svago. Altri ambienti perfetti per l\u2019illuminazione da parete sono le camere da letto, le camerette dei bambini, gli studi, le sale e i bagni. E tu, che tipo sei? Conservatore illuminato o intenditore d\u2019arte? In entrambi i casi non vi resta che cercare la soluzione pi\u00f9 adatta alle vostre necessit\u00e0, senza aver paura di osare.<\/p>\n","protected":false},"excerpt":{"rendered":"<p>Avete in programma di ristrutturare casa? Di creare un\u2019atmosfera particolare, moderna e frizzante? Per rinnovare l\u2019aspetto della propria casa non c\u2019\u00e8 niente di meglio che sostituire le vecchie lampade non pi\u00f9 al passo coi tempi, che rendono la vostra casa un pezzo da museo. Se state pensando che questa \u00e8 la cosa giusta da fare [&hellip;]<\/p>\n","protected":false},"author":5001,"featured_media":0,"comment_status":"open","ping_status":"open","sticky":false,"template":"","format":"standard","meta":{"footnotes":""},"categories":[3],"tags":[21214,21213,21212],"class_list":["post-34108","post","type-post","status-publish","format-standard","hentry","category-arte-e-cultura","tag-applique-moderno","tag-illuminazione-da-parete","tag-lampada-da-parete"],"_links":{"self":[{"href":"https:\/\/www.area-press.eu\/comunicatistampa\/wp-json\/wp\/v2\/posts\/34108","targetHints":{"allow":["GET"]}}],"collection":[{"href":"https:\/\/www.area-press.eu\/comunicatistampa\/wp-json\/wp\/v2\/posts"}],"about":[{"href":"https:\/\/www.area-press.eu\/comunicatistampa\/wp-json\/wp\/v2\/types\/post"}],"author":[{"embeddable":true,"href":"https:\/\/www.area-press.eu\/comunicatistampa\/wp-json\/wp\/v2\/users\/5001"}],"replies":[{"embeddable":true,"href":"https:\/\/www.area-press.eu\/comunicatistampa\/wp-json\/wp\/v2\/comments?post=34108"}],"version-history":[{"count":1,"href":"https:\/\/www.area-press.eu\/comunicatistampa\/wp-json\/wp\/v2\/posts\/34108\/revisions"}],"predecessor-version":[{"id":34109,"href":"https:\/\/www.area-press.eu\/comunicatistampa\/wp-json\/wp\/v2\/posts\/34108\/revisions\/34109"}],"wp:attachment":[{"href":"https:\/\/www.area-press.eu\/comunicatistampa\/wp-json\/wp\/v2\/media?parent=34108"}],"wp:term":[{"taxonomy":"category","embeddable":true,"href":"https:\/\/www.area-press.eu\/comunicatistampa\/wp-json\/wp\/v2\/categories?post=34108"},{"taxonomy":"post_tag","embeddable":true,"href":"https:\/\/www.area-press.eu\/comunicatistampa\/wp-json\/wp\/v2\/tags?post=34108"}],"curies":[{"name":"wp","href":"https:\/\/api.w.org\/{rel}","templated":true}]}}