{"id":34089,"date":"2018-10-01T18:08:16","date_gmt":"2018-10-01T16:08:16","guid":{"rendered":"http:\/\/www.area-press.eu\/comunicatistampa\/?p=34089"},"modified":"2018-10-01T18:08:16","modified_gmt":"2018-10-01T16:08:16","slug":"da-asolo-alla-conquista-dei-mercati-internazionali-gcp-festeggia-i-dieci-anni-e-seicento-clienti","status":"publish","type":"post","link":"https:\/\/www.area-press.eu\/comunicatistampa\/2018\/10\/01\/da-asolo-alla-conquista-dei-mercati-internazionali-gcp-festeggia-i-dieci-anni-e-seicento-clienti\/","title":{"rendered":"Da Asolo alla conquista dei mercati internazionali, GC&amp;P festeggia i dieci anni (e seicento clienti)"},"content":{"rendered":"<p><em>La societ\u00e0 veneta, leader nello sviluppo internazionale e nello \u201csnellimento\u201d delle aziende (grazie allo stile giapponese), chiude il 2018 in crescita a doppia cifra. I soci: \u201cSiamo specialisti per le PMI, le aiutiamo a crescere forti e sane. Il nostro nuovo obiettivo? Affiancare i nostri clienti anche nelle operazioni di finanza straordinaria\u201d. Sabato scorso evento con Oscar Giannino, oltre trecento gli ospiti presenti<\/em><\/p>\n<p>&nbsp;<\/p>\n<p>Nella testa, lo stile di lavoro giapponese basato su precisione nelle operazioni, pulizia organizzativa, condivisione dei valori e abnegazione. Nel cuore, la passione per le piccole e medie aziende, colonna portante del tessuto economico del Nordest. Nelle gambe, la voglia di viaggiare che li ha portati a far consulenza ovunque nel mondo, e persino a stabilirsi con una filiale in India dopo aver creato partnership operative ovunque, dal Brasile alla Turchia, fino agli Emirati Arabi e al Nord Africa.<\/p>\n<p>Sabato scorso 29 settembre la societ\u00e0 di consulenza Gianesin, Canepari &amp; Partners ha festeggiato i propri dieci anni di storia con un happening al quale hanno partecipato, nella storica sede della Fornace dell\u2019Innovazione ad Asolo, nel Trevigiano, oltre trecento ospiti selezionati tra clienti e personalit\u00e0 del mondo del business. Un evento esclusivo, sviluppatosi in un pomeriggio di laboratori formativi, conclusi con la tavola rotonda moderata dal giornalista Oscar Giannino sul tema: &#8220;Eccellenza organizzativa, mercati e territori&#8221;. A intrattenere gli ospiti, la Gaga Symphony \u00a0Orchestra, ad Asolo dopo il successo di X Factor. Da evidenziare anche l\u2019intento solidale della giornata: \u00e8 stata organizzata una lotteria di beneficenza, il cui ricavato \u00e8 andato alla Onlus \u201cCamminare per la vita\u201d rappresentata da Deborah Compagnoni e dal direttivo al completo.<\/p>\n<p>Il modo perfetto per festeggiare un\u2019avventura iniziata nel 2008, quando Nicola Gianesin e Alberto Canepari, consulenti di direzione aziendale, decisero di aprire la societ\u00e0 ad Asolo, selezionando attorno a s\u00e9 un gruppo di manager, professionisti, consulenti esperti nello sviluppo del business, nella trasformazione \u201clean\u201d delle aziende, nello sviluppo delle risorse umane e nel settore dei finanziamenti alle imprese.<\/p>\n<p>Oggi i soci sono quattro: ai fondatori si sono aggiunti Simone Tognin e Nicola Rigobello. GC&amp;P \u00e8 un gruppo con due sedi fisiche e societ\u00e0 operative ad Asolo e Mumbai. Un gruppo che si basa su un portafoglio di oltre 600 clienti e che chiuder\u00e0 il 2018 con un fatturato che superer\u00e0 i 2,5 milioni di euro. I dipendenti sono dieci e i professionisti che collaborano col team una trentina. Grande importanza hanno rivestito anche i corsi di formazione, masterclass dedicate a gruppi ristretti di imprenditori e manager, cui hanno partecipato pi\u00f9 di 1.500 persone da tutta Italia.<\/p>\n<p>Per rendere i propri servizi sempre pi\u00f9 accessibili, GC&amp;P ha permesso alle PMI di ottenere finanziamenti per oltre cinque milioni di euro da vari enti pubblici (voucher regionali e nazionali, fondo sociale europeo, fondi interprofessionali) grazie alla grande capacit\u00e0 di realizzare progetti efficaci.<\/p>\n<p>Oggi GC&amp;P si conferma specialista per tutti i servizi dedicati alle PMI. Nel Triveneto \u00e8 societ\u00e0 leader in questo segmento di business. L\u2019amministratore delegato, Nicola Gianesin, ha le idee chiare sul futuro. \u201cAbbiamo da poco integrato i nostri servizi con l\u2019advisoring su operazioni di finanza straordinaria\u201d, conclude. \u201cL\u2019attuale contesto economico in ripresa e la presenza di nuovi strumenti finanziari offre anche alle PMI l\u2019accesso a nuovi strumenti per ottenere capitale di rischio e capitale di credito. Queste sono risorse indispensabili per la crescita. Con questo portafoglio di competenze e di referenze, siamo sicuri di poter crescere in altre aree geografiche in Italia e all\u2019estero, sempre come specialisti per le PMI\u201d.<\/p>\n<p><strong><em>\u00a0<\/em><\/strong><\/p>\n<p><strong><em>Ufficio stampa Velvet Media \/ press@velvetmedia.it<\/em><\/strong><\/p>\n<p><strong>\u00a0<\/strong><\/p>\n<p><strong>LA SCHEDA<\/strong> Gianesin, Canepari &amp; Partners oggi \u00e8 un gruppo basato su un team di 40 persone tra Treviso e Mumbai e che si basa su un portafoglio di oltre 600 clienti. La sede italiana \u00e8 in via Strada Muson 2\/c ad Asolo, nel Trevigiano. I dati economici sono in costante crescita. Nel 2017 il fatturato \u00e8 salito a due milioni e si stima una chiusura del 2018 superiore a 2,5 milioni. Tra i servizi che rendono unica GC&amp;P c\u2019\u00e8 l\u2019aiuto all\u2019internazionalizzazione per le pmi. Ma l\u2019anima della societ\u00e0 \u00e8 legata allo sviluppo del \u201clean\u201d, ossia la ricerca di efficienza e nuova competitivit\u00e0 in tutti gli ambiti dell\u2019organizzazione aziendale. Ma anche l\u2019ottenimento di finanziamenti messi a disposizione da istituzioni locali, nazionali ed europee. Grande interesse ha destato inoltre il progetto Nord(b)Est, che propone due concorsi: Nord(b)Est Award al miglior progetto di internazionalizzazione e il Nord(b)Est Award per giornalisti che raccontano le pmi.<\/p>\n<p><strong>LA STORIA AZIENDALE<\/strong> La fondazione \u00e8 del <strong>2008<\/strong>: nasce Gianesin, Canepari &amp; Partners. <strong>2009<\/strong>: Lancio dei servizi lean production e lean accounting. <strong>2010<\/strong>: creazione della business unit change management e gestione delle risorse umane. <strong>2011<\/strong>: nasce la business unit finanziamenti alle imprese. GC&amp;P ottiene le certificazioni ISO9001 e ISO14001. <strong>2012<\/strong>: avvio delle attivit\u00e0 formative a marchio GC&amp;P e Nord(b)Est. Realizzazione del primo Nord(b)Est Award. <strong>2013<\/strong>: nasce GC&amp;P India. Creazione della business unit sviluppo del business. <strong>2014<\/strong>: GC&amp;P diventa ente di formazione accreditato dalla Regione Veneto per la formazione continua. <strong>2015<\/strong>: ideazione della filosofia e del servizio lean&amp;green. GC&amp;P entra a far parte dei fornitori del Ministero dello Sviluppo Economico (Mise) per la realizzazione di progetti di internazionalizzazione. <strong>2016<\/strong>: GC&amp;P adotta il modello organizzativo 231. <strong>2017<\/strong>: ingresso di due nuovi soci e consolidamento della compagine sociale. GC&amp;P supera i 2 milioni di fatturato. <strong>2018<\/strong>: si consolida il servizio di advisoring per operazioni straordinarie. Il fatturato \u00e8 superiore ai 2,5 milioni di euro.<\/p>\n","protected":false},"excerpt":{"rendered":"<p>La societ\u00e0 veneta, leader nello sviluppo internazionale e nello \u201csnellimento\u201d delle aziende (grazie allo stile giapponese), chiude il 2018 in crescita a doppia cifra. I soci: \u201cSiamo specialisti per le PMI, le aiutiamo a crescere forti e sane. Il nostro nuovo obiettivo? Affiancare i nostri clienti anche nelle operazioni di finanza straordinaria\u201d. Sabato scorso evento [&hellip;]<\/p>\n","protected":false},"author":5200,"featured_media":0,"comment_status":"open","ping_status":"open","sticky":false,"template":"","format":"standard","meta":{"footnotes":""},"categories":[4,5,29,7],"tags":[],"class_list":["post-34089","post","type-post","status-publish","format-standard","hentry","category-attualita-e-societa","category-aziendali","category-comunicati","category-economia-e-finanza"],"_links":{"self":[{"href":"https:\/\/www.area-press.eu\/comunicatistampa\/wp-json\/wp\/v2\/posts\/34089","targetHints":{"allow":["GET"]}}],"collection":[{"href":"https:\/\/www.area-press.eu\/comunicatistampa\/wp-json\/wp\/v2\/posts"}],"about":[{"href":"https:\/\/www.area-press.eu\/comunicatistampa\/wp-json\/wp\/v2\/types\/post"}],"author":[{"embeddable":true,"href":"https:\/\/www.area-press.eu\/comunicatistampa\/wp-json\/wp\/v2\/users\/5200"}],"replies":[{"embeddable":true,"href":"https:\/\/www.area-press.eu\/comunicatistampa\/wp-json\/wp\/v2\/comments?post=34089"}],"version-history":[{"count":1,"href":"https:\/\/www.area-press.eu\/comunicatistampa\/wp-json\/wp\/v2\/posts\/34089\/revisions"}],"predecessor-version":[{"id":34090,"href":"https:\/\/www.area-press.eu\/comunicatistampa\/wp-json\/wp\/v2\/posts\/34089\/revisions\/34090"}],"wp:attachment":[{"href":"https:\/\/www.area-press.eu\/comunicatistampa\/wp-json\/wp\/v2\/media?parent=34089"}],"wp:term":[{"taxonomy":"category","embeddable":true,"href":"https:\/\/www.area-press.eu\/comunicatistampa\/wp-json\/wp\/v2\/categories?post=34089"},{"taxonomy":"post_tag","embeddable":true,"href":"https:\/\/www.area-press.eu\/comunicatistampa\/wp-json\/wp\/v2\/tags?post=34089"}],"curies":[{"name":"wp","href":"https:\/\/api.w.org\/{rel}","templated":true}]}}