{"id":3391,"date":"2015-11-05T12:43:48","date_gmt":"2015-11-05T11:43:48","guid":{"rendered":"http:\/\/www.area-press.eu\/comunicatistampa\/?p=3391"},"modified":"2015-11-05T12:43:48","modified_gmt":"2015-11-05T11:43:48","slug":"autunno-con-gusto-nelle-perle-delle-alpi","status":"publish","type":"post","link":"https:\/\/www.area-press.eu\/comunicatistampa\/2015\/11\/05\/autunno-con-gusto-nelle-perle-delle-alpi\/","title":{"rendered":"Autunno con gusto nelle Perle delle Alpi"},"content":{"rendered":"<p>I primi freddi in montagna invitano a ritirarsi per ammirare i colori dell&#8217;autunno e gustare i suoi profumi in piatti antichi, sostanziosi e genuini. Le localit\u00e0 alpine che aderiscono al network <a href=\"http:\/\/www.alpine-pearls.com\/it\/home.html\" target=\"_blank\">Alpine Pearls<\/a> perseguono un turismo sostenibile ed ecologico anche in cucina, con ricette che valorizzano i prodotti locali a &#8220;chilometro zero&#8221; e le tradizioni secolari delle popolazioni di montagna. Nelle strutture delle Perle la natura \u00e8 celebrata anche gustandone i frutti secondo le stagioni e il rinnovarsi delle sue risorse, che grazie a un&#8217;antica sapienza si trasformano in monumenti del gusto e della cultura.<br \/>\nNel seguito proponiamo tre ricette segnalateci dagli operatori delle Perle di Cogne, Racines e Pragelato. Per conoscere le offerte gastronomiche e turistiche delle strutture Alpine Pearls Vi invitiamo a visitare il <a href=\"http:\/\/www.alpine-pearls.com\/it\/perle.html\" target=\"_blank\">nostro sito<\/a>!<\/p>\n<p><b>La Fav\u00f2 a Cogne<\/b><br \/>\nSulla strada che da Aosta sale alla Perla valdostana di <a href=\"http:\/\/www.alpine-pearls.com\/it\/perle\/italia\/cogne.html\" target=\"_blank\">Cogne<\/a> si incontra la localit\u00e0 di <b>Aymavilles<\/b>, patria di una squisita specialit\u00e0 regionale, la <em>Fav\u00f2<\/em>, di cui ogni anno si celebra nella frazione di Ozein l&#8217;omonima sagra. Il ristorante panoramico Sant&#8217;Orso, sito nell&#8217;omonimo hotel affacciato sul Gran Paradiso, ha fatto della Fav\u00f2 uno dei piatti principe dei suoi menu.<\/p>\n<p style=\"padding: 10px;background-color: #f5f5f5\"><em>1 cipolla, 1 carota, 1 gambo di sedano, 1 pomodoro fresco, 1 mazzetto di erbe aromatiche (salvia, alloro, rosmarino&#8230;), 300 g di salsiccetta, 1 kg di fave, 200 g di pasta corta tipo ditalini rigati, 2,5 l di acqua, 50 g di burro, 300 g di pane integrale raffermo (pane nero di Ozein), 100 g di fontina, 100 g di formaggio toma, santoreggia, sale, pepe.<\/em><br \/>\nTritare la cipolla, il sedano, la carota, il pomodoro fresco e farli soffriggere assieme alle erbe aromatiche. Unire le fave, aggiustare di sale e lasciar insaporire per una decina di minuti. Ricoprire di acqua calda far cuocere per circa 1 ora. A parte, far saltare in padella la salsiccetta sminuzzata e unirla alla minestra di fave. Aggiungere la pasta corta e continuare la cottura per altri 10 minuti aggiustando di sale e di pepe. Far sciogliere il burro in una padella e passarvi il pane integrale tagliato a cubetti. Unirlo alla zuppa alla quale vanno ancora aggiunte la fontina e la toma ridotte e dadini. Servire ben calda accompagnata da un buon vino rosso tipo Torrette di Aymavilles.<\/p>\n<p><b>Il pane nero della Val Giovo<\/b><br \/>\nIl pane, alimento immancabile sulle nostre tavole, \u00e8 il simbolo stesso dell&#8217;alimentazione e quindi della vita. Ogni popolo ha il suo pane e qui, tra le incantevoli montagne dell&#8217;Alto Adige, si \u00e8 perfezionata nei secoli la tradizione del pane nero, il &#8220;pane povero&#8221; di montagna un tempo disprezzato ma oggi ricercato per le sue qualit\u00e0 nutritive e i suoi aromi antichi e genuini. Hannes Rainer dell&#8217;Hotel Rainer, nella Perla altoatesina di Racines, ci ha svelato la ricetta del profumato pane contadino di segala che serve agli ospiti della sua struttura, Hotel Natura n\u00b0 1 in Alto Adige.<\/p>\n<p style=\"padding: 10px;background-color: #f5f5f5\"><em><u>Panetto base:<\/u> 250 g farina di segale, 25 g lievito, 125 g Yogurt naturale.<\/em><br \/>\nAmalgamare gli ingredienti e lasciare a riposo per almeno due giorni a 30-40 \u00b0C, fino a fermentazione dell&#8217;impasto.<br \/>\n<em>500 g farina di segale integrale, 500 g farina di segale fine, 100 g panetto base, 15 g sale, 15 g spezie: cumino, anice, finocchio, trigonella, 750 ml acqua tiepida, 30 g sciroppo di barbabietola da zucchero.<\/em><br \/>\nAggiungere il panetto gi\u00e0 preparato, le spezie e l&#8217;acqua tiepida alla farina e salare in modo uniforme. Impastare per bene. Coprire l&#8217;impasto e lasciare a riposo in luogo caldo per circa due ore. Quindi impastare nuovamente e formare le pagnotte. Lasciare ancora a riposo per 20 minuti, pennelare con acqua e cuocere a legna a 200 \u00b0C per 40-50 minuti.<\/p>\n<p><b>Calhetta a la pradzalentse<\/b><br \/>\nLe montagne austere della <b>Val Chisone<\/b>, tra Francia e Italia, sono state per secoli il crocevia di culture diverse e culla di una fiera e antica civilt\u00e0 montanara: gli <em>Escartons<\/em>. Questa eredit\u00e0 multiforme ha lasciato il segno nella lingua, nei costumi e nell&#8217;architettura, ma anche in cucina. La <em>Calhetta<\/em>, polpetta a base di patate da gustare con burro, sughi o come contorno, \u00e8 un piatto povero negli ingredienti ma ricco di sapori. Ogni comunit\u00e0 della valle ne ha dato la sua interpretazione. Quella che di seguito proponiamo \u00e8 la ricetta che si pu\u00f2 gustare nelle case e nelle osterie delle borgate di Pragelato, la nostra Perla della Val Chisone.<\/p>\n<p style=\"padding: 10px;background-color: #f5f5f5\"><em>12 patate grosse (preferibilmente a pasta gialla), 3 uova, sale, 2 cucchiai di farina, una manciata di grissini sbriciolati, 1 cipolla, 1 foglia di cavolo, 1 etto di pancetta normale, olio per il soffritto.<\/em><br \/>\nPelate le patate, lavatele e asciugatele. Grattugiatele con l\u2019apposita grattugia pragelatese in un recipiente piuttosto capiente. Passatele al setaccio e togliete tutta l\u2019acqua e l\u2019amido possibile e rimettete l\u2019impasto nel recipiente. Mettete sul fuoco un pentolone d\u2019acqua salata e portate ad ebollizione aggiungendo la foglia di cavolo. Preparate un soffritto con olio e cipolla, aggiungendoci solo in ultimo la pancetta tagliata a pezzetti. Versate il tutto nel recipiente, con l\u2019aggiunta di una manciata di grissini sbriciolati, le uova intere e la farina, salate e mescolate il tutto con le mani. Preparate delle palline a forma di uovo (leggermente ovali), passatele abbondantemente nella farina e mettetele nell\u2019acqua bollente a cuocere per circa 60 minuti. Degustate l\u00e2 calhetta con spezzatini, arrosti o altre carni cucinate con sugo oppure con un po\u2019 di burro fuso versato a pioggia\u2026 semplicemente deliziose!<\/p>\n<p>PR Alpine Pearls Italy: <b>OfficineKairos.it<\/b><br \/>\nredazione@officinekairos.it &#8211; www.officinekairos.it<\/p>\n","protected":false},"excerpt":{"rendered":"<p>I primi freddi in montagna invitano a ritirarsi per ammirare i colori dell&#8217;autunno e gustare i suoi profumi in piatti antichi, sostanziosi e genuini. Le localit\u00e0 alpine che aderiscono al network Alpine Pearls perseguono un turismo sostenibile ed ecologico anche in cucina, con ricette che valorizzano i prodotti locali a &#8220;chilometro zero&#8221; e le tradizioni [&hellip;]<\/p>\n","protected":false},"author":207,"featured_media":0,"comment_status":"open","ping_status":"open","sticky":false,"template":"","format":"standard","meta":{"footnotes":""},"categories":[9,17],"tags":[938,1654,2716,2719,2718,2717],"class_list":["post-3391","post","type-post","status-publish","format-standard","hentry","category-gastronomia","category-turismo","tag-alpine-pearls","tag-cogne","tag-enogastronomia","tag-montagna","tag-pragelato","tag-racines"],"_links":{"self":[{"href":"https:\/\/www.area-press.eu\/comunicatistampa\/wp-json\/wp\/v2\/posts\/3391","targetHints":{"allow":["GET"]}}],"collection":[{"href":"https:\/\/www.area-press.eu\/comunicatistampa\/wp-json\/wp\/v2\/posts"}],"about":[{"href":"https:\/\/www.area-press.eu\/comunicatistampa\/wp-json\/wp\/v2\/types\/post"}],"author":[{"embeddable":true,"href":"https:\/\/www.area-press.eu\/comunicatistampa\/wp-json\/wp\/v2\/users\/207"}],"replies":[{"embeddable":true,"href":"https:\/\/www.area-press.eu\/comunicatistampa\/wp-json\/wp\/v2\/comments?post=3391"}],"version-history":[{"count":1,"href":"https:\/\/www.area-press.eu\/comunicatistampa\/wp-json\/wp\/v2\/posts\/3391\/revisions"}],"predecessor-version":[{"id":3392,"href":"https:\/\/www.area-press.eu\/comunicatistampa\/wp-json\/wp\/v2\/posts\/3391\/revisions\/3392"}],"wp:attachment":[{"href":"https:\/\/www.area-press.eu\/comunicatistampa\/wp-json\/wp\/v2\/media?parent=3391"}],"wp:term":[{"taxonomy":"category","embeddable":true,"href":"https:\/\/www.area-press.eu\/comunicatistampa\/wp-json\/wp\/v2\/categories?post=3391"},{"taxonomy":"post_tag","embeddable":true,"href":"https:\/\/www.area-press.eu\/comunicatistampa\/wp-json\/wp\/v2\/tags?post=3391"}],"curies":[{"name":"wp","href":"https:\/\/api.w.org\/{rel}","templated":true}]}}