{"id":33883,"date":"2018-08-03T20:54:27","date_gmt":"2018-08-03T18:54:27","guid":{"rendered":"http:\/\/www.area-press.eu\/comunicatistampa\/?p=33883"},"modified":"2018-08-03T20:54:28","modified_gmt":"2018-08-03T18:54:28","slug":"terna-lad-luigi-ferraris-illustra-i-risultati-della-semestrale","status":"publish","type":"post","link":"https:\/\/www.area-press.eu\/comunicatistampa\/2018\/08\/03\/terna-lad-luigi-ferraris-illustra-i-risultati-della-semestrale\/","title":{"rendered":"Terna: l\u2019AD Luigi Ferraris illustra i risultati della semestrale"},"content":{"rendered":"<p><em><strong>Terna: nel primo semestre 2018 l&#8217;<a title=\"Luigi Ferraris, cresce utile netto Terna\" href=\"https:\/\/www.firstonline.info\/terna-profitti-in-crescita-e-oltre-le-attese-ferraris-avanti-con-il-piano\/\">utile netto cresce<\/a> del 2,5%. La soddisfazione dell&#8217;AD Luigi Ferraris: &#8220;Proseguiamo con decisione nel percorso tracciato dal Piano Strategico 2018-2022&#8221;<\/strong><\/em><\/p>\n<p><a title=\"Terna, capitanata da Luigi Ferraris, migliora l'utile netto\" href=\"https:\/\/www.firstonline.info\/terna-profitti-in-crescita-e-oltre-le-attese-ferraris-avanti-con-il-piano\/\"><img loading=\"lazy\" decoding=\"async\" src=\"https:\/\/www.terna.it\/Portals\/0\/TernaImages\/img-2017\/LuigiFerraris_Terna.jpg\" alt=\"Luigi Ferraris, AD Terna\" width=\"243\" height=\"114\" \/><\/a><\/p>\n<h2>Luigi Ferraris: Terna chiude il semestre in crescita<\/h2>\n<p>&#8220;I principali indicatori economico-finanziari del semestre confermano la solidit\u00e0 delle azioni manageriali intraprese&#8221;: l&#8217;AD <strong>Luigi Ferraris<\/strong> non nasconde la soddisfazione nel presentare i risultati della semestrale nella conference call con gli analisti. Al 30 giugno, <strong>Terna<\/strong> consegue ricavi per 1.080,3 milioni di euro, in aumento del 3,3% rispetto al corrispondente periodo del 2017. Sulla performance ha inciso l&#8217;incremento dei ricavi tariffari del Regolato e il contributo del Non Regolato, in particolare per la crescita delle vendite del Gruppo Tamini e per l&#8217;avanzamento delle attivit\u00e0 sull&#8217;Interconnector privato Italia-Francia. Cresce anche l&#8217;Ebitda del 2,5%, ora intorno a 814,9 milioni di euro, e anche l&#8217;Ebit (+2,5%). L&#8217;utile netto ottenuto da Terna nel semestre \u00e8 di 360,2 milioni di euro, in crescita di 8,9 milioni di euro rispetto ai 351,3 del primo semestre del 2017 (+2,5%). Sul fronte degli investimenti, nei primi sei mesi del 2018 sono stati pari a 337,9 milioni di euro, in crescita del 3,7% sul primo semestre 2017. In linea con il Piano Strategico 2018-2022, stanno procedendo i lavori per le interconnessioni elettriche Italia-Montenegro e Italia-Francia, oltre a quelli finalizzati alla realizzazione del collegamento sottomarino in Laguna Veneta. Come ha ribadito <strong>Luigi Ferraris<\/strong>, questi risultati &#8220;ci consentono di proseguire con decisione nel percorso tracciato dal Piano&#8221;.<\/p>\n<h2>Semestrale Terna: l&#8217;AD Luigi Ferraris sui progetti futuri del gruppo<\/h2>\n<p>&#8220;Abbiamo chiuso il primo semestre con solidi risultati, con un aumento di 20 milioni dell&#8217;ebitda, ed \u00e8 ragionevole pensare che un incremento potr\u00e0 essere considerato anche per il secondo semestre&#8221;: rispondendo agli analisti nella conference call organizzata per presentare i risultati, <strong><a title=\"Luigi Ferraris: semestre in crescita per Terna\" href=\"https:\/\/www.firstonline.info\/terna-profitti-in-crescita-e-oltre-le-attese-ferraris-avanti-con-il-piano\/\">Luigi Ferraris<\/a><\/strong> ha sottolineato come l&#8217;attuazione del Piano Strategico 2018-2022 stia procedendo nei tempi previsti. L&#8217;AD si \u00e8 detto quindi sicuro che &#8220;le iniziative poste in essere anche per i prossimi mesi contribuiranno a creare valore per tutti i nostri stakeholder&#8221;. <strong>Luigi Ferraris<\/strong> \u00e8 pronto a traghettare il gruppo nel perseguire i prossimi obiettivi, puntando ulteriormente su attivit\u00e0 di investimento per lo sviluppo della rete di trasmissione nazionale, anche nell&#8217;ottica di favorire l&#8217;integrazione delle fonti rinnovabili e migliorare la sicurezza del sistema. Trover\u00e0 sempre pi\u00f9 spazio la sostenibilit\u00e0 nelle strategie di <strong>Terna<\/strong>, con investimenti in tecnologie di digitalizzazione della rete, soluzioni digitali e innovazione orientati a migliorare la gestione sempre pi\u00f9 complessa del sistema.<\/p>\n","protected":false},"excerpt":{"rendered":"<p>Terna: nel primo semestre 2018 l&#8217;utile netto cresce del 2,5%. La soddisfazione dell&#8217;AD Luigi Ferraris: &#8220;Proseguiamo con decisione nel percorso tracciato dal Piano Strategico 2018-2022&#8221; Luigi Ferraris: Terna chiude il semestre in crescita &#8220;I principali indicatori economico-finanziari del semestre confermano la solidit\u00e0 delle azioni manageriali intraprese&#8221;: l&#8217;AD Luigi Ferraris non nasconde la soddisfazione nel presentare [&hellip;]<\/p>\n","protected":false},"author":3860,"featured_media":0,"comment_status":"open","ping_status":"open","sticky":false,"template":"","format":"standard","meta":{"footnotes":""},"categories":[5,29],"tags":[13847,17416],"class_list":["post-33883","post","type-post","status-publish","format-standard","hentry","category-aziendali","category-comunicati","tag-luigi-ferraris","tag-terna"],"_links":{"self":[{"href":"https:\/\/www.area-press.eu\/comunicatistampa\/wp-json\/wp\/v2\/posts\/33883","targetHints":{"allow":["GET"]}}],"collection":[{"href":"https:\/\/www.area-press.eu\/comunicatistampa\/wp-json\/wp\/v2\/posts"}],"about":[{"href":"https:\/\/www.area-press.eu\/comunicatistampa\/wp-json\/wp\/v2\/types\/post"}],"author":[{"embeddable":true,"href":"https:\/\/www.area-press.eu\/comunicatistampa\/wp-json\/wp\/v2\/users\/3860"}],"replies":[{"embeddable":true,"href":"https:\/\/www.area-press.eu\/comunicatistampa\/wp-json\/wp\/v2\/comments?post=33883"}],"version-history":[{"count":1,"href":"https:\/\/www.area-press.eu\/comunicatistampa\/wp-json\/wp\/v2\/posts\/33883\/revisions"}],"predecessor-version":[{"id":33884,"href":"https:\/\/www.area-press.eu\/comunicatistampa\/wp-json\/wp\/v2\/posts\/33883\/revisions\/33884"}],"wp:attachment":[{"href":"https:\/\/www.area-press.eu\/comunicatistampa\/wp-json\/wp\/v2\/media?parent=33883"}],"wp:term":[{"taxonomy":"category","embeddable":true,"href":"https:\/\/www.area-press.eu\/comunicatistampa\/wp-json\/wp\/v2\/categories?post=33883"},{"taxonomy":"post_tag","embeddable":true,"href":"https:\/\/www.area-press.eu\/comunicatistampa\/wp-json\/wp\/v2\/tags?post=33883"}],"curies":[{"name":"wp","href":"https:\/\/api.w.org\/{rel}","templated":true}]}}