{"id":33840,"date":"2018-08-01T14:18:37","date_gmt":"2018-08-01T12:18:37","guid":{"rendered":"http:\/\/www.area-press.eu\/comunicatistampa\/?p=33840"},"modified":"2018-08-01T14:18:37","modified_gmt":"2018-08-01T12:18:37","slug":"piccole-imprese-e-sviluppo-delleconomia-locale-ne-ha-parlato-confartigianato-corato","status":"publish","type":"post","link":"https:\/\/www.area-press.eu\/comunicatistampa\/2018\/08\/01\/piccole-imprese-e-sviluppo-delleconomia-locale-ne-ha-parlato-confartigianato-corato\/","title":{"rendered":"Piccole imprese e sviluppo dell\u2019economia locale: ne ha parlato Confartigianato Corato"},"content":{"rendered":"<p>Ridare slancio alle imprese locali per creare condizioni idonee a favorire un modello di sviluppo economico vincente sul territorio: \u00e8 questo l\u2019appello lanciato da Confartigianato Corato per bocca del suo presidente Michelangelo Randolfi &#8211; imprenditore nel campo <a href=\"http:\/\/www.trattamentoantitarlo.net\/\"><strong><u>trattamento antitarlo<\/u><\/strong><\/a> e\u00a0 restauro del legno \u2013 in occasione del convegno intitolato <em>\u201cImprese, carta vincente per l\u2019economia coratina\u201d<\/em> tenutosi lo scorso 28 giugno nella sala conferenze della biblioteca comunale di Corato.<\/p>\n<p>Un\u2019iniziativa, quella organizzata dalla sezione locale di Confartigianato, che ha voluto favorire un confronto costruttivo tra le imprese del territorio sulle problematiche comuni, con l\u2019obiettivo di individuare e condividere le soluzioni pi\u00f9 appropriate. Ma \u00e8 stata anche l\u2019occasione di far sentire l\u2019appoggio nei confronti di tanti artigiani e piccole imprese coratine.<\/p>\n<p>Il convegno, infatti, \u00e8 stato anche l\u2019occasione per parlare di strumenti a sostegno dell\u2019attivit\u00e0 degli imprenditori locali come ad esempio il credito agevolato, di cui sono state illustrate le modalit\u00e0 di accesso, e i servizi di consulenza e promozione messi a disposizione dalla sezione locale di Confartigianato. Si \u00e8 parlato inoltre di bilateralit\u00e0, intesa come forma di rappresentanza delle piccole imprese artigiane finalizzata a fornire un sostegno finanziario nei casi di sospensione dell\u2019attivit\u00e0 produttiva.<\/p>\n<p>Il convegno ha visto la presenza di figure istituzionali importanti tra cui il coordinatore provinciale Confartigianato \u2013 Franco Bastiani \u2013 e il direttore commerciale Artigianfidi Puglia \u2013 Luca Gargano \u2013 oltre al sindaco della citt\u00e0 di Corato.<\/p>\n<p>Per il presidente di Confartigianato Corato Michelangelo Randolfi, dunque, le piccole e medie imprese artigiane rappresentano la carta vincente per la creazione di un modello di sviluppo economico di successo, e quanto importante sia il loro contributo alla crescita di un territorio lo sa bene, essendo prima che imprenditore soprattutto un artigiano con una lunga esperienza anche nel campo del <strong><u><a href=\"http:\/\/www.trattamentoantitarlo.net\/aree\/disinfestazione-tarli\">restauro mobili antichi<\/a>.<\/u><\/strong><\/p>\n","protected":false},"excerpt":{"rendered":"<p>Ridare slancio alle imprese locali per creare condizioni idonee a favorire un modello di sviluppo economico vincente sul territorio: \u00e8 questo l\u2019appello lanciato da Confartigianato Corato per bocca del suo presidente Michelangelo Randolfi &#8211; imprenditore nel campo trattamento antitarlo e\u00a0 restauro del legno \u2013 in occasione del convegno intitolato \u201cImprese, carta vincente per l\u2019economia coratina\u201d [&hellip;]<\/p>\n","protected":false},"author":5108,"featured_media":0,"comment_status":"open","ping_status":"open","sticky":false,"template":"","format":"standard","meta":{"footnotes":""},"categories":[7],"tags":[21091,21090,21092],"class_list":["post-33840","post","type-post","status-publish","format-standard","hentry","category-economia-e-finanza","tag-disinfestazione-tarli","tag-restauro-mobili-antichi","tag-trattamento-antitarlo"],"_links":{"self":[{"href":"https:\/\/www.area-press.eu\/comunicatistampa\/wp-json\/wp\/v2\/posts\/33840","targetHints":{"allow":["GET"]}}],"collection":[{"href":"https:\/\/www.area-press.eu\/comunicatistampa\/wp-json\/wp\/v2\/posts"}],"about":[{"href":"https:\/\/www.area-press.eu\/comunicatistampa\/wp-json\/wp\/v2\/types\/post"}],"author":[{"embeddable":true,"href":"https:\/\/www.area-press.eu\/comunicatistampa\/wp-json\/wp\/v2\/users\/5108"}],"replies":[{"embeddable":true,"href":"https:\/\/www.area-press.eu\/comunicatistampa\/wp-json\/wp\/v2\/comments?post=33840"}],"version-history":[{"count":1,"href":"https:\/\/www.area-press.eu\/comunicatistampa\/wp-json\/wp\/v2\/posts\/33840\/revisions"}],"predecessor-version":[{"id":33841,"href":"https:\/\/www.area-press.eu\/comunicatistampa\/wp-json\/wp\/v2\/posts\/33840\/revisions\/33841"}],"wp:attachment":[{"href":"https:\/\/www.area-press.eu\/comunicatistampa\/wp-json\/wp\/v2\/media?parent=33840"}],"wp:term":[{"taxonomy":"category","embeddable":true,"href":"https:\/\/www.area-press.eu\/comunicatistampa\/wp-json\/wp\/v2\/categories?post=33840"},{"taxonomy":"post_tag","embeddable":true,"href":"https:\/\/www.area-press.eu\/comunicatistampa\/wp-json\/wp\/v2\/tags?post=33840"}],"curies":[{"name":"wp","href":"https:\/\/api.w.org\/{rel}","templated":true}]}}