{"id":33832,"date":"2018-08-01T14:18:37","date_gmt":"2018-08-01T12:18:37","guid":{"rendered":"http:\/\/www.area-press.eu\/comunicatistampa\/?p=33832"},"modified":"2018-08-01T14:18:37","modified_gmt":"2018-08-01T12:18:37","slug":"wasita-web-agency-italiana-che-libera-il-potenziale-delle-aziende","status":"publish","type":"post","link":"https:\/\/www.area-press.eu\/comunicatistampa\/2018\/08\/01\/wasita-web-agency-italiana-che-libera-il-potenziale-delle-aziende\/","title":{"rendered":"Wasita: web agency italiana che libera il potenziale delle aziende"},"content":{"rendered":"<p>Per le <strong>aziende, gli imprenditori e i piccoli e medi professionisti<\/strong> che desiderano lanciare o rafforzare online la propria attivit\u00e0, c\u2019\u00e8 un <strong>nuovo pacchetto di servizi integrati<\/strong> offerto da <a href=\"https:\/\/www.wasita.it\/\">Wasita.it, una web agency giovane<\/a> e in continua crescita!<br \/>\n\u201cOffriamo tutta la gamma di servizi principali di cui hanno bisogno le piccole e medie aziende \u2013 fa sapere <strong>Mauro Mandalari, Owner &amp; General mananger dell\u2019agenzia<\/strong> di web marketing\u2013 come la creazione di siti web, il<strong> servizio di posizionamento sui motori di ricerca, attivit\u00e0 di SEM, content marketing<\/strong>, social media marketing, reputation management e brand identity\u201d.<\/p>\n<p>Grazie all\u2019<strong>esperienza pluriennale dei fondatori<\/strong>, alla profonda conoscenza del web marketing e alle due sedi di Roma e Milano Wasita.it \u00e8 in grado di seguire \u2013 passo dopo passo \u2013 tutti i clienti dislocati un po\u2019 in tutta Italia: Dall\u2019Alto Adige alla Sicilia.<\/p>\n<p>\u201cUno dei servizi offerti da Wasita.it &#8211; spesso sottovalutato dalle altre realt\u00e0 \u2013 ha continuato <strong>Alessandro Ingala, Owner &amp; Business Manager dell\u2019agenzia<\/strong> \u2013 \u00e8 la capacit\u00e0 di ascoltare con attenzione le esigenze del cliente, per proporgli qualcosa di cui ha davvero bisogno. Ci\u00f2 rappresenta anche un nostro grande valore aggiunto di cui andiamo fieri\u201d.<\/p>\n<p>Wasita \u00e8 in grado di vantare una squadra di professionisti giovani e &#8211; allo stesso tempo &#8211; di grande esperienza, specializzati nei vari settori del <strong>web marketing e della comunicazione digital a 360 gradi<\/strong>: dalla strategia alla creazione del sito web aziendale, passando per l\u2018analisi dei competitor, l\u2019analisi SEO, la progettazione del design con un occhio alla user experience, senza dimenticare naturalmente tutto quello che viene dopo: dalla creazione dei contenuti alla<strong> pianificazione delle campagne ADV e SEM<\/strong>, dalla gestione delle pagine Social al monitoraggio dei dati di Web Analytics.<br \/>\nIn Wasita il web marketing \u00e8 una vera e propria staffetta, dove i differenti reparti si passano il testimone fino a raggiungere l\u2019obiettivo finale: la <strong>visibilit\u00e0 online del cliente<\/strong>, che si traduce in conversioni e crescita del business. <strong>Il cliente viene affiancato e seguito in tutte le fasi<\/strong>, perch\u00e9 il primo passo fondamentale \u00e8 ascoltare le sue esigenze!<strong><br \/>\n<\/strong><\/p>\n","protected":false},"excerpt":{"rendered":"<p>Per le aziende, gli imprenditori e i piccoli e medi professionisti che desiderano lanciare o rafforzare online la propria attivit\u00e0, c\u2019\u00e8 un nuovo pacchetto di servizi integrati offerto da Wasita.it, una web agency giovane e in continua crescita! \u201cOffriamo tutta la gamma di servizi principali di cui hanno bisogno le piccole e medie aziende \u2013 [&hellip;]<\/p>\n","protected":false},"author":701,"featured_media":0,"comment_status":"open","ping_status":"open","sticky":false,"template":"","format":"standard","meta":{"footnotes":""},"categories":[29],"tags":[],"class_list":["post-33832","post","type-post","status-publish","format-standard","hentry","category-comunicati"],"_links":{"self":[{"href":"https:\/\/www.area-press.eu\/comunicatistampa\/wp-json\/wp\/v2\/posts\/33832","targetHints":{"allow":["GET"]}}],"collection":[{"href":"https:\/\/www.area-press.eu\/comunicatistampa\/wp-json\/wp\/v2\/posts"}],"about":[{"href":"https:\/\/www.area-press.eu\/comunicatistampa\/wp-json\/wp\/v2\/types\/post"}],"author":[{"embeddable":true,"href":"https:\/\/www.area-press.eu\/comunicatistampa\/wp-json\/wp\/v2\/users\/701"}],"replies":[{"embeddable":true,"href":"https:\/\/www.area-press.eu\/comunicatistampa\/wp-json\/wp\/v2\/comments?post=33832"}],"version-history":[{"count":2,"href":"https:\/\/www.area-press.eu\/comunicatistampa\/wp-json\/wp\/v2\/posts\/33832\/revisions"}],"predecessor-version":[{"id":33834,"href":"https:\/\/www.area-press.eu\/comunicatistampa\/wp-json\/wp\/v2\/posts\/33832\/revisions\/33834"}],"wp:attachment":[{"href":"https:\/\/www.area-press.eu\/comunicatistampa\/wp-json\/wp\/v2\/media?parent=33832"}],"wp:term":[{"taxonomy":"category","embeddable":true,"href":"https:\/\/www.area-press.eu\/comunicatistampa\/wp-json\/wp\/v2\/categories?post=33832"},{"taxonomy":"post_tag","embeddable":true,"href":"https:\/\/www.area-press.eu\/comunicatistampa\/wp-json\/wp\/v2\/tags?post=33832"}],"curies":[{"name":"wp","href":"https:\/\/api.w.org\/{rel}","templated":true}]}}