{"id":3374,"date":"2015-11-03T21:10:02","date_gmt":"2015-11-03T20:10:02","guid":{"rendered":"http:\/\/www.area-press.eu\/comunicatistampa\/?p=3374"},"modified":"2015-11-03T21:10:02","modified_gmt":"2015-11-03T20:10:02","slug":"in-uscita-nelle-librerie-il-3-novembre-le-stelle-di-srebrenica-di-daniela-quadri-per-edizioni-leucotea","status":"publish","type":"post","link":"https:\/\/www.area-press.eu\/comunicatistampa\/2015\/11\/03\/in-uscita-nelle-librerie-il-3-novembre-le-stelle-di-srebrenica-di-daniela-quadri-per-edizioni-leucotea\/","title":{"rendered":"In uscita nelle librerie il 3 novembre \u201cLe stelle di Srebrenica\u201d di Daniela Quadri per Edizioni Leucotea."},"content":{"rendered":"<p>L\u2019intreccio di due vite, volte a svelare un mistero che affonda le sue radici nella Seconda guerra mondiale.<\/p>\n<p>&nbsp;<\/p>\n<p>Marta, indipendente, votata alla sua carriera e affezionata a Dakota (il suo gatto la cui unica preoccupazione \u00e8 avere la ciotola piena) inizier\u00e0 a rivedere le sue priorit\u00e0 quando, seguendo uno scoop giornalistico, incontrer\u00e0 Elma, arrivata il Italia per sfuggire alla guerra, ma soprattutto Nadia, figlia di Elma e affetta da Sindrome di Down. L\u2019amore per la bambina legher\u00e0 le due donne al punto che Elma sar\u00e0 disposta a raccontagli degli orrori vissuti durante il conflitto dei Balcani e del massacro di Srebrenica dove perse la vita tutta la sua famiglia.<\/p>\n<p>Sullo sfondo l\u2019indagine\u00a0 per catturare Tarik, padre di Nadia e pericoloso malavitoso, e un\u2019icona delle quali ognuna delle due donne ne possiede una met\u00e0, quasi a testimoniare che il loro incontro\u00a0 on \u00e8 frutto del caso, ma un preciso disegno del destino.<\/p>\n<p>&nbsp;<\/p>\n<p>Integrazione amore ma anche il dolore per non poter cambiare gli orrori della storia e una sfumatura di humor sono gli ingredienti di quest\u2019ora che riesce a rimanere profonda e fresca.<\/p>\n<p>&nbsp;<\/p>\n<p>Daniela Quadri, considera Monza, citt\u00e0 in cui \u00e8 nata e vive, come rappresentazione delle sue radici. Laureata in lingue moderne, lavora in ambito di marketing, di cui apprezza specialmente i risvolti creativi.<\/p>\n<p>&nbsp;<\/p>\n<p>Le stelle di Srebrenica<\/p>\n<p>Daniela Quadri<\/p>\n<p>978-88-99067-36-6<\/p>\n<p>227 pagine<\/p>\n<p>\u20ac 13,90<\/p>\n<p>&nbsp;<\/p>\n<p><a href=\"http:\/\/WWW.EDIZIONILEUCOTEA.IT\">WWW.EDIZIONILEUCOTEA.IT<\/a><\/p>\n","protected":false},"excerpt":{"rendered":"<p>L\u2019intreccio di due vite, volte a svelare un mistero che affonda le sue radici nella Seconda guerra mondiale. &nbsp; Marta, indipendente, votata alla sua carriera e affezionata a Dakota (il suo gatto la cui unica preoccupazione \u00e8 avere la ciotola piena) inizier\u00e0 a rivedere le sue priorit\u00e0 quando, seguendo uno scoop giornalistico, incontrer\u00e0 Elma, arrivata [&hellip;]<\/p>\n","protected":false},"author":45,"featured_media":0,"comment_status":"open","ping_status":"open","sticky":false,"template":"","format":"standard","meta":{"footnotes":""},"categories":[18,3,29],"tags":[2689,576,2691,579,2685,2687,2690,784,575,2686,2688,2684,789],"class_list":["post-3374","post","type-post","status-publish","format-standard","hentry","category-altri-vari","category-arte-e-cultura","category-comunicati","tag-accettazione","tag-amore","tag-daniela-quadri","tag-edizioni-leucotea","tag-guerra-nei-balcani","tag-icona","tag-integrazione","tag-libri","tag-romanzo","tag-seconda-guerra-mondiale","tag-sindrome-di-down","tag-srebrenica","tag-storia"],"_links":{"self":[{"href":"https:\/\/www.area-press.eu\/comunicatistampa\/wp-json\/wp\/v2\/posts\/3374","targetHints":{"allow":["GET"]}}],"collection":[{"href":"https:\/\/www.area-press.eu\/comunicatistampa\/wp-json\/wp\/v2\/posts"}],"about":[{"href":"https:\/\/www.area-press.eu\/comunicatistampa\/wp-json\/wp\/v2\/types\/post"}],"author":[{"embeddable":true,"href":"https:\/\/www.area-press.eu\/comunicatistampa\/wp-json\/wp\/v2\/users\/45"}],"replies":[{"embeddable":true,"href":"https:\/\/www.area-press.eu\/comunicatistampa\/wp-json\/wp\/v2\/comments?post=3374"}],"version-history":[{"count":1,"href":"https:\/\/www.area-press.eu\/comunicatistampa\/wp-json\/wp\/v2\/posts\/3374\/revisions"}],"predecessor-version":[{"id":3375,"href":"https:\/\/www.area-press.eu\/comunicatistampa\/wp-json\/wp\/v2\/posts\/3374\/revisions\/3375"}],"wp:attachment":[{"href":"https:\/\/www.area-press.eu\/comunicatistampa\/wp-json\/wp\/v2\/media?parent=3374"}],"wp:term":[{"taxonomy":"category","embeddable":true,"href":"https:\/\/www.area-press.eu\/comunicatistampa\/wp-json\/wp\/v2\/categories?post=3374"},{"taxonomy":"post_tag","embeddable":true,"href":"https:\/\/www.area-press.eu\/comunicatistampa\/wp-json\/wp\/v2\/tags?post=3374"}],"curies":[{"name":"wp","href":"https:\/\/api.w.org\/{rel}","templated":true}]}}