{"id":33539,"date":"2018-07-23T22:35:06","date_gmt":"2018-07-23T20:35:06","guid":{"rendered":"http:\/\/www.area-press.eu\/comunicatistampa\/?p=33539"},"modified":"2018-07-23T22:35:06","modified_gmt":"2018-07-23T20:35:06","slug":"ci-siamo-incontrati-il-1-dicembre-2009-durante-un-quiz-musicale-a-soho-gillne-it","status":"publish","type":"post","link":"https:\/\/www.area-press.eu\/comunicatistampa\/2018\/07\/23\/ci-siamo-incontrati-il-1-dicembre-2009-durante-un-quiz-musicale-a-soho-gillne-it\/","title":{"rendered":"Ci siamo incontrati il 1 \u00b0 dicembre 2009 durante un quiz musicale a Soho gillne.it"},"content":{"rendered":"<p><img decoding=\"async\" src=\"http:\/\/www.gillne.it\/i\/9ce2-gfjsb-abito-da-damigella-principessa-asimmetrici-senza-maniche-in-raso-cerniera.jpg\" \/>\u200b<br \/>\n&#8220;Mia madre piangeva quando mi ha visto cos\u00ec sapevo che era questo, con un design semplice e il mio budget, mi ha permesso di aggiungere il mio tocco personale. lati aperti e una gonna di pizzo sotto, cos\u00ec quando ho camminato, che scorreva bene e ha visto un po &#8216;di pizzo. mi ha fatto sentire un po&#8217; pi\u00f9 glamour. &#8221;<\/p>\n<p><img decoding=\"async\" src=\"http:\/\/www.gillne.it\/i\/9ce2-vtn6e-abito-da-damigella-senza-maniche-cerniera-naturale-principessa-con-increspature.jpg\" \/><br \/>\n&#8221; Ci siamo incontrati il 1 \u00b0 dicembre 2009 alle un quiz musicale a Soho Tom e I sono stati presentati attraverso un collega con cui ho lavorato e che in seguito ha lavorato con Tom\u00a0<a href=\"http:\/\/www.gillne.it\/\">Gillne.it<\/a>, ho pensato che fosse carino e amichevole in questo momento. la musica cos\u00ec quando la sua squadra ha vinto il quiz musicale, sono rimasto davvero colpito e ho attivato il fascino!<\/p>\n<p>&#8220;Mi ha telefonato il giorno dopo e mi ha chiesto se volevo vedere Ian Brown all&#8217;Accademia Brixton con lui il 3 dicembre. Sono andato, e il resto, come si suol dire\u00a0<a href=\"http:\/\/www.gillne.it\/abiti-da-sposa-c12\">abiti sposa on line<\/a>, \u00e8 storia. Dicembre sette anni dopo \u00e8 stato pi\u00f9 una coincidenza che il design, ma quando ci siamo resi conto che era previsto.<\/p>\n<p><img decoding=\"async\" src=\"http:\/\/www.gillne.it\/i\/9ce2-suxwt-abito-da-damigella-in-raso-con-fiore-senza-maniche-principessa-mini.jpg\" \/><\/p>\n","protected":false},"excerpt":{"rendered":"<p>\u200b &#8220;Mia madre piangeva quando mi ha visto cos\u00ec sapevo che era questo, con un design semplice e il mio budget, mi ha permesso di aggiungere il mio tocco personale. lati aperti e una gonna di pizzo sotto, cos\u00ec quando ho camminato, che scorreva bene e ha visto un po &#8216;di pizzo. mi ha fatto [&hellip;]<\/p>\n","protected":false},"author":4665,"featured_media":0,"comment_status":"open","ping_status":"open","sticky":false,"template":"","format":"standard","meta":{"footnotes":""},"categories":[29],"tags":[],"class_list":["post-33539","post","type-post","status-publish","format-standard","hentry","category-comunicati"],"_links":{"self":[{"href":"https:\/\/www.area-press.eu\/comunicatistampa\/wp-json\/wp\/v2\/posts\/33539","targetHints":{"allow":["GET"]}}],"collection":[{"href":"https:\/\/www.area-press.eu\/comunicatistampa\/wp-json\/wp\/v2\/posts"}],"about":[{"href":"https:\/\/www.area-press.eu\/comunicatistampa\/wp-json\/wp\/v2\/types\/post"}],"author":[{"embeddable":true,"href":"https:\/\/www.area-press.eu\/comunicatistampa\/wp-json\/wp\/v2\/users\/4665"}],"replies":[{"embeddable":true,"href":"https:\/\/www.area-press.eu\/comunicatistampa\/wp-json\/wp\/v2\/comments?post=33539"}],"version-history":[{"count":2,"href":"https:\/\/www.area-press.eu\/comunicatistampa\/wp-json\/wp\/v2\/posts\/33539\/revisions"}],"predecessor-version":[{"id":33541,"href":"https:\/\/www.area-press.eu\/comunicatistampa\/wp-json\/wp\/v2\/posts\/33539\/revisions\/33541"}],"wp:attachment":[{"href":"https:\/\/www.area-press.eu\/comunicatistampa\/wp-json\/wp\/v2\/media?parent=33539"}],"wp:term":[{"taxonomy":"category","embeddable":true,"href":"https:\/\/www.area-press.eu\/comunicatistampa\/wp-json\/wp\/v2\/categories?post=33539"},{"taxonomy":"post_tag","embeddable":true,"href":"https:\/\/www.area-press.eu\/comunicatistampa\/wp-json\/wp\/v2\/tags?post=33539"}],"curies":[{"name":"wp","href":"https:\/\/api.w.org\/{rel}","templated":true}]}}