{"id":33486,"date":"2018-07-19T22:53:20","date_gmt":"2018-07-19T20:53:20","guid":{"rendered":"http:\/\/www.area-press.eu\/comunicatistampa\/?p=33486"},"modified":"2018-07-19T22:53:20","modified_gmt":"2018-07-19T20:53:20","slug":"polizze-assicurazione-viaggi-lingrediente-ideale-ed-economico-per-una-vacanza-in-totale-sicurezza-e-tranquillita","status":"publish","type":"post","link":"https:\/\/www.area-press.eu\/comunicatistampa\/2018\/07\/19\/polizze-assicurazione-viaggi-lingrediente-ideale-ed-economico-per-una-vacanza-in-totale-sicurezza-e-tranquillita\/","title":{"rendered":"Polizze assicurazione viaggi: l&#8217;ingrediente ideale ed economico per una vacanza in totale sicurezza e tranquillit\u00e0"},"content":{"rendered":"<p>L\u2019estate \u00e8 entrata nel vivo ed \u00e8 tempo di partire per le tanto agognate\u00a0<strong>vacanze estive, che si spera possano trascorrere in totale tranquillit\u00e0 e serenit\u00e0.<\/strong>\u00a0La ricetta per raggiungere questo obiettivo comprende una bella destinazione, una sistemazione comoda e la giusta compagnia. Ma c\u2019\u00e8 un ingrediente che spesso viene sottovalutato e che invece \u00e8 fondamentale: l\u2019<strong>assicurazione viaggi!\u00a0<\/strong><\/p>\n<h2>Assicurazione viaggi, la proposta di ERV<\/h2>\n<p>Nel corso di una vacanza, infatti, possono capitare piccoli e grandi imprevisti, come il ritardo di un aereo o lo smarrimento del bagaglio, che rischiano di compromettere l\u2019intero soggiorno, ma esistono delle polizze assicurative pensate proprio per limitare i disagi.<\/p>\n<p>Ecco perch\u00e9 \u00e8 importante affidarsi a\u00a0<strong>ERV, la compagnia di assicurazioni specializzata nel ramo viaggi e mobilit\u00e0, che per prima ha inventato, nel lontano 1907, il concetto stesso di polizza viaggio,<\/strong>\u00a0assicurando i bagagli dal rischio incendio sui treni a vapore.<\/p>\n<p>Quanto costa la tranquillit\u00e0 in vacanza? Non molto, se si considera che una tra le polizze pi\u00f9 richieste, come \u201c<strong>Assistenza e Spese Mediche<\/strong>\u201d, \u00e8 disponibile a partire da 6,10 euro per un soggiorno di 4 giorni in Italia. Un\u2019altra polizza molto richiesta \u00e8 \u201c<strong>Annullamento<\/strong>\u201d, che rimborsa le penali di cancellazione del viaggio nel caso in cui si dovesse rinunciare per diversi motivi, come un infortunio o la malattia di un parente, una nuova assunzione o il furto dei documenti di identit\u00e0.<\/p>\n<p>Ma c\u2019\u00e8 di pi\u00f9: ERV ha infatti predisposto delle polizze diverse per ogni tipo di soggiorno, garantendo cos\u00ec al cliente di risparmiare,\u00a0<strong>pagando solo le coperture strettamente necessarie per le sue vacanze.<\/strong><\/p>\n<h2>Le altre offerte di ERV<\/h2>\n<p>In linea con l\u2019attuale tendenza che vede sempre pi\u00f9 persone optare per l\u2019affitto di ville e appartamenti, ERV propone \u201c<strong>Speciale Case Vacanze<\/strong>\u201d: oltre ad offrire una copertura per interruzione o annullamento del soggiorno, interviene anche in caso di atti disonesti e fraudolenti o di non conformit\u00e0 dell\u2019immobile locato rispetto a quanto originariamente pattuito.<\/p>\n<p>\u201c<strong>Stornohotel<\/strong>\u201d, al contrario, \u00e8 la polizza dedicata a coloro che prenotano l\u2019albergo e garantisce rimborsi fino a 4.500 \u20ac a persona e 10.000\u20ac a pratica in caso di rinuncia del viaggio. \u201c<strong>Giovani &amp; Studenti<\/strong>\u201d, a partire da 0,60 euro al giorno, \u00e8 pensata per i viaggi studio e le vacanze dei ragazzi fino a 29 anni di et\u00e0, anche in gruppo, mentre agli irriducibili dello sci estivo, ERV offre \u201c<strong>Vacanze &amp; Sport sulla Neve<\/strong>\u201d.<\/p>\n<p>Ultima, ma non meno importante, \u00e8 la polizza \u201c<strong>Tutto Compreso<\/strong>\u201d, in assoluto la pi\u00f9 completa: dal bagaglio all\u2019annullamento, dalle spese mediche all\u2019assistenza ai parenti rimasti a casa, all\u2019abitazione e al veicolo, \u00e8 rivolta a coloro che vogliono viaggiare in totale sicurezza e \u201csenza pensieri\u201d, ed \u00e8 particolarmente consigliata alle famiglie con bambini.<\/p>\n","protected":false},"excerpt":{"rendered":"<p>L\u2019estate \u00e8 entrata nel vivo ed \u00e8 tempo di partire per le tanto agognate\u00a0vacanze estive, che si spera possano trascorrere in totale tranquillit\u00e0 e serenit\u00e0.\u00a0La ricetta per raggiungere questo obiettivo comprende una bella destinazione, una sistemazione comoda e la giusta compagnia. Ma c\u2019\u00e8 un ingrediente che spesso viene sottovalutato e che invece \u00e8 fondamentale: l\u2019assicurazione [&hellip;]<\/p>\n","protected":false},"author":49,"featured_media":0,"comment_status":"open","ping_status":"open","sticky":false,"template":"","format":"standard","meta":{"footnotes":""},"categories":[17],"tags":[20906,20907,2108],"class_list":["post-33486","post","type-post","status-publish","format-standard","hentry","category-turismo","tag-erv","tag-polizze-assicurazione","tag-viaggi"],"_links":{"self":[{"href":"https:\/\/www.area-press.eu\/comunicatistampa\/wp-json\/wp\/v2\/posts\/33486","targetHints":{"allow":["GET"]}}],"collection":[{"href":"https:\/\/www.area-press.eu\/comunicatistampa\/wp-json\/wp\/v2\/posts"}],"about":[{"href":"https:\/\/www.area-press.eu\/comunicatistampa\/wp-json\/wp\/v2\/types\/post"}],"author":[{"embeddable":true,"href":"https:\/\/www.area-press.eu\/comunicatistampa\/wp-json\/wp\/v2\/users\/49"}],"replies":[{"embeddable":true,"href":"https:\/\/www.area-press.eu\/comunicatistampa\/wp-json\/wp\/v2\/comments?post=33486"}],"version-history":[{"count":1,"href":"https:\/\/www.area-press.eu\/comunicatistampa\/wp-json\/wp\/v2\/posts\/33486\/revisions"}],"predecessor-version":[{"id":33487,"href":"https:\/\/www.area-press.eu\/comunicatistampa\/wp-json\/wp\/v2\/posts\/33486\/revisions\/33487"}],"wp:attachment":[{"href":"https:\/\/www.area-press.eu\/comunicatistampa\/wp-json\/wp\/v2\/media?parent=33486"}],"wp:term":[{"taxonomy":"category","embeddable":true,"href":"https:\/\/www.area-press.eu\/comunicatistampa\/wp-json\/wp\/v2\/categories?post=33486"},{"taxonomy":"post_tag","embeddable":true,"href":"https:\/\/www.area-press.eu\/comunicatistampa\/wp-json\/wp\/v2\/tags?post=33486"}],"curies":[{"name":"wp","href":"https:\/\/api.w.org\/{rel}","templated":true}]}}