{"id":33122,"date":"2018-07-09T03:34:10","date_gmt":"2018-07-09T01:34:10","guid":{"rendered":"http:\/\/www.area-press.eu\/comunicatistampa\/?p=33122"},"modified":"2018-07-09T03:34:10","modified_gmt":"2018-07-09T01:34:10","slug":"in-3000-per-il-congresso-dei-testimoni-di-geova-di-lingua-romena-sii-coraggioso","status":"publish","type":"post","link":"https:\/\/www.area-press.eu\/comunicatistampa\/2018\/07\/09\/in-3000-per-il-congresso-dei-testimoni-di-geova-di-lingua-romena-sii-coraggioso\/","title":{"rendered":"In 3000 per il Congresso dei Testimoni di Geova di lingua romena &#8220;Sii Coraggioso&#8221;"},"content":{"rendered":"<p>Domenica 8 luglio, si concludono i lavori del Congresso dei Testimoni di Geova riuniti a Cameri (NO) dal tema \u201cSii coraggioso!\u201d.<\/p>\n<p>&nbsp;<\/p>\n<p>Il coraggio non pu\u00f2 esistere dove non ci sia consapevolezza dei pericoli e deve essere di provata qualit\u00e0.<\/p>\n<p>&nbsp;<\/p>\n<p>Le parti svolte sinora hanno spiegato per quale ragione chi serve Dio ha bisogno di questa qualit\u00e0 e cosa pu\u00f2 indebolire o rafforzare il coraggio.<\/p>\n<p>&nbsp;<\/p>\n<p>Molto atteso e carico di emozioni il consueto appuntamento del battesimo in acqua dei 34 fedeli che, nella giornata di sabato, si sono pubblicamente uniti alle fila dei Testimoni di Geova.<\/p>\n<p>La sessione pomeridiana del sabato ha analizzato la lealt\u00e0 ed il coraggio di migliaia di Testimoni di Geova perseguitati, incarcerati e sottoposti ad autentici e crudeli tentativi di \u201cricondizionamento\u201d psicologico per il solo fatto di predicare, anche in paesi cristiani, gli stessi principi morali basilari \u201ccondivisi\u201d pubblicamente dalle stesse societ\u00e0 che li perseguitano.<\/p>\n<p>&nbsp;<\/p>\n<p>Domenica il programma sposter\u00e0 l\u2019attenzione su eventi che richiederanno coraggio ma che, nel contempo, offriranno motivo di speranza.<\/p>\n<p>Il tema del discorso pubblico del mattino <strong>\u201cLa speranza della risurrezione ci d\u00e0 coraggio\u201d<\/strong> spiegher\u00e0 perch\u00e9 nei vangeli Ges\u00f9, rivolgendosi ad un padre distrutto dal dolore per la perdita della figlia, disse: \u201c<em>Non avere paura<\/em>\u201d e come questo pu\u00f2 infondere speranza a chiunque soffra per la perdita dei suoi cari.<\/p>\n<p>Al pomeriggio verr\u00e0 trasmesso l\u2019atteso film dedicato alla figura di un profeta del passato che dovette imparare ad essere coraggioso in quanto ebbe paura di svolgere l\u2019incarico che gli era stato affidato: <strong>\u201cGiona.\u00a0Una storia sul coraggio e la misericordia\u201d<\/strong>.<\/p>\n<p>&nbsp;<\/p>\n<p>I Testimoni di Geova saranno felici di potere rispondere a domande su di loro o sulle loro credenze basate sulla Bibbia senza che questo debba ritenersi un impegno ad aderire al culto.<\/p>\n<p><a href=\"https:\/\/www.jw.org\/ro\/martorii-lui-iehova\/congrese\/relatarea-despre-iona-trailer\/\"><strong>TRAILER: RELATAREA DESPRE IONA \u2013 O LEC\u021aIE DE CURAJ \u0218I \u00ceNDURARE<\/strong><\/a><\/p>\n<p><strong>https:\/\/www.jw.org\/ro\/martorii-lui-iehova\/congrese\/relatarea-despre-iona-trailer\/<\/strong><\/p>\n<p>&nbsp;<\/p>\n<p>Contatto per i media<\/p>\n<p>Lombardia<\/p>\n<p>Ranieri Gianni<\/p>\n<p>Ph. 39+ 340.486.8576. Email: ranieri.gio67@gmail.com<\/p>\n","protected":false},"excerpt":{"rendered":"<p>Domenica 8 luglio, si concludono i lavori del Congresso dei Testimoni di Geova riuniti a Cameri (NO) dal tema \u201cSii coraggioso!\u201d. &nbsp; Il coraggio non pu\u00f2 esistere dove non ci sia consapevolezza dei pericoli e deve essere di provata qualit\u00e0. &nbsp; Le parti svolte sinora hanno spiegato per quale ragione chi serve Dio ha bisogno [&hellip;]<\/p>\n","protected":false},"author":3451,"featured_media":0,"comment_status":"open","ping_status":"open","sticky":false,"template":"","format":"standard","meta":{"footnotes":""},"categories":[29],"tags":[],"class_list":["post-33122","post","type-post","status-publish","format-standard","hentry","category-comunicati"],"_links":{"self":[{"href":"https:\/\/www.area-press.eu\/comunicatistampa\/wp-json\/wp\/v2\/posts\/33122","targetHints":{"allow":["GET"]}}],"collection":[{"href":"https:\/\/www.area-press.eu\/comunicatistampa\/wp-json\/wp\/v2\/posts"}],"about":[{"href":"https:\/\/www.area-press.eu\/comunicatistampa\/wp-json\/wp\/v2\/types\/post"}],"author":[{"embeddable":true,"href":"https:\/\/www.area-press.eu\/comunicatistampa\/wp-json\/wp\/v2\/users\/3451"}],"replies":[{"embeddable":true,"href":"https:\/\/www.area-press.eu\/comunicatistampa\/wp-json\/wp\/v2\/comments?post=33122"}],"version-history":[{"count":1,"href":"https:\/\/www.area-press.eu\/comunicatistampa\/wp-json\/wp\/v2\/posts\/33122\/revisions"}],"predecessor-version":[{"id":33123,"href":"https:\/\/www.area-press.eu\/comunicatistampa\/wp-json\/wp\/v2\/posts\/33122\/revisions\/33123"}],"wp:attachment":[{"href":"https:\/\/www.area-press.eu\/comunicatistampa\/wp-json\/wp\/v2\/media?parent=33122"}],"wp:term":[{"taxonomy":"category","embeddable":true,"href":"https:\/\/www.area-press.eu\/comunicatistampa\/wp-json\/wp\/v2\/categories?post=33122"},{"taxonomy":"post_tag","embeddable":true,"href":"https:\/\/www.area-press.eu\/comunicatistampa\/wp-json\/wp\/v2\/tags?post=33122"}],"curies":[{"name":"wp","href":"https:\/\/api.w.org\/{rel}","templated":true}]}}