{"id":33098,"date":"2018-07-06T17:25:14","date_gmt":"2018-07-06T15:25:14","guid":{"rendered":"http:\/\/www.area-press.eu\/comunicatistampa\/?p=33098"},"modified":"2018-07-06T17:25:14","modified_gmt":"2018-07-06T15:25:14","slug":"visitare-la-citta-di-cremona","status":"publish","type":"post","link":"https:\/\/www.area-press.eu\/comunicatistampa\/2018\/07\/06\/visitare-la-citta-di-cremona\/","title":{"rendered":"Visitare la citt\u00e0 di Cremona"},"content":{"rendered":"<p><img loading=\"lazy\" decoding=\"async\" class=\"aligncenter\" src=\"https:\/\/i1.wp.com\/www.teleradiopace.tv\/wp-content\/uploads\/2018\/02\/cremona.jpg?fit=1980%2C1477\" alt=\"\" width=\"787\" height=\"587\" \/><\/p>\n<p>Cremona \u00e8 una citt\u00e0 situata sulle pianure della meridionali della Lombardia, a Sud-Est di\u00a0<a href=\"https:\/\/translate.googleusercontent.com\/translate_c?depth=1&amp;hl=it&amp;prev=search&amp;rurl=translate.google.com&amp;sl=en&amp;sp=nmt4&amp;u=https:\/\/www.italythisway.com\/places\/milan.php&amp;xid=17259,15700023,15700043,15700124,15700149,15700168,15700186,15700191,15700201,15700208&amp;usg=ALkJrhhw88mZo3b4GEcYGV8EFhRbjbokdA\">Milano<\/a>\u00a0e sulla riva sinistra del Po, tra i fiumi Adda e Oglio. Gi\u00e0 al primo sguardo la citt\u00e0 rivela al visitatore la presenza di diversi tesori artistici, e una storia ricca di cultura e tradizioni.<\/p>\n<h2 style=\"text-align: center\">Visitare Cremona<\/h2>\n<p>Inizia la tua visita a Cremona partendo da Piazza del Comune, nel centro della citt\u00e0, dove puoi vedere <strong>la Torre dell&#8217;Orologio<\/strong>, chiamata Torrazzo. L&#8217;orologio \u00e8 del XVI secolo, ed \u00e8 un&#8217;opera d&#8217;arte incomparabile che segna non soltanto le ore, ma anche i giorni, le costellazioni, le fasi lunari e persino le eclissi.\u00a0\u00c8 importante prestare attenzione anche alla base del XIV secolo con i suoi tre archi, adornata con statue di Gano da Siena.<\/p>\n<p>Proprio di fronte al Duomo \u00e8 possibile vedere il <strong>Palazzo del Comune<\/strong> del XIII secolo, un tempo sede del Podest\u00e0 ghibellino e ampiamente ristrutturato nei secoli successivi. Lasciando la Piazza del Comune si pu\u00f2 visitare la vicina Piazza Roma, che \u00e8 pi\u00f9 recente e sicuramente diversa da Piazza del Comune, con i suoi numerosi negozi e gli edifici molto eleganti.<\/p>\n<p>Il momento clou della tua visita a Cremona sono i suoi numerosi palazzi storici e nobiliari.\u00a0Tra i pi\u00f9 importanti ricordiamo <strong>Palazzo Fodri<\/strong> con il suo stile rinascimentale, ricco di sculture e con un bel giardino giardino;\u00a0il Palazzo Stanga, costruito nel XVIII secolo in stile barocco;\u00a0il palazzo Raimondi-Belloni del XV secolo;\u00a0il palazzo di Cavalcab\u00f2;\u00a0e il Palazzo Affaitati, costruito nel 1561 e con la sua magnifica scalinata aggiunta pi\u00f9 tardi.<\/p>\n<p>Il Palazzo Affaitati \u00e8 anche sede del\u00a0<strong>Museo Civico<\/strong>\u00a0, che custodisce diversi manufatti romani, e anche <strong>un violino del famoso Antonio Stradivari<\/strong> che presenta ancora la sua vernice originale.\u00a0Potete vedere opere di molti importanti pittori qui come Bonifacio Bembo, Camillo Boccaccino, Galeazzo e Giulio Campi nonch\u00e8 altri membri della famiglia Campi (tutti erano pittori).<\/p>\n<h2 style=\"text-align: center\">Chiese di Cremona<\/h2>\n<p>Molte delle chiese di Cremona sono al tempo stesso delle eccezionali opere d&#8217;arte.\u00a0Tra le pi\u00f9 importanti troviamo<\/p>\n<ul>\n<li>la Chiesa di San Luca, con la sua facciata quattrocentesca;<\/li>\n<li>la chiesa di San Michele dell&#8217;XI secolo;<\/li>\n<li>la chiesa di Sant&#8217;Agostino del XIV secolo;<\/li>\n<li>la chiesa di San Vincenzo del XIII secolo;<\/li>\n<li>la chiesa di San Sigismondo del XII secolo &#8211; una splendida cattedrale in stile romanico.<\/li>\n<\/ul>\n<p>Per visitare Cremona in tutto il suo splendore, \u00e8 preferibile usufruire di un servizio di <a href=\"https:\/\/www.arncc.com\/noleggio-con-conducente-cremona\/\">noleggio con conducente Cremona<\/a> grazie al quale spostarsi rapidamente da un sito all\u2019altro, a bordo di mezzi comodi e confortevoli come quelli che Arncc mette a disposizione dei suoi clienti.<\/p>\n","protected":false},"excerpt":{"rendered":"<p>Cremona \u00e8 una citt\u00e0 situata sulle pianure della meridionali della Lombardia, a Sud-Est di\u00a0Milano\u00a0e sulla riva sinistra del Po, tra i fiumi Adda e Oglio. Gi\u00e0 al primo sguardo la citt\u00e0 rivela al visitatore la presenza di diversi tesori artistici, e una storia ricca di cultura e tradizioni. Visitare Cremona Inizia la tua visita a [&hellip;]<\/p>\n","protected":false},"author":11,"featured_media":0,"comment_status":"open","ping_status":"open","sticky":false,"template":"","format":"standard","meta":{"footnotes":""},"categories":[17],"tags":[],"class_list":["post-33098","post","type-post","status-publish","format-standard","hentry","category-turismo"],"_links":{"self":[{"href":"https:\/\/www.area-press.eu\/comunicatistampa\/wp-json\/wp\/v2\/posts\/33098","targetHints":{"allow":["GET"]}}],"collection":[{"href":"https:\/\/www.area-press.eu\/comunicatistampa\/wp-json\/wp\/v2\/posts"}],"about":[{"href":"https:\/\/www.area-press.eu\/comunicatistampa\/wp-json\/wp\/v2\/types\/post"}],"author":[{"embeddable":true,"href":"https:\/\/www.area-press.eu\/comunicatistampa\/wp-json\/wp\/v2\/users\/11"}],"replies":[{"embeddable":true,"href":"https:\/\/www.area-press.eu\/comunicatistampa\/wp-json\/wp\/v2\/comments?post=33098"}],"version-history":[{"count":2,"href":"https:\/\/www.area-press.eu\/comunicatistampa\/wp-json\/wp\/v2\/posts\/33098\/revisions"}],"predecessor-version":[{"id":33101,"href":"https:\/\/www.area-press.eu\/comunicatistampa\/wp-json\/wp\/v2\/posts\/33098\/revisions\/33101"}],"wp:attachment":[{"href":"https:\/\/www.area-press.eu\/comunicatistampa\/wp-json\/wp\/v2\/media?parent=33098"}],"wp:term":[{"taxonomy":"category","embeddable":true,"href":"https:\/\/www.area-press.eu\/comunicatistampa\/wp-json\/wp\/v2\/categories?post=33098"},{"taxonomy":"post_tag","embeddable":true,"href":"https:\/\/www.area-press.eu\/comunicatistampa\/wp-json\/wp\/v2\/tags?post=33098"}],"curies":[{"name":"wp","href":"https:\/\/api.w.org\/{rel}","templated":true}]}}